{"id":430,"count":1,"description":"","link":"https:\/\/cietsigubernamental.com\/blog\/tag\/programa-de-especializacion-en-direccion-y-gestion-de-proyectos-agiles-2025\/","name":"programa de especializaci\u00f3n en direcci\u00f3n y gesti\u00f3n de proyectos \u00e1giles 2025","slug":"programa-de-especializacion-en-direccion-y-gestion-de-proyectos-agiles-2025","taxonomy":"post_tag","meta":[],"_links":{"self":[{"href":"https:\/\/cietsigubernamental.com\/blog\/wp-json\/wp\/v2\/tags\/430","targetHints":{"allow":["GET"]}}],"collection":[{"href":"https:\/\/cietsigubernamental.com\/blog\/wp-json\/wp\/v2\/tags"}],"about":[{"href":"https:\/\/cietsigubernamental.com\/blog\/wp-json\/wp\/v2\/taxonomies\/post_tag"}],"wp:post_type":[{"href":"https:\/\/cietsigubernamental.com\/blog\/wp-json\/wp\/v2\/posts?tags=430"}],"curies":[{"name":"wp","href":"https:\/\/api.w.org\/{rel}","templated":true}]}}