{"id":351,"count":1,"description":"","link":"https:\/\/cietsigubernamental.com\/blog\/tag\/programa-de-especializacion-en-fibra-optica-y-tecnologia-gpon-2025\/","name":"programa de especializaci\u00f3n en fibra \u00f3ptica y tecnolog\u00eda gpon 2025","slug":"programa-de-especializacion-en-fibra-optica-y-tecnologia-gpon-2025","taxonomy":"post_tag","meta":[],"_links":{"self":[{"href":"https:\/\/cietsigubernamental.com\/blog\/wp-json\/wp\/v2\/tags\/351","targetHints":{"allow":["GET"]}}],"collection":[{"href":"https:\/\/cietsigubernamental.com\/blog\/wp-json\/wp\/v2\/tags"}],"about":[{"href":"https:\/\/cietsigubernamental.com\/blog\/wp-json\/wp\/v2\/taxonomies\/post_tag"}],"wp:post_type":[{"href":"https:\/\/cietsigubernamental.com\/blog\/wp-json\/wp\/v2\/posts?tags=351"}],"curies":[{"name":"wp","href":"https:\/\/api.w.org\/{rel}","templated":true}]}}