{"id":259,"count":1,"description":"","link":"https:\/\/cietsigubernamental.com\/blog\/tag\/capacitacion-en-administracion-publica-2025\/","name":"capacitaci\u00f3n en administraci\u00f3n p\u00fablica 2025","slug":"capacitacion-en-administracion-publica-2025","taxonomy":"post_tag","meta":[],"_links":{"self":[{"href":"https:\/\/cietsigubernamental.com\/blog\/wp-json\/wp\/v2\/tags\/259","targetHints":{"allow":["GET"]}}],"collection":[{"href":"https:\/\/cietsigubernamental.com\/blog\/wp-json\/wp\/v2\/tags"}],"about":[{"href":"https:\/\/cietsigubernamental.com\/blog\/wp-json\/wp\/v2\/taxonomies\/post_tag"}],"wp:post_type":[{"href":"https:\/\/cietsigubernamental.com\/blog\/wp-json\/wp\/v2\/posts?tags=259"}],"curies":[{"name":"wp","href":"https:\/\/api.w.org\/{rel}","templated":true}]}}