{"id":997,"date":"2019-08-10T02:20:23","date_gmt":"2019-08-10T02:20:23","guid":{"rendered":"http:\/\/cietsigubernamental.com\/blog\/?p=997"},"modified":"2019-08-10T02:20:34","modified_gmt":"2019-08-10T02:20:34","slug":"seminario-gratuito-macroregional-nuevo-sistema-nacional-de-abastecimiento-en-el-marco-de-la-modernizacion-del-estado-2019","status":"publish","type":"post","link":"https:\/\/cietsigubernamental.com\/blog\/seminario-gratuito-macroregional-nuevo-sistema-nacional-de-abastecimiento-en-el-marco-de-la-modernizacion-del-estado-2019-997\/","title":{"rendered":"SEMINARIO GRATUITO MACROREGIONAL NUEVO SISTEMA NACIONAL DE ABASTECIMIENTO EN EL MARCO DE LA MODERNIZACI\u00d3N DEL ESTADO 2019"},"content":{"rendered":"<p><strong>SEMINARIO GRATUITO MACROREGIONAL NUEVO SISTEMA NACIONAL DE ABASTECIMIENTO \u00abSNA\u00bb EN EL MARCO DE LA MODERNIZACI\u00d3N DEL ESTADO 2019<\/strong><\/p>\n<p><strong>\u00a0APLICACI\u00d3N DEL REGLAMENTO D.S. N\u00b0 217-2019-EF,\u00a0<\/strong><strong>PUBLICADO EL 15 DE JULIO 2019<\/strong><strong>\u00a0del D.L. N\u00b0 1439<\/strong><\/p>\n<p><em><strong>BIENVENIDOS A LA JORNADA DE ACTUALIZACI\u00d3N E INTEGRACI\u00d3N CIETSI<\/strong><\/em><\/p>\n<p><strong>MODALIDAD PRESENCIAL CHICLAYO Y PIURA:<\/strong><\/p>\n<p>Fechas: 31 de agosto y 1 de setiembre de 2019<\/p>\n<p><strong>PIURA:\u00a0<\/strong>s\u00e1bado 31 de agosto de 3:00pm a 8:00pm (Sesi\u00f3n 1)<\/p>\n<p><strong>CHICLAYO:\u00a0<\/strong>domingo\u00a01 de setiembre de 9:00am a 2:00pm (Sesi\u00f3n 2)<\/p>\n<p><strong>MODALIDAD VIRTUAL A NIVEL NACIONAL<\/strong><\/p>\n<p>Transmitiremos en vivo las clases presenciales y quedar\u00e1n grabadas en nuestro nuevo campus virtual Cietsi<\/p>\n<p><strong>Ponente:<\/strong>\u00a0ING. IVAN FLOREZ CHUMPITAZ (Especialista implementador SIGA MEF \u2013 Lima)<\/p>\n<p><strong>Para participar del SEMINARIO GRATUITO:<\/strong><\/p>\n<ul>\n<li>Dejar sus datos (<a href=\"https:\/\/docs.google.com\/forms\/d\/e\/1FAIpQLSdcM1k3Ea5SwgIhGT3yyK3t7QyuXygrvy3CFuIqfn6AJ_QtPw\/viewform\" target=\"_blank\" rel=\"noopener noreferrer\">Clic aqu\u00ed:\u00a0http:\/\/bit.ly\/SemSNA<\/a>) o en\u00a0<strong>PRE-INSCRIPCI\u00d3N<\/strong>\u00a0(Ubicar en la parte inferior de esta p\u00e1gina)<\/li>\n<li>Oficinas Cietsi: Av. S\u00e1enz Pe\u00f1a 615, Chiclayo; Av. Grau 220, 2do piso, Piura<\/li>\n<li>Tel\u00e9fonos: (074) 637020, (073) 630855<\/li>\n<li>Tambi\u00e9n puede enviarnos sus datos por Celular\/WhatsApp: 956272261, 968059963<\/li>\n<\/ul>\n<p><em><strong>ACCESO TOTALMENTE GRATUITO EN PRESENCIAL COMO EN VIRTUAL (CAMPUS VIRTUAL CIETSI) HASTA EL 1 DE SETIEMBRE DE 2019<\/strong><\/em><\/p>\n<div class=\"widget-title\">\n<h3>Dirigido<\/h3>\n<\/div>\n<p>+ El curso est\u00e1 dirigido a profesionales que trabajan o desean trabajar en instituciones de la administraci\u00f3n estatal (Ministerios, Gobiernos Regionales, Gobiernos Locales, Organismos Descentralizados, entre otros).<\/p>\n<p>+ A profesionales de empresas privadas que presentan iniciativas de inversi\u00f3n con car\u00e1cter de desarrollo social y aquellas que son proveedoras del estado.<\/p>\n<p>+ Tambi\u00e9n est\u00e1 dirigido a ejecutivos y consultores independientes que est\u00e9n interesados en brindar asesor\u00eda al sector p\u00fablico.<\/p>\n<p>+ Estudiantes y p\u00fablico en general.<\/p>\n<div class=\"widget-title\">\n<h3>Temario<\/h3>\n<\/div>\n<p><strong>D\u00cdA 1: PIURA 31 DE AGOSTO DE 2019 DE 3:00PM A 8:00PM<\/strong><\/p>\n<p><strong>3:00pm a 3:30pm<\/strong><\/p>\n<p>+ Modernizaci\u00f3n de los Sistemas Administrativos en el Sector P\u00fablico.<\/p>\n<p><strong>3:30pm a 6.00pm<\/strong><\/p>\n<p>+ Directivas que modernizan los sistemas Administrativos del Sector P\u00fablico.<\/p>\n<p>+ Impacto en el Sector Publico, sobre la gesti\u00f3n por Resultados.<\/p>\n<p>+ El Sistema de Abastecimiento y sus procesos de Modernizaci\u00f3n.<\/p>\n<p>+ Apreciaci\u00f3n sobre los componentes necesarios de la Modernizaci\u00f3n de los Sistemas Administrativos.<\/p>\n<p><strong>6:30pm a 6:45pm<\/strong><\/p>\n<p>DESCANSO.<\/p>\n<p><strong>6:46pm a 7:00p.m<\/strong><\/p>\n<p>+ Aplicaci\u00f3n del Sistema Integrado de Gesti\u00f3n Administrativa (SIGA), en los procesos log\u00edsticos y administrativos.<\/p>\n<p><strong>7:00pm a 7:45pm<\/strong><\/p>\n<p>+ La Programaci\u00f3n por Resultados y su articulaci\u00f3n con la Programaci\u00f3n Multianual.<\/p>\n<p>+ Articulaci\u00f3n del DL 1439 y el DL\u00a0 1440, Directivas de gesti\u00f3n Presupuestal.<\/p>\n<p>+ El Sistema Integrado de Gesti\u00f3n Administrativa (SIGA), en la gesti\u00f3n Administrativas, procesos y procedimientos articulados con las buenas practicas log\u00edstica.<\/p>\n<p><strong>7:45pm a 8:00pm<\/strong><\/p>\n<p>RONDA DE PREGUNTAS.<\/p>\n<p><strong>D\u00cdA 2: CHICLAYO 1 DE SETIEMBRE DE 2019 DE 9:00AM A 2:00PM<\/strong><\/p>\n<p><strong>9:00am a 9:30am<\/strong><\/p>\n<p>+ La Gesti\u00f3n de los Bienes Patrimoniales, con la aplicaci\u00f3n del DL 1439.<\/p>\n<p><strong>9:30am a 11.30am<\/strong><\/p>\n<p>+ El impacto en la implementaci\u00f3n del SIGA en los Gobiernos Nacionales, Regionales y Locales.<\/p>\n<p>+ El Catalogo \u00danico de bienes y Servicios, y su articulaci\u00f3n con los bienes nacionales.<\/p>\n<p>+ De qu\u00e9 manera se aplican las directivas internas en el proceso de control de Gesti\u00f3n Administrativa, en el marco de la Resoluci\u00f3n de Contralor\u00eda 320-2006.<\/p>\n<p>+ Normativas de Control y el proceso de actualizaci\u00f3n de los instructivos, lineamientos y gu\u00edas.<\/p>\n<p><strong>11:30am a 11:45am<\/strong><\/p>\n<p>DESCANSO<\/p>\n<p><strong>11:46am a 1:45pm<\/strong><\/p>\n<p>+ El Sistema Integrado de Gesti\u00f3n Administrativa (SIGA), en la gesti\u00f3n Administrativas, procesos y procedimientos.<\/p>\n<p>+ Articulados con la Gesti\u00f3n de Almacenaje y Distribuci\u00f3n de Bienes (Almac\u00e9n y Patrimonio).<\/p>\n<p>+ Conociendo el proceso de implementaci\u00f3n del Sistema Integrado de Gesti\u00f3n Administrativa (SIGA) en las instituciones del Estado.<\/p>\n<p><strong>01:45pm a 2:00pm<\/strong><\/p>\n<p>&nbsp;<\/p>\n<p>RONDA DE PREGUNTAS.<\/p>\n<p><strong>CERTIFICACI\u00d3N OPCIONAL<\/strong><\/p>\n<p><strong>PREVENTA (<\/strong><strong>Hasta el 30 de agosto de 2019<\/strong><strong>):<\/strong>\u00a0S\/. 50 Soles.<\/p>\n<p>Firmado por Centro de Altos Estudios Cietsi, equivalente a 40 horas lectivas.<\/p>\n<p>Nota: Puede reservar con el 50% la preventa y el saldo el mismo d\u00eda del evento.<\/p>\n<p><strong>NORMAL (A partir del 31 de agosto de 2019):<\/strong>\u00a0S\/ 80 Soles<\/p>\n<p>Firmado por Centro de Altos Estudios Cietsi, equivalente a 40 horas lectivas.<\/p>\n<p><strong>IMPORTANTE:\u00a0<\/strong>Puede tambi\u00e9n certificarse adicionando: S\/ 30 soles con el Colegio de Licenciados en Administraci\u00f3n Regi\u00f3n Lambayeque o S\/ 40 Soles con la Escuela de Posgrado de la Universidad Nacional de Trujillo<\/p>\n<p>INCLUYE MATERIAL DIGITAL \u201cGu\u00edas de Trabajo y Casos de Aplicaci\u00f3n del DL 1439 en el marco de la Gesti\u00f3n por Resultados\u201d y DVD, con Instalador del SIGA-MEF<\/p>\n<p><strong>\u00a1Capacidad Limitada en modalidad presencial y virtual!<\/strong><\/p>\n<p><em><strong>*Descuento del 5% en preventa y 10% en certificaci\u00f3n normal para nuestros clientes y embajadores<\/strong><\/em><\/p>\n<p><strong>FORMAS DE PAGO:<\/strong><\/p>\n<p>Oficina Chiclayo: Av. S\u00e1enz Pe\u00f1a 615 (Ref. altura con Calle Mar\u00eda Izaga)<\/p>\n<p>Oficina Piura: Av. Grau 220, 2do piso (Ref. altura con Jr. Arequipa)<\/p>\n<p>Tambi\u00e9n mediante las cuentas bancarias (<a href=\"http:\/\/cietsiperu.com\/forma-de-pago\" target=\"_blank\" rel=\"noopener noreferrer\">Clic aqu\u00ed<\/a>)<\/p>\n<p><strong>Informes y consultas:<\/strong><\/p>\n<ul>\n<li>Para reservar vacante deber\u00e1 registrarse (<a href=\"https:\/\/docs.google.com\/forms\/d\/e\/1FAIpQLSdcM1k3Ea5SwgIhGT3yyK3t7QyuXygrvy3CFuIqfn6AJ_QtPw\/viewform\" target=\"_blank\" rel=\"noopener noreferrer\">Clic aqu\u00ed)<\/a><\/li>\n<li>Chiclayo: Av. S\u00e1enz Pe\u00f1a 615 (Ref. altura con Calle Mar\u00eda Izaga) de lunes a s\u00e1bado de 9am a 1pm y de 4pm a 8pm<\/li>\n<li>Piura: Av. Grau 220, 2do piso (Ref. altura con Jr. Arequipa) de lunes a s\u00e1bado de 9am a 1pm y de 4pm a 8pm<\/li>\n<li>Tel\u00e9fonos: (074) 637020, (073) 630855, WhatsApp: 968059963, 956272261<\/li>\n<li>Email: informes@cietsiperu.com<\/li>\n<\/ul>\n","protected":false},"excerpt":{"rendered":"<div class=\"mh-excerpt\"><p>SEMINARIO GRATUITO MACROREGIONAL NUEVO SISTEMA NACIONAL DE ABASTECIMIENTO \u00abSNA\u00bb EN EL MARCO DE LA MODERNIZACI\u00d3N DEL ESTADO 2019 \u00a0APLICACI\u00d3N DEL REGLAMENTO D.S. N\u00b0 217-2019-EF,\u00a0PUBLICADO EL <a class=\"mh-excerpt-more\" href=\"https:\/\/cietsigubernamental.com\/blog\/seminario-gratuito-macroregional-nuevo-sistema-nacional-de-abastecimiento-en-el-marco-de-la-modernizacion-del-estado-2019-997\/\" title=\"SEMINARIO GRATUITO MACROREGIONAL NUEVO SISTEMA NACIONAL DE ABASTECIMIENTO EN EL MARCO DE LA MODERNIZACI\u00d3N DEL ESTADO 2019\">[&#8230;]<\/a><\/p>\n<\/div>","protected":false},"author":1,"featured_media":998,"comment_status":"open","ping_status":"open","sticky":false,"template":"","format":"standard","meta":{"jetpack_post_was_ever_published":false,"_jetpack_newsletter_access":"","_jetpack_dont_email_post_to_subs":false,"_jetpack_newsletter_tier_id":0,"_jetpack_memberships_contains_paywalled_content":false,"_jetpack_memberships_contains_paid_content":false,"footnotes":"","jetpack_publicize_message":"","jetpack_publicize_feature_enabled":true,"jetpack_social_post_already_shared":true,"jetpack_social_options":{"image_generator_settings":{"template":"highway","default_image_id":0,"font":"","enabled":false},"version":2}},"categories":[2,5,59,71,24,70,69,1,12],"tags":[],"class_list":["post-997","post","type-post","status-publish","format-standard","has-post-thumbnail","hentry","category-actualidad","category-cursos-talleres-cietsi","category-cursos-talleres-gratuitos","category-diplomados","category-gestion-publica","category-gubernamental","category-ingenierias","category-sin-categoria","category-tecnologias"],"jetpack_publicize_connections":[],"jetpack_featured_media_url":"https:\/\/i0.wp.com\/cietsigubernamental.com\/blog\/wp-content\/uploads\/2019\/08\/SEMINARIO-MACROREGIONAL-SISTEMA-NACIONAL-DE-ABASTECIMIENTO-2019-W2.jpg?fit=960%2C540&ssl=1","jetpack_sharing_enabled":true,"jetpack_shortlink":"https:\/\/wp.me\/p9RxCY-g5","jetpack-related-posts":[],"_links":{"self":[{"href":"https:\/\/cietsigubernamental.com\/blog\/wp-json\/wp\/v2\/posts\/997","targetHints":{"allow":["GET"]}}],"collection":[{"href":"https:\/\/cietsigubernamental.com\/blog\/wp-json\/wp\/v2\/posts"}],"about":[{"href":"https:\/\/cietsigubernamental.com\/blog\/wp-json\/wp\/v2\/types\/post"}],"author":[{"embeddable":true,"href":"https:\/\/cietsigubernamental.com\/blog\/wp-json\/wp\/v2\/users\/1"}],"replies":[{"embeddable":true,"href":"https:\/\/cietsigubernamental.com\/blog\/wp-json\/wp\/v2\/comments?post=997"}],"version-history":[{"count":1,"href":"https:\/\/cietsigubernamental.com\/blog\/wp-json\/wp\/v2\/posts\/997\/revisions"}],"predecessor-version":[{"id":999,"href":"https:\/\/cietsigubernamental.com\/blog\/wp-json\/wp\/v2\/posts\/997\/revisions\/999"}],"wp:featuredmedia":[{"embeddable":true,"href":"https:\/\/cietsigubernamental.com\/blog\/wp-json\/wp\/v2\/media\/998"}],"wp:attachment":[{"href":"https:\/\/cietsigubernamental.com\/blog\/wp-json\/wp\/v2\/media?parent=997"}],"wp:term":[{"taxonomy":"category","embeddable":true,"href":"https:\/\/cietsigubernamental.com\/blog\/wp-json\/wp\/v2\/categories?post=997"},{"taxonomy":"post_tag","embeddable":true,"href":"https:\/\/cietsigubernamental.com\/blog\/wp-json\/wp\/v2\/tags?post=997"}],"curies":[{"name":"wp","href":"https:\/\/api.w.org\/{rel}","templated":true}]}}