{"id":94,"date":"2015-08-03T15:26:05","date_gmt":"2015-08-03T15:26:05","guid":{"rendered":"http:\/\/cietsigubernamental.com\/blog\/?p=94"},"modified":"2015-08-03T15:26:05","modified_gmt":"2015-08-03T15:26:05","slug":"cesar-acuna-renunciara-a-gobernador-de-la-libertad-para-postular-a-la-presidencia","status":"publish","type":"post","link":"https:\/\/cietsigubernamental.com\/blog\/cesar-acuna-renunciara-a-gobernador-de-la-libertad-para-postular-a-la-presidencia-94\/","title":{"rendered":"C\u00e9sar Acu\u00f1a renunciar\u00e1 a gobernador de La Libertad para postular a la presidencia"},"content":{"rendered":"<p>El gobernador regional de La Libertad, C\u00e9sar Acu\u00f1a, anunci\u00f3 que el mi\u00e9rcoles 7 de octubre renunciar\u00e1 a su cargo para postular a la Presidencia de la Rep\u00fablica en las elecciones presidenciales del 2016.<\/p>\n<p>C\u00e9sar Acu\u00f1a, l\u00edder del partido Alianza para el Progreso, dijo que \u00abser\u00eda irresponsable\u00bb de su parte si no deja su puesto en La Libertad para \u00abser una alternativa\u00bb en los comicios de abril.<\/p>\n<p>\u00abYo voy a ser presidente, las encuestas me dan entre 6% y 7%; pero en todos estos 40 a\u00f1os que vengo votando, me he dado cuenta que los que van primeros en las encuestas nunca ganas. Cata\u00f1eda ten\u00eda 35% en el 2011, Toledo 40% y Ollanta 4%. \u00bfQui\u00e9n fue el presidente?\u00bb, declar\u00f3 en una visita a la sede de la Universidad C\u00e9sar Vallejo en San Mart\u00edn.<\/p>\n<p>Seg\u00fan recientes encuestas de intenci\u00f3n de voto de Ipsos y GfK, C\u00e9sar Acu\u00f1a se ubica en quinto lugar, con 4% y 3%, respectivamente.<\/p>\n<p>Fuente: <a href=\"http:\/\/semanaeconomica.com\">Semana Economica<\/a><\/p>\n","protected":false},"excerpt":{"rendered":"<div class=\"mh-excerpt\"><p>El gobernador regional de La Libertad, C\u00e9sar Acu\u00f1a, anunci\u00f3 que el mi\u00e9rcoles 7 de octubre renunciar\u00e1 a su cargo para postular a la Presidencia de <a class=\"mh-excerpt-more\" href=\"https:\/\/cietsigubernamental.com\/blog\/cesar-acuna-renunciara-a-gobernador-de-la-libertad-para-postular-a-la-presidencia-94\/\" title=\"C\u00e9sar Acu\u00f1a renunciar\u00e1 a gobernador de La Libertad para postular a la presidencia\">[&#8230;]<\/a><\/p>\n<\/div>","protected":false},"author":1,"featured_media":95,"comment_status":"open","ping_status":"open","sticky":false,"template":"","format":"standard","meta":{"jetpack_post_was_ever_published":false,"_jetpack_newsletter_access":"","_jetpack_dont_email_post_to_subs":false,"_jetpack_newsletter_tier_id":0,"_jetpack_memberships_contains_paywalled_content":false,"_jetpack_memberships_contains_paid_content":false,"footnotes":"","jetpack_publicize_message":"","jetpack_publicize_feature_enabled":true,"jetpack_social_post_already_shared":false,"jetpack_social_options":{"image_generator_settings":{"template":"highway","default_image_id":0,"font":"","enabled":false},"version":2}},"categories":[1],"tags":[23,21,22],"class_list":["post-94","post","type-post","status-publish","format-standard","has-post-thumbnail","hentry","category-sin-categoria","tag-cesar-acuna","tag-gobernador","tag-regional"],"jetpack_publicize_connections":[],"jetpack_featured_media_url":"https:\/\/i0.wp.com\/cietsigubernamental.com\/blog\/wp-content\/uploads\/2015\/08\/CESAR-ACU%C3%91A.jpg?fit=1500%2C1000&ssl=1","jetpack_sharing_enabled":true,"jetpack_shortlink":"https:\/\/wp.me\/p9RxCY-1w","jetpack-related-posts":[],"_links":{"self":[{"href":"https:\/\/cietsigubernamental.com\/blog\/wp-json\/wp\/v2\/posts\/94","targetHints":{"allow":["GET"]}}],"collection":[{"href":"https:\/\/cietsigubernamental.com\/blog\/wp-json\/wp\/v2\/posts"}],"about":[{"href":"https:\/\/cietsigubernamental.com\/blog\/wp-json\/wp\/v2\/types\/post"}],"author":[{"embeddable":true,"href":"https:\/\/cietsigubernamental.com\/blog\/wp-json\/wp\/v2\/users\/1"}],"replies":[{"embeddable":true,"href":"https:\/\/cietsigubernamental.com\/blog\/wp-json\/wp\/v2\/comments?post=94"}],"version-history":[{"count":2,"href":"https:\/\/cietsigubernamental.com\/blog\/wp-json\/wp\/v2\/posts\/94\/revisions"}],"predecessor-version":[{"id":97,"href":"https:\/\/cietsigubernamental.com\/blog\/wp-json\/wp\/v2\/posts\/94\/revisions\/97"}],"wp:featuredmedia":[{"embeddable":true,"href":"https:\/\/cietsigubernamental.com\/blog\/wp-json\/wp\/v2\/media\/95"}],"wp:attachment":[{"href":"https:\/\/cietsigubernamental.com\/blog\/wp-json\/wp\/v2\/media?parent=94"}],"wp:term":[{"taxonomy":"category","embeddable":true,"href":"https:\/\/cietsigubernamental.com\/blog\/wp-json\/wp\/v2\/categories?post=94"},{"taxonomy":"post_tag","embeddable":true,"href":"https:\/\/cietsigubernamental.com\/blog\/wp-json\/wp\/v2\/tags?post=94"}],"curies":[{"name":"wp","href":"https:\/\/api.w.org\/{rel}","templated":true}]}}