{"id":909,"date":"2019-05-16T17:43:31","date_gmt":"2019-05-16T17:43:31","guid":{"rendered":"https:\/\/cietsigubernamental.com\/blog\/?p=909"},"modified":"2019-05-18T20:45:30","modified_gmt":"2019-05-18T20:45:30","slug":"diplomado-gratuito-de-alta-especializacion-en-gestion-publica-regional-y-local-2019","status":"publish","type":"post","link":"https:\/\/cietsigubernamental.com\/blog\/diplomado-gratuito-de-alta-especializacion-en-gestion-publica-regional-y-local-2019-909\/","title":{"rendered":"DIPLOMADO GRATUITO DE ALTA ESPECIALIZACI\u00d3N EN GESTI\u00d3N P\u00daBLICA REGIONAL Y LOCAL 2019"},"content":{"rendered":"<p><strong><em>CLASES MAGISTRALES<\/em><\/strong><\/p>\n<p><strong>MODALIDAD PRESENCIAL PIURA<\/strong><\/p>\n<p><strong>Inicio:<\/strong>\u00a013 de julio de 2019<\/p>\n<p><strong>Fechas de clases:<\/strong>\u00a013, 14 julio; 10, 24 agosto; 14, 28 setiembre; 12, 26 octubre; 9 noviembre 2019<\/p>\n<p><strong>Horario:<\/strong>\u00a09:00am a 1:00pm y de 3:00pm a 6:00pm<\/p>\n<p><strong>Duraci\u00f3n:<\/strong>\u00a04 meses<\/p>\n<p><strong>MODALIDAD VIRTUAL A NIVEL NACIONAL<\/strong><\/p>\n<p>Transmitiremos en vivo las clases presenciales y quedar\u00e1n grabadas en nuestro nuevo\u00a0<a href=\"https:\/\/institutocietsi.com\/\" target=\"_blank\" rel=\"noopener\">campus virtual Cietsi<\/a><\/p>\n<p><strong>T\u00c9RMINOS Y CONDICIONES:<\/strong><\/p>\n<p>+ Inscripci\u00f3n (Matr\u00edcula): S\/ 100 Soles<\/p>\n<p>+ No se paga mensualidad (La gratuidad se refiere a la capacitaci\u00f3n)<\/p>\n<p>+ Certificaci\u00f3n opcional (Se puede cancelar hasta finalizar el diplomado)<\/p>\n<p><strong>IMPORTANTE:<\/strong><\/p>\n<p>+ Exoneramos la matr\u00edcula a nuestros clientes registrados hasta el 31 de mayo de 2019 (Requisito para exonerar la matr\u00edcula: haber culminado un diplomado y haberse certificado como diplomado)<\/p>\n<p>+ Para modalidad presencial se sortear\u00e1 30 vacantes (Fecha de sorteo 1 de julio de 2019 a horas 12:00pm v\u00eda\u00a0<a href=\"https:\/\/www.facebook.com\/cietsiperu\/\" target=\"_blank\" rel=\"noopener\">Facebook Live CIETSI PER\u00da<\/a>). En caso no se encuentre dentro de los ganadores presenciales, pasar\u00e1 autom\u00e1ticamente a virtual<\/p>\n<p><strong>Para participar del DIPLOMADO:<\/strong><\/p>\n<p>Llenar el formulario (<a href=\"https:\/\/docs.google.com\/forms\/d\/e\/1FAIpQLSfWbEwcajGSN6EZdu-jI6dN0W-pBjAIBpqUgIcQSzEOtM7-pw\/viewform\" target=\"_blank\" rel=\"noopener\">Clic aqu\u00ed:\u00a0http:\/\/bit.ly\/fDipGestionPublica2019<\/a>)<\/p>\n<p><strong>Tambi\u00e9n puede registrarse en:<\/strong><\/p>\n<p>+ Oficinas Cietsi: Av. S\u00e1enz Pe\u00f1a 615, Chiclayo; Av. Grau 220, 2do piso, Piura<\/p>\n<p>+ Tel\u00e9fonos: (074) 637020, (073) 630855<\/p>\n<p>+ Celular\/WhatsApp: 956272261, 968059963<\/p>\n<div class=\"widget-title\">\n<h3>Dirigido<\/h3>\n<\/div>\n<p>+ Autoridades, funcionarios, administradores, ingenieros, abogados, economistas, contadores, l\u00edderes pol\u00edticos, candidatos a puestos del sector p\u00fablico.<\/p>\n<p>+ Gerentes y administrativos de organizaciones no gubernamentales.<\/p>\n<p>+ Empresarios que interact\u00faan con el estado.<\/p>\n<p>+ Estudiantes y p\u00fablico en general que deseen desarrollar sus capacidades en el \u00e1mbito de la gesti\u00f3n y gerencia p\u00fablica.<\/p>\n<div class=\"widget-title\">\n<h3>Objetivos<\/h3>\n<\/div>\n<p>Desarrollar capacidades en los participantes en aspectos vinculados al quehacer de la gesti\u00f3n p\u00fablica desde el papel del Estado y su Modernizaci\u00f3n, con\u00a0<strong>\u00e9nfasis en los gobiernos regionales y locales<\/strong>; considerando los elementos dispuestos en la\u00a0<strong>nueva gerencia p\u00fablica<\/strong>, la gesti\u00f3n por resultados, el valor p\u00fablico y de manera espec\u00edfica la interrelaci\u00f3n con la gesti\u00f3n de procesos para el caso de lo municipal y gobierno regional, en base a lo dispuesto en la pol\u00edtica nacional de modernizaci\u00f3n de la gesti\u00f3n p\u00fablica y las consideraciones para incorporar los aspectos vinculados a los sistemas administrativos en dicho contexto de gesti\u00f3n p\u00fablica; afianzando con ello los conocimientos y habilidades logradas para interrelacionar la gesti\u00f3n sustantiva institucional de los gobiernos regionales y las municipalidades distritales y provinciales, alineados a los respectivos objetivos y fines que se correspondan con la atenci\u00f3n del Estado proporciona al ciudadano y la sociedad, en las jurisdicciones territoriales distritales, provinciales y regionales.<\/p>\n<h3>Estructura Curricular<\/h3>\n<p>CURSO 1: POL\u00cdTICA NACIONAL DE MODERNIZACI\u00d3N DE LA GESTI\u00d3N P\u00daBLICA<br \/>\nCURSO 2: PLANEAMIENTO ESTRAT\u00c9GICO EN EL \u00c1MBITO DE GOBIERNO REGIONAL Y LOCAL<br \/>\nCURSO 3: PRESUPUESTO POR RESULTADOS CON ARTICULACI\u00d3N TERRITORIAL<br \/>\nCURSO 4: GESTI\u00d3N POR PROCESOS PARA LA MEJORA DE SERVICIOS P\u00daBLICOS<br \/>\nCURSO 5: LA GESTI\u00d3N DE LOS RECURSOS HUMANOS EN EL SECTOR P\u00daBLICO: LEY SERVIR<br \/>\nCURSO 6: GESTI\u00d3N DE LAS CONTRATACIONES DEL ESTADO A NIVEL REGIONAL Y LOCAL<br \/>\nCURSO 7: EL SISTEMA NACIONAL DE PROGRAMACI\u00d3N MULTIANUAL Y GESTI\u00d3N DE INVERSIONES Y LOS PROYECTOS DE INVERSI\u00d3N P\u00daBLICA<br \/>\nCURSO 8: EL SISTEMA NACIONAL DE CONTROL Y AUDITOR\u00cdA GUBERNAMENTAL<br \/>\nCURSO 9: GESTI\u00d3N DE PRESUPUESTO P\u00daBLICO<\/p>\n<h3>Ponentes<\/h3>\n<p>JUAN CARLOS PASCO HERRERA (Magister en Gesti\u00f3n y Pol\u00edticas P\u00fablicas por la Universidad de Chile e Ingeniero Industrial y de Sistemas por la Universidad de Piura &#8211; Per\u00fa. Director Ejecutivo de Transparencia y Anticorrupci\u00f3n del Ministerio de Salud)<br \/>\nMARTHA ZULY VICENTE CASTRO (Soci\u00f3loga (PUCP), Magister en Ciencias Sociales por la Facultad Latinoamericana de Ciencias Sociales FLACSO \u2013 Sede M\u00e9xico. Jefa de la Oficina de Planeamiento e Inversiones de la Oficina General de Planeamiento, Presupuesto y Modernizaci\u00f3n del Ministerio de Desarrollo e Inclusi\u00f3n)<br \/>\nROSARIO ZAVALETA MEZA (Economista de la Universidad Particular Inca Garcilaso de la Vega, con Maestr\u00eda Internacional en Hacienda P\u00fablica y Administraci\u00f3n Financiera en Espa\u00f1a. Funcionaria en el Ministerio de Econom\u00eda y Finanzas)<br \/>\nVLADO CASTA\u00d1EDA GONZALES (Ingeniero Civil, Master en Estudios Pol\u00edticos Aplicados en la Fundaci\u00f3n Internacional y para Iberoam\u00e9rica de Administraci\u00f3n y Pol\u00edticas P\u00fablicas \u2013 FIIAPP, de Espa\u00f1a. Asesor del Ministerio de Salud)<br \/>\nJOS\u00c9 ESPINAL SANTE (Mag\u00edster en Gesti\u00f3n P\u00fablica, Especialista en administraci\u00f3n P\u00fablica-Escuela Superior de Administraci\u00f3n P\u00fablica. Experiencia Docente: Escuela de Postgrado de la Universidad Nacional Jos\u00e9 Faustino S\u00e1nchez Carri\u00f3n, Instituto de Gobierno y Gesti\u00f3n P\u00fablica de la Universidad San Mart\u00edn de Porres, Escuela Nacional de Control, Centro de Altos Estudios Nacionales, Docente a nivel nacional)<br \/>\nSANDRO PIERO HERN\u00c1NDEZ DIEZ (Magister en Ciencias Pol\u00edticas con menci\u00f3n en Gerencia P\u00fablica, especialista en Derecho Administrativo, Pontificia Universidad Cat\u00f3lica del Per\u00fa. Experiencia laboral en el Organismo Supervisor de las Contrataciones del Estado &#8211; OSCE desde Sep. 2014 Director T\u00e9cnico Normativo)<br \/>\nENRIQUE ALBERTO QUISPE CHAVEZ (Economista colegiado egresado de la Facultad de Ciencias Econ\u00f3micas de la UNMSM. Responsable de la Oficina de Programaci\u00f3n e Inversiones \u2013 OPI del MINISTERIO DE DESARROLLO E INCLUSI\u00d3N SOCIAL \u2013 MIDIS, OFICINA GENERAL DE PLANEAMIENTO Y PRESUPUESTO \u2013 OGPP. Docente de la Escuela Nacional de Administraci\u00f3n P\u00fablica \u2013 ENAP SERVIR, Universidad ESAN, Universidad Nacional de ingenier\u00eda, Pontificia Universidad Cat\u00f3lica del Per\u00fa)<br \/>\nESPERANZA MARLENE ZAPATA CARNAQU\u00c9 (Doctora en Planificaci\u00f3n y Gesti\u00f3n. Maestra en Ciencias Econ\u00f3micas con menci\u00f3n en Administraci\u00f3n de Negocios. Segundo t\u00edtulo profesional de Especialista en Administraci\u00f3n P\u00fablica. Licenciada en Administraci\u00f3n. Gerente P\u00fablico \u2013 Cuerpo de Gerentes P\u00fablicos de la Autoridad Nacional del Servicio Civil SERVIR).<\/p>\n<p><strong>CERTIFICACI\u00d3N OPCIONAL<\/strong><\/p>\n<p><strong>CERTIFICACI\u00d3N COMO DIPLOMADO:<\/strong><\/p>\n<p><strong>OPCI\u00d3N 1:<\/strong><\/p>\n<p>A nombre del Colegio de Licenciados en Administraci\u00f3n Regi\u00f3n Lambayeque y nuestra instituci\u00f3n CENTRO DE ALTOS ESTUDIOS CIETSI\u00a0 [440 horas acad\u00e9micas \u2013 27.5 cr\u00e9ditos]: S\/ 350 Soles.<\/p>\n<p><strong>OPCI\u00d3N 2:<\/strong><\/p>\n<p>A nombre de la Escuela de Posgrado de la UNIVERSIDAD NACIONAL DE TRUJILLO y nuestra instituci\u00f3n CENTRO DE ALTOS ESTUDIOS CIETSI\u00a0 [440 horas acad\u00e9micas \u2013 27.5 cr\u00e9ditos]: S\/ 350 Soles.<\/p>\n<p><strong>CERTIFICACI\u00d3N COMO CURSOS ESPECIALIZADOS PARA PARTICIPANTES DEL DIPLOMADO (TOTAL 9 CURSOS):<\/strong>S\/ 50 Soles (A nombre del Centro de Altos Estudios Cietsi equivalente a 50 horas lectivas\u2013 3 cr\u00e9ditos)<\/p>\n<p>+ En caso desee certificarse de forma modular por el Colegio de Licenciados en Administraci\u00f3n Regi\u00f3n Lambayeque o por el Colegio de Contadores P\u00fablicos de Lambayeque: S\/ 80 Soles.<\/p>\n<p><strong>PROMOCI\u00d3N PRONTO PAGO:<\/strong><\/p>\n<p>Si cancelas tu matr\u00edcula y la certificaci\u00f3n como diplomado por adelantado, te incluye los 9 certificados modulares firmados por Cietsi: S\/ 450 Soles.<\/p>\n<p><strong>NOTA:<\/strong><\/p>\n<p>Las certificaciones son opcionales y usted puede elegir certificarse como DIPLOMADO y\/o cada m\u00f3dulo como CURSO ESPECIALIZADO, el pago lo puedes hacer hasta finalizar el diplomado.<\/p>\n<p><strong>FORMAS DE PAGO:<\/strong><\/p>\n<p>Oficina Chiclayo: Av. S\u00e1enz Pe\u00f1a 615 (Ref. altura con Calle Mar\u00eda Izaga) [Atenci\u00f3n de lunes a s\u00e1bado de 9am a 1pm y de 4pm a 8pm]<\/p>\n<p>Oficina Piura: Av. Grau 220, 2do piso (Ref. altura con Jr. Arequipa) [Atenci\u00f3n de lunes a s\u00e1bado de 9am a 1pm y de 4pm a 8pm] o mediante las\u00a0Cuentas bancarias (<a href=\"http:\/\/cietsiperu.com\/forma-de-pago\" target=\"_blank\" rel=\"noopener\">Clic aqu\u00ed<\/a>).<\/p>\n","protected":false},"excerpt":{"rendered":"<div class=\"mh-excerpt\"><p>CLASES MAGISTRALES MODALIDAD PRESENCIAL PIURA Inicio:\u00a013 de julio de 2019 Fechas de clases:\u00a013, 14 julio; 10, 24 agosto; 14, 28 setiembre; 12, 26 octubre; 9 <a class=\"mh-excerpt-more\" href=\"https:\/\/cietsigubernamental.com\/blog\/diplomado-gratuito-de-alta-especializacion-en-gestion-publica-regional-y-local-2019-909\/\" title=\"DIPLOMADO GRATUITO DE ALTA ESPECIALIZACI\u00d3N EN GESTI\u00d3N P\u00daBLICA REGIONAL Y LOCAL 2019\">[&#8230;]<\/a><\/p>\n<\/div>","protected":false},"author":1,"featured_media":913,"comment_status":"open","ping_status":"open","sticky":false,"template":"","format":"standard","meta":{"jetpack_post_was_ever_published":false,"_jetpack_newsletter_access":"","_jetpack_dont_email_post_to_subs":false,"_jetpack_newsletter_tier_id":0,"_jetpack_memberships_contains_paywalled_content":false,"_jetpack_memberships_contains_paid_content":false,"footnotes":"","jetpack_publicize_message":"","jetpack_publicize_feature_enabled":true,"jetpack_social_post_already_shared":true,"jetpack_social_options":{"image_generator_settings":{"template":"highway","default_image_id":0,"font":"","enabled":false},"version":2}},"categories":[2,71,24,70,69],"tags":[],"class_list":["post-909","post","type-post","status-publish","format-standard","has-post-thumbnail","hentry","category-actualidad","category-diplomados","category-gestion-publica","category-gubernamental","category-ingenierias"],"jetpack_publicize_connections":[],"jetpack_featured_media_url":"https:\/\/i0.wp.com\/cietsigubernamental.com\/blog\/wp-content\/uploads\/2019\/05\/GESTION-PUBLICA-2019-W1-1.jpg?fit=961%2C541&ssl=1","jetpack_sharing_enabled":true,"jetpack_shortlink":"https:\/\/wp.me\/p9RxCY-eF","jetpack-related-posts":[],"_links":{"self":[{"href":"https:\/\/cietsigubernamental.com\/blog\/wp-json\/wp\/v2\/posts\/909","targetHints":{"allow":["GET"]}}],"collection":[{"href":"https:\/\/cietsigubernamental.com\/blog\/wp-json\/wp\/v2\/posts"}],"about":[{"href":"https:\/\/cietsigubernamental.com\/blog\/wp-json\/wp\/v2\/types\/post"}],"author":[{"embeddable":true,"href":"https:\/\/cietsigubernamental.com\/blog\/wp-json\/wp\/v2\/users\/1"}],"replies":[{"embeddable":true,"href":"https:\/\/cietsigubernamental.com\/blog\/wp-json\/wp\/v2\/comments?post=909"}],"version-history":[{"count":3,"href":"https:\/\/cietsigubernamental.com\/blog\/wp-json\/wp\/v2\/posts\/909\/revisions"}],"predecessor-version":[{"id":915,"href":"https:\/\/cietsigubernamental.com\/blog\/wp-json\/wp\/v2\/posts\/909\/revisions\/915"}],"wp:featuredmedia":[{"embeddable":true,"href":"https:\/\/cietsigubernamental.com\/blog\/wp-json\/wp\/v2\/media\/913"}],"wp:attachment":[{"href":"https:\/\/cietsigubernamental.com\/blog\/wp-json\/wp\/v2\/media?parent=909"}],"wp:term":[{"taxonomy":"category","embeddable":true,"href":"https:\/\/cietsigubernamental.com\/blog\/wp-json\/wp\/v2\/categories?post=909"},{"taxonomy":"post_tag","embeddable":true,"href":"https:\/\/cietsigubernamental.com\/blog\/wp-json\/wp\/v2\/tags?post=909"}],"curies":[{"name":"wp","href":"https:\/\/api.w.org\/{rel}","templated":true}]}}