{"id":868,"date":"2019-02-05T20:45:57","date_gmt":"2019-02-05T20:45:57","guid":{"rendered":"https:\/\/cietsigubernamental.com\/blog\/?p=868"},"modified":"2019-02-05T20:45:57","modified_gmt":"2019-02-05T20:45:57","slug":"curso-taller-redaccion-administrativa-2019-nuevo-2da-edicion","status":"publish","type":"post","link":"https:\/\/cietsigubernamental.com\/blog\/curso-taller-redaccion-administrativa-2019-nuevo-2da-edicion-868\/","title":{"rendered":"CURSO TALLER REDACCI\u00d3N ADMINISTRATIVA 2019 (NUEVO) &#8211; 2DA EDICI\u00d3N"},"content":{"rendered":"<h2 class=\"bigtitle\">CURSO TALLER REDACCI\u00d3N ADMINISTRATIVA 2019 (NUEVO) &#8211; 2DA EDICI\u00d3N<\/h2>\n<p><strong>MODALIDAD PRESENCIAL CHICLAYO Y VIRTUAL ONLINE<\/strong><\/p>\n<p>Fechas: 19, 21, 26 y 28 de febrero de 2019<\/p>\n<p>Horario: martes y jueves de 6:00pm a 9:00pm<\/p>\n<p>Lugar: Av. S\u00e1enz Pe\u00f1a 615, Chiclayo (Altura con Calle Mar\u00eda Izaga)<\/p>\n<p><strong>MODALIDAD VIRTUAL:\u00a0<\/strong>Online (Transmisi\u00f3n en vivo) y OFFLINE (Accede a grabaci\u00f3n, sin fecha de caducidad): Nuevo campus virtual Cietsi<\/p>\n<p><strong>Para participar del CURSO:<\/strong><\/p>\n<ul>\n<li>Dejar sus datos (<a href=\"https:\/\/docs.google.com\/forms\/d\/e\/1FAIpQLScRDg2NNiPbr-EtNdSruzvOzJaJZhoNRgnitewMVstA92Ljpw\/viewform\" target=\"_blank\" rel=\"noopener\">Clic aqu\u00ed<\/a>)\u00a0o en PRE INSCRIPCI\u00d3N (Ubicar en la parte inferior de esta p\u00e1gina)<\/li>\n<li>Oficinas Cietsi: Av. S\u00e1enz Pe\u00f1a 615, Chiclayo; Av. Grau 220, 2do piso, Piura<\/li>\n<li>Tel\u00e9fonos: (074) 637020, (073) 630855<\/li>\n<li>Tambi\u00e9n puede enviarnos sus datos por WhatsApp: 956272261, 968059963<\/li>\n<\/ul>\n<p><em><strong>\u00a1ACCEDE A PREVENTA Y OBTEN DESCUENTOS!<\/strong><\/em><\/p>\n<div class=\"widget-title\">\n<h3>Dirigido<\/h3>\n<\/div>\n<p>+ Dirigido a colaboradores administrativos de empresas p\u00fablicas y privadas, as\u00ed como estudiantes de educaci\u00f3n superior y profesionales interesados en mejorar su competencia comunicativa escrita.<\/p>\n<div class=\"widget-title\">\n<h3>Aprendizaje<\/h3>\n<\/div>\n<p>Una de las competencias laborales que deben demostrar los colaboradores dentro del mundo empresarial, es sin lugar a dudas, el de la comunicaci\u00f3n efectiva, la misma que se transmite de forma oral y escrita. De ah\u00ed que la competencia comunicativa escrita requiere del conocimiento de diversos recursos ling\u00fc\u00edsticos y ortogr\u00e1ficos, as\u00ed como la capacidad para redactar, con coherencia y cohesi\u00f3n, documentos de gesti\u00f3n administrativa, que permita a los colaboradores comunicarse de manera efectiva en el entorno laboral. En tal sentido, el Centro de Altos Estudios CIETSI pone a disposici\u00f3n de la comunidad el\u00a0<strong>CURSO TALLER \u201cREDACCI\u00d3N ADMINISTRATIVA\u201d<\/strong>, a realizarse en la ciudad de Chiclayo los d\u00edas 19, 21, 26 y 28 de febrero de 2019.<\/p>\n<p>El Curso Taller \u201cRedacci\u00f3n Administrativa\u201d combina la dimensi\u00f3n normativa y textual con el enfoque pr\u00e1ctico que requiere la naturaleza de los contenidos y procedimientos a desarrollar y aprender. Asimismo, se aplicar\u00e1 una pr\u00e1ctica al t\u00e9rmino de cada bloque tem\u00e1tico, a trav\u00e9s del campus virtual de CIETSI.<\/p>\n<div class=\"widget-title\">\n<h3>\u00a0Temario<\/h3>\n<\/div>\n<p><strong>TALLER I: Competencia ortogr\u00e1fica y l\u00e9xica<\/strong><\/p>\n<p>+ Acentuaci\u00f3n general, diacr\u00edtica y enf\u00e1tica.<\/p>\n<p>+ Uso de may\u00fasculas.<\/p>\n<p>+ Signos de puntuaci\u00f3n.<\/p>\n<p>+ Uso de graf\u00edas.<\/p>\n<p><strong>TALLER II: Coherencia y cohesi\u00f3n textual<\/strong><\/p>\n<p>+ Vicios idiom\u00e1ticos.<\/p>\n<p>+\u00a0Referentes textuales: an\u00e1fora, cat\u00e1fora y elipsis.<\/p>\n<p>+\u00a0Conectores l\u00f3gicos.<\/p>\n<p><strong>TALLER III: Documentos de gesti\u00f3n administrativa \u2013 Parte I<\/strong><\/p>\n<p>+ Memor\u00e1ndum.<\/p>\n<p>+\u00a0Solicitud.<\/p>\n<p>+\u00a0Correo electr\u00f3nico.<\/p>\n<p><strong>TALLER IV: Documentos de gesti\u00f3n administrativa \u2013 Parte II<\/strong><\/p>\n<p>+ Oficio.<\/p>\n<p>+\u00a0Informe administrativo.<\/p>\n<div class=\"widget-title\">\n<h3>Ponentes<\/h3>\n<\/div>\n<p>JES\u00daS ALBERTO PAIBA SAMAM\u00c9<\/p>\n<p>Licenciado en Educaci\u00f3n, Especialidad de Lengua y Literatura por la Universidad Nacional \u201cPedro Ruiz Gallo\u201d de Lambayeque. Posee una Maestr\u00eda en Educaci\u00f3n con menci\u00f3n en Did\u00e1ctica de la Educaci\u00f3n Superior por la Universidad Privada \u201cAntenor Orrego\u201d de Trujillo. Asimismo, ostenta una Segunda Especialidad en Formaci\u00f3n Magisterial por la Pontificia Universidad Cat\u00f3lica del Per\u00fa y Diplomado en Recursos Humanos por la Escuela de Empresarios ZEGELIPAE (Sede Chiclayo). Cabe resaltar que Jes\u00fas Paiba Samam\u00e9 es colaborador articulista, desde el 2007, del suplemento cultural \u201cDominical\u201d del diario \u201cLa Industria\u201d de Chiclayo y de la Revista Virtual \u201cVitrina Chiclayo\u201d. Actualmente, ejerce la docencia universitaria en la Universidad Tecnol\u00f3gica del Per\u00fa, en la Escuela de Empresarios ZEGELIPAE y Escuela CUMBRE. Cuenta con m\u00e1s de 5 a\u00f1os de experiencia como consultor acad\u00e9mico y capacitador empresarial, en temas relacionados con la Comunicaci\u00f3n Personal, Organizacional y Gesti\u00f3n del Talento Humano.<\/p>\n<div class=\"widget-title\">\n<h3>\u00a0Inversi\u00f3n<\/h3>\n<\/div>\n<p><strong>PREVENTA [Del 28 de enero al 16 de febrero de 2019 o hasta cubrir vacantes]<\/strong><\/p>\n<p>+ Modalidad presencial y virtual: S\/ 60 soles<\/p>\n<p><strong>INVERSI\u00d3N NORMAL:<\/strong><\/p>\n<p>+ Modalidad presencial y virtual: S\/ 100 soles<\/p>\n<p><strong>NOTA:<\/strong><\/p>\n<ul>\n<li>Descuento del 20% para embajadores, convenios y descuento 10% para estudiantes y egresados Cietsi y corporativo (3 participantes m\u00ednimo). NO APLICA en PREVENTA. Aplica en inversi\u00f3n normal.<\/li>\n<li>Incluye certificado firmado por Centro de Altos Estudios Cietsi<\/li>\n<li>Opcional: Certificaci\u00f3n firmado por Colegio de Licenciados en Administraci\u00f3n Regi\u00f3n Lambayeque y Centro de Altos Estudios CIETSI S\/ 30 Soles.<\/li>\n<\/ul>\n<p><em><strong>\u00a1Capacidad Limitada en modalidad presencial!<\/strong><\/em><\/p>\n<p><em><strong>\u00a1Reserva tu vacante y asegura tu lugar!<\/strong><\/em><\/p>\n<p><strong>FORMAS DE PAGO:<\/strong><\/p>\n<p>Oficina Chiclayo: Av. S\u00e1enz Pe\u00f1a 615 (Ref. altura con Calle Mar\u00eda Izaga)<\/p>\n<p>Oficina Piura: Av. Grau 220, 2do piso (Ref. altura con Jr. Arequipa)<\/p>\n<p>Tambi\u00e9n mediante las <a href=\"http:\/\/cietsiperu.com\/forma-de-pago\" target=\"_blank\" rel=\"noopener\">cuentas bancarias<\/a>.<\/p>\n","protected":false},"excerpt":{"rendered":"<div class=\"mh-excerpt\"><p>CURSO TALLER REDACCI\u00d3N ADMINISTRATIVA 2019 (NUEVO) &#8211; 2DA EDICI\u00d3N MODALIDAD PRESENCIAL CHICLAYO Y VIRTUAL ONLINE Fechas: 19, 21, 26 y 28 de febrero de 2019 <a class=\"mh-excerpt-more\" href=\"https:\/\/cietsigubernamental.com\/blog\/curso-taller-redaccion-administrativa-2019-nuevo-2da-edicion-868\/\" title=\"CURSO TALLER REDACCI\u00d3N ADMINISTRATIVA 2019 (NUEVO) &#8211; 2DA EDICI\u00d3N\">[&#8230;]<\/a><\/p>\n<\/div>","protected":false},"author":1,"featured_media":869,"comment_status":"open","ping_status":"open","sticky":false,"template":"","format":"standard","meta":{"jetpack_post_was_ever_published":false,"_jetpack_newsletter_access":"","_jetpack_dont_email_post_to_subs":false,"_jetpack_newsletter_tier_id":0,"_jetpack_memberships_contains_paywalled_content":false,"_jetpack_memberships_contains_paid_content":false,"footnotes":"","jetpack_publicize_message":"","jetpack_publicize_feature_enabled":true,"jetpack_social_post_already_shared":true,"jetpack_social_options":{"image_generator_settings":{"template":"highway","default_image_id":0,"font":"","enabled":false},"version":2}},"categories":[5,59,24,70,1],"tags":[],"class_list":["post-868","post","type-post","status-publish","format-standard","has-post-thumbnail","hentry","category-cursos-talleres-cietsi","category-cursos-talleres-gratuitos","category-gestion-publica","category-gubernamental","category-sin-categoria"],"jetpack_publicize_connections":[],"jetpack_featured_media_url":"https:\/\/i0.wp.com\/cietsigubernamental.com\/blog\/wp-content\/uploads\/2019\/02\/CURSO-REDACCI%C3%93N-FB.png?fit=1765%2C1686&ssl=1","jetpack_sharing_enabled":true,"jetpack_shortlink":"https:\/\/wp.me\/p9RxCY-e0","jetpack-related-posts":[],"_links":{"self":[{"href":"https:\/\/cietsigubernamental.com\/blog\/wp-json\/wp\/v2\/posts\/868","targetHints":{"allow":["GET"]}}],"collection":[{"href":"https:\/\/cietsigubernamental.com\/blog\/wp-json\/wp\/v2\/posts"}],"about":[{"href":"https:\/\/cietsigubernamental.com\/blog\/wp-json\/wp\/v2\/types\/post"}],"author":[{"embeddable":true,"href":"https:\/\/cietsigubernamental.com\/blog\/wp-json\/wp\/v2\/users\/1"}],"replies":[{"embeddable":true,"href":"https:\/\/cietsigubernamental.com\/blog\/wp-json\/wp\/v2\/comments?post=868"}],"version-history":[{"count":1,"href":"https:\/\/cietsigubernamental.com\/blog\/wp-json\/wp\/v2\/posts\/868\/revisions"}],"predecessor-version":[{"id":870,"href":"https:\/\/cietsigubernamental.com\/blog\/wp-json\/wp\/v2\/posts\/868\/revisions\/870"}],"wp:featuredmedia":[{"embeddable":true,"href":"https:\/\/cietsigubernamental.com\/blog\/wp-json\/wp\/v2\/media\/869"}],"wp:attachment":[{"href":"https:\/\/cietsigubernamental.com\/blog\/wp-json\/wp\/v2\/media?parent=868"}],"wp:term":[{"taxonomy":"category","embeddable":true,"href":"https:\/\/cietsigubernamental.com\/blog\/wp-json\/wp\/v2\/categories?post=868"},{"taxonomy":"post_tag","embeddable":true,"href":"https:\/\/cietsigubernamental.com\/blog\/wp-json\/wp\/v2\/tags?post=868"}],"curies":[{"name":"wp","href":"https:\/\/api.w.org\/{rel}","templated":true}]}}