{"id":85,"date":"2015-08-02T03:29:12","date_gmt":"2015-08-02T03:29:12","guid":{"rendered":"http:\/\/cietsigubernamental.com\/blog\/?p=85"},"modified":"2015-08-02T03:29:12","modified_gmt":"2015-08-02T03:29:12","slug":"ceplan-asesorara-a-partidos-sobre-politicas-nacionales-y-planes-de-gobierno","status":"publish","type":"post","link":"https:\/\/cietsigubernamental.com\/blog\/ceplan-asesorara-a-partidos-sobre-politicas-nacionales-y-planes-de-gobierno-85\/","title":{"rendered":"Ceplan asesorar\u00e1 a partidos sobre pol\u00edticas nacionales y planes de gobierno"},"content":{"rendered":"<p>A fin de darle continuidad a las pol\u00edticas de Estado de largo plazo vigentes, el Centro Nacional de Planeamiento Estrat\u00e9gico (Ceplan) viene convocando a los partidos pol\u00edticos para informarles sobre las metas y objetivos nacionales que se buscan alcanzar para el 2021, a\u00f1o del bicentenario de la independencia.<\/p>\n<div><strong>\u00abBuscamos trabajar con todos los partidos pol\u00edticos, <\/strong>hasta ahora la recepci\u00f3n que hemos tenido es muy positiva\u00bb,\u00a0se\u00f1al\u00f3 el presidente de dicha instituci\u00f3n V\u00edctor Vargas, a la <strong>Agencia Andina.<\/strong><\/div>\n<div><\/div>\n<div>Seg\u00fan explic\u00f3, en estos contactos tambi\u00e9n se busca establecer par\u00e1metros para que los partidos pol\u00edticos les den coherencia a sus planes de gobierno y los encaminen en ese sentido.<\/div>\n<div><\/div>\n<div>La intenci\u00f3n tambi\u00e9n <strong>es exponer a los grupos pol\u00edticos que participar\u00e1n en las elecciones generales del pr\u00f3ximo a\u00f1o \u00ablas principales tendencias mundiales\u00bb en \u00edndole social<\/strong>, indic\u00f3.<\/div>\n<div><\/div>\n<div>En ese sentido, el <a href=\"http:\/\/www.ceplan.gob.pe\/\">Ceplan <\/a>busca que los partidos tomen conciencia de problemas globales que afectan al pa\u00eds, tales como<strong>el envejecimiento de la poblaci\u00f3n, el aumento de la brecha en infraestructura, la informalidad <\/strong>y la necesidad de incidir en la diversificaci\u00f3n del aparato productivo, dijo Vargas.<\/div>\n<div><\/div>\n<div><strong>Planes de gobierno coherentes<\/strong><\/div>\n<div><strong>\u00a0<\/strong><\/div>\n<div>Por otro lado,\u00a0<strong>el Ceplan prestar\u00e1 asistencia t\u00e9cnica al Jurado Nacional de Elecciones , a fin de establecer \u00abuna metodolog\u00eda\u00bb aplicable a la elaboraci\u00f3n de los planes de gobierno que los partidos presentar\u00e1n al electorado.<\/strong><\/div>\n<div><\/div>\n<div>\u00abHasta ahora estos son presentados de manera muy desarticulada\u00bb, indic\u00f3 Vargas.<\/div>\n<div><\/div>\n<div>Dijo que esta situaci\u00f3n se da pese a la importancia de dicho documento y a que su presentaci\u00f3n es uno de los requisitos para la inscripci\u00f3n de los grupos pol\u00edticos.<\/div>\n<div><\/div>\n<div><strong>\u00abVamos a darle una metodolog\u00eda, de manera que estos planes de gobierno puedan ser f\u00e1cilmente comparables y tengan la l\u00f3gica de contribuir al desarrollo nacional\u00bb<\/strong>, se\u00f1al\u00f3 el funcionario.<\/div>\n<div><\/div>\n<div>Con ello se quiere, por tanto, establecer metas claras para que no se produzcan grandes cambios de sentido en pol\u00edticas nacionales\u00a0\u00abni se ceda a afanes de redescubrir la rueda\u00bb, puntualiz\u00f3.<\/div>\n<div><\/div>\n<div>Fuente: Andina<\/div>\n<p>&nbsp;<\/p>\n","protected":false},"excerpt":{"rendered":"<div class=\"mh-excerpt\"><p>A fin de darle continuidad a las pol\u00edticas de Estado de largo plazo vigentes, el Centro Nacional de Planeamiento Estrat\u00e9gico (Ceplan) viene convocando a los <a class=\"mh-excerpt-more\" href=\"https:\/\/cietsigubernamental.com\/blog\/ceplan-asesorara-a-partidos-sobre-politicas-nacionales-y-planes-de-gobierno-85\/\" title=\"Ceplan asesorar\u00e1 a partidos sobre pol\u00edticas nacionales y planes de gobierno\">[&#8230;]<\/a><\/p>\n<\/div>","protected":false},"author":1,"featured_media":86,"comment_status":"open","ping_status":"open","sticky":false,"template":"","format":"standard","meta":{"jetpack_post_was_ever_published":false,"_jetpack_newsletter_access":"","_jetpack_dont_email_post_to_subs":false,"_jetpack_newsletter_tier_id":0,"_jetpack_memberships_contains_paywalled_content":false,"_jetpack_memberships_contains_paid_content":false,"footnotes":"","jetpack_publicize_message":"","jetpack_publicize_feature_enabled":true,"jetpack_social_post_already_shared":false,"jetpack_social_options":{"image_generator_settings":{"template":"highway","default_image_id":0,"font":"","enabled":false},"version":2}},"categories":[2],"tags":[17],"class_list":["post-85","post","type-post","status-publish","format-standard","has-post-thumbnail","hentry","category-actualidad","tag-ceplan"],"jetpack_publicize_connections":[],"jetpack_featured_media_url":"https:\/\/i0.wp.com\/cietsigubernamental.com\/blog\/wp-content\/uploads\/2015\/08\/IMG_0844.jpg?fit=5184%2C3456&ssl=1","jetpack_sharing_enabled":true,"jetpack_shortlink":"https:\/\/wp.me\/p9RxCY-1n","jetpack-related-posts":[],"_links":{"self":[{"href":"https:\/\/cietsigubernamental.com\/blog\/wp-json\/wp\/v2\/posts\/85","targetHints":{"allow":["GET"]}}],"collection":[{"href":"https:\/\/cietsigubernamental.com\/blog\/wp-json\/wp\/v2\/posts"}],"about":[{"href":"https:\/\/cietsigubernamental.com\/blog\/wp-json\/wp\/v2\/types\/post"}],"author":[{"embeddable":true,"href":"https:\/\/cietsigubernamental.com\/blog\/wp-json\/wp\/v2\/users\/1"}],"replies":[{"embeddable":true,"href":"https:\/\/cietsigubernamental.com\/blog\/wp-json\/wp\/v2\/comments?post=85"}],"version-history":[{"count":2,"href":"https:\/\/cietsigubernamental.com\/blog\/wp-json\/wp\/v2\/posts\/85\/revisions"}],"predecessor-version":[{"id":88,"href":"https:\/\/cietsigubernamental.com\/blog\/wp-json\/wp\/v2\/posts\/85\/revisions\/88"}],"wp:featuredmedia":[{"embeddable":true,"href":"https:\/\/cietsigubernamental.com\/blog\/wp-json\/wp\/v2\/media\/86"}],"wp:attachment":[{"href":"https:\/\/cietsigubernamental.com\/blog\/wp-json\/wp\/v2\/media?parent=85"}],"wp:term":[{"taxonomy":"category","embeddable":true,"href":"https:\/\/cietsigubernamental.com\/blog\/wp-json\/wp\/v2\/categories?post=85"},{"taxonomy":"post_tag","embeddable":true,"href":"https:\/\/cietsigubernamental.com\/blog\/wp-json\/wp\/v2\/tags?post=85"}],"curies":[{"name":"wp","href":"https:\/\/api.w.org\/{rel}","templated":true}]}}