{"id":847,"date":"2018-12-19T22:36:17","date_gmt":"2018-12-19T22:36:17","guid":{"rendered":"http:\/\/cietsigubernamental.com\/blog\/?p=847"},"modified":"2018-12-19T22:36:43","modified_gmt":"2018-12-19T22:36:43","slug":"curso-de-especializacion-sistema-de-tramite-documentario-y-gestion-de-archivos-institucionales-2019","status":"publish","type":"post","link":"https:\/\/cietsigubernamental.com\/blog\/curso-de-especializacion-sistema-de-tramite-documentario-y-gestion-de-archivos-institucionales-2019-847\/","title":{"rendered":"CURSO DE ESPECIALIZACI\u00d3N SISTEMA DE TR\u00c1MITE DOCUMENTARIO Y GESTI\u00d3N DE ARCHIVOS INSTITUCIONALES 2019"},"content":{"rendered":"<p><strong>MODALIDAD PRESENCIAL CHICLAYO<\/strong><\/p>\n<p>Fechas: 21, 22, 28 y 29 enero 2019<\/p>\n<p>Horario: 6:00pm a 9:00pm<\/p>\n<p>Lugar: Av. S\u00e1enz Pe\u00f1a 615, Chiclayo<\/p>\n<p><strong>MODALIDAD VIRTUAL A NIVEL NACIONAL:<\/strong>\u00a0Online (Transmisi\u00f3n en vivo) y Offline (Accede a grabaci\u00f3n, sin fecha de caducidad).<\/p>\n<p><strong>Para participar del CURSO:<\/strong><\/p>\n<ul>\n<li>Dejar sus datos (<a href=\"https:\/\/docs.google.com\/forms\/d\/e\/1FAIpQLSe6mumnsOsj-CnOhyu3BC2P4zx42Y1RBJG5ste7uQyliOMoyg\/viewform\" target=\"_blank\" rel=\"noopener\">Clic aqu\u00ed<\/a>)<\/li>\n<li>Oficinas Cietsi: Av. S\u00e1enz Pe\u00f1a 615, Chiclayo; Av. Grau 220, 2do piso, Piura<\/li>\n<li>Tel\u00e9fonos: (074) 637020, (073) 630855<\/li>\n<li>Tambi\u00e9n puede enviarnos sus datos por WhatsApp: 956272261, 968059963<\/li>\n<\/ul>\n<p><em><strong>\u00a1ACCEDE A PREVENTA Y OBTEN DESCUENTOS!<\/strong><\/em><\/p>\n<p><em><strong>\u00a1CAPACIDAD Y EDICI\u00d3N LIMITADA!<\/strong><\/em><\/p>\n<div class=\"widget-title\">\n<h3>Dirigido<\/h3>\n<\/div>\n<p>El Curso est\u00e1 dirigido a:<\/p>\n<ul>\n<li>Secretarias y asistentes administrativos,\u00a0Personal que labora en Tr\u00e1mite Documentario,\u00a0Personal que labora en Archivos,\u00a0Docentes de todos los niveles,\u00a0Profesionales de las \u00e1reas ciencias sociales, administrativas y contables,\u00a0Alumnos de las carreras de ciencias sociales. pol\u00edticas y contables,\u00a0Personal que laboran en empresas privadas,\u00a0Especialistas en inform\u00e1tica.<\/li>\n<li>P\u00fablico en general.<\/li>\n<\/ul>\n<p><strong>Objetivos<\/strong><\/p>\n<p>Al final del curso de especializaci\u00f3n, el participante lograr\u00e1:<\/p>\n<ol>\n<li>Conocer que el Sistema de Tramite Documentario, y Gesti\u00f3n Documental, son Sistemas muy importante en la Instituci\u00f3n u Organizaci\u00f3n. Su aplicaci\u00f3n es frecuente y obligatorio al iniciar la solicitud de un bien o servicio.<\/li>\n<li>Conocer que el ciudadano lo aplicar\u00e1 en cada etapa de su vida: tanto al generar documentos, como al recibirlos.<\/li>\n<li>Conocer\u00e1 que la administraci\u00f3n p\u00fablica como privada se aplica este tema tan interesante.<\/li>\n<li>Conocer\u00e1 aspectos generales e importantes sobre Archiv\u00edstica.<\/li>\n<\/ol>\n<div class=\"widget-title\">\n<h3>Temario<\/h3>\n<\/div>\n<p><strong>SESI\u00d3N 1: EL TR\u00c1MITE DOCUMENTARIO<\/strong><\/p>\n<p>1.- Concepto.<\/p>\n<p>2.- Denominaciones.<\/p>\n<p>3.- Tipos:<\/p>\n<p>3.1.- Manual.<\/p>\n<p>3.2.- Virtual.<\/p>\n<p>4.- Pol\u00edtica cero papel.<\/p>\n<p>5.- Gobierno Electr\u00f3nico.<\/p>\n<p>6.- Gobierno Electr\u00f3nico exitoso desde la Gesti\u00f3n Documental.<\/p>\n<p><strong>SESI\u00d3N 2: LA GESTI\u00d3N DOCUMENTAL<\/strong><\/p>\n<p>1.- Conceptos.<\/p>\n<p>2.- Desarrollo de la Gesti\u00f3n Documental.<\/p>\n<p>3.- Fases de la Gesti\u00f3n Documental.<\/p>\n<p>4.- Tecnolog\u00eda Aplicada a la Gesti\u00f3n Documental:<\/p>\n<p>4.1.- Del soporte papel al electr\u00f3nico.<\/p>\n<p>4.2.- Las nuevas tecnolog\u00edas y su aplicaci\u00f3n a la gesti\u00f3n documental.<\/p>\n<p>5.- Ventajas.<\/p>\n<p><strong>SESI\u00d3N 3: LA ARCHIV\u00cdSTICA<\/strong><\/p>\n<p>1.- La Archiv\u00edstica.<\/p>\n<p>2.- Teor\u00eda Archiv\u00edstica B\u00e1sica.<\/p>\n<p>3.- Procesos Archiv\u00edsticos:<\/p>\n<p>3.1.- Acopio o Transferencia Documental.<\/p>\n<p>3.2.- Conservaci\u00f3n Documental.<\/p>\n<p>3.3.- Organizaci\u00f3n Documental.<\/p>\n<p>3.4.- Descripci\u00f3n Documental.<\/p>\n<p>3.5.- Servicios Archiv\u00edsticos.<\/p>\n<p>4.- Esquema de los Procesos Archiv\u00edsticos<\/p>\n<p><strong>SESI\u00d3N 4: ORGANIZACI\u00d3N DE DOCUMENTOS<\/strong><\/p>\n<p>1.- Organizaci\u00f3n Documental.<\/p>\n<p>2.- Estrategias para una buena Organizaci\u00f3n Documental.<\/p>\n<p>3.- Criterios para organizar los Archivos de Secretariales.<\/p>\n<p>4.- Como Evitar el Congestionamiento en los Archivos.<\/p>\n<p>5.- Aplicaci\u00f3n de Cuestionario.<\/p>\n<div class=\"widget-title\">\n<h3>Ponentes<\/h3>\n<\/div>\n<p><strong>Lic. Ada Gabriela Llu\u00e9n Ju\u00e1rez<\/strong><\/p>\n<p>Lic. en Sociolog\u00eda por la Universidad Nacional \u201cPedro Ruiz Gallo\u201d \u2013 Lambayeque, Especialista en Archivos Hist\u00f3ricos y Administrativos. Jefa de Archivo Regional de Lambayeque, entre sus funciones realizadas:\u00a0Jefa de la Secci\u00f3n T\u00e9cnica de Archivos, Directora del Archivo Regional Lambayeque,\u00a0Presidenta de la Comisi\u00f3n T\u00e9cnica Regional de Archivos \u2013 CTRA, de la Regi\u00f3n Lambayeque.<\/p>\n<div class=\"widget-title\">\n<h3>\u00a0Inversi\u00f3n<\/h3>\n<\/div>\n<p><strong>PREVENTA [Del 18 de diciembre del 2018 al 12 de enero del 2019 o hasta cubrir vacantes]<\/strong><\/p>\n<p>+ Modalidad presencial y Virtual: S\/ 100 Soles<\/p>\n<p><strong>INVERSI\u00d3N NORMAL:<\/strong><\/p>\n<p>+ Modalidad presencial y Virtual: S\/ 120 Soles<\/p>\n<p><strong>NOTA:<\/strong><\/p>\n<p>+ Descuento del 20% para embajadores, convenios y descuento 10% para estudiantes y egresados Cietsi y corporativo (3 participantes m\u00ednimo).\u00a0<strong>NO APLICA en PREVENTA.<\/strong>\u00a0Aplica en inversi\u00f3n normal.<\/p>\n<p>+ Incluye certificado firmado por Centro de Altos Estudios Cietsi<\/p>\n<p><strong>Opcional:<\/strong>\u00a0Certificaci\u00f3n firmado por Colegio de Licenciados en Administraci\u00f3n Regi\u00f3n Lambayeque y Centro de Altos Estudios CIETSI S\/ 30 Soles.<\/p>\n<p><em><strong>\u00a1Capacidad Limitada en modalidad presencial!<\/strong><\/em><\/p>\n<p><em><strong>\u00a1Reserva tu vacante y asegura tu lugar<\/strong><\/em>!<\/p>\n<p><strong>FORMAS DE PAGO:<\/strong><\/p>\n<p>Oficina Chiclayo: Av. S\u00e1enz Pe\u00f1a 615 (Ref. altura con Calle Mar\u00eda Izaga)<\/p>\n<p>Oficina Piura: Av. Grau 220, 2do piso (Ref. altura con Jr. Arequipa)<\/p>\n<p>Tambi\u00e9n mediante las cuentas bancarias (<a href=\"http:\/\/cietsiperu.com\/forma-de-pago\" target=\"_blank\" rel=\"noopener\">clic aqu\u00ed<\/a>).<\/p>\n<p><strong>Informes y consultas:<\/strong><\/p>\n<ul>\n<li>Para reservar vacante deber\u00e1 registrarse (<a href=\"https:\/\/docs.google.com\/forms\/d\/e\/1FAIpQLSe6mumnsOsj-CnOhyu3BC2P4zx42Y1RBJG5ste7uQyliOMoyg\/viewform\" target=\"_blank\" rel=\"noopener\">Clic aqu\u00ed<\/a>)<\/li>\n<li>Chiclayo: Av. S\u00e1enz Pe\u00f1a 615 (Ref. altura con Calle Mar\u00eda Izaga) de lunes a s\u00e1bado de 9am a 1pm y de 4pm a 8pm.<\/li>\n<li>Piura: Av. Grau 220, 2do piso (Ref. altura con Jr. Arequipa) de lunes a s\u00e1bado de 9am a 1pm y de 4pm a 8pm.<\/li>\n<li>Tel\u00e9fonos: (074) 637020, (073) 630855, WhatsApp: M\/RPM: 968059963, C\/RPC: 956272261<\/li>\n<li>Email: informes@cietsiperu.com<\/li>\n<\/ul>\n","protected":false},"excerpt":{"rendered":"<div class=\"mh-excerpt\"><p>MODALIDAD PRESENCIAL CHICLAYO Fechas: 21, 22, 28 y 29 enero 2019 Horario: 6:00pm a 9:00pm Lugar: Av. S\u00e1enz Pe\u00f1a 615, Chiclayo MODALIDAD VIRTUAL A NIVEL <a class=\"mh-excerpt-more\" href=\"https:\/\/cietsigubernamental.com\/blog\/curso-de-especializacion-sistema-de-tramite-documentario-y-gestion-de-archivos-institucionales-2019-847\/\" title=\"CURSO DE ESPECIALIZACI\u00d3N SISTEMA DE TR\u00c1MITE DOCUMENTARIO Y GESTI\u00d3N DE ARCHIVOS INSTITUCIONALES 2019\">[&#8230;]<\/a><\/p>\n<\/div>","protected":false},"author":1,"featured_media":848,"comment_status":"open","ping_status":"open","sticky":false,"template":"","format":"standard","meta":{"jetpack_post_was_ever_published":false,"_jetpack_newsletter_access":"","_jetpack_dont_email_post_to_subs":false,"_jetpack_newsletter_tier_id":0,"_jetpack_memberships_contains_paywalled_content":false,"_jetpack_memberships_contains_paid_content":false,"footnotes":"","jetpack_publicize_message":"","jetpack_publicize_feature_enabled":true,"jetpack_social_post_already_shared":true,"jetpack_social_options":{"image_generator_settings":{"template":"highway","default_image_id":0,"font":"","enabled":false},"version":2}},"categories":[1],"tags":[],"class_list":["post-847","post","type-post","status-publish","format-standard","has-post-thumbnail","hentry","category-sin-categoria"],"jetpack_publicize_connections":[],"jetpack_featured_media_url":"https:\/\/i0.wp.com\/cietsigubernamental.com\/blog\/wp-content\/uploads\/2018\/12\/CURSO-DE-ESPECIALIZACI%C3%93N-SISTEMA-DE-TR%C3%81MITE-DOCUMENTARIO-Y-GESTI%C3%93N-DE-ARCHIVOS-INSTITUCIONALES-2019-6.jpg?fit=1264%2C604&ssl=1","jetpack_sharing_enabled":true,"jetpack_shortlink":"https:\/\/wp.me\/p9RxCY-dF","jetpack-related-posts":[],"_links":{"self":[{"href":"https:\/\/cietsigubernamental.com\/blog\/wp-json\/wp\/v2\/posts\/847","targetHints":{"allow":["GET"]}}],"collection":[{"href":"https:\/\/cietsigubernamental.com\/blog\/wp-json\/wp\/v2\/posts"}],"about":[{"href":"https:\/\/cietsigubernamental.com\/blog\/wp-json\/wp\/v2\/types\/post"}],"author":[{"embeddable":true,"href":"https:\/\/cietsigubernamental.com\/blog\/wp-json\/wp\/v2\/users\/1"}],"replies":[{"embeddable":true,"href":"https:\/\/cietsigubernamental.com\/blog\/wp-json\/wp\/v2\/comments?post=847"}],"version-history":[{"count":2,"href":"https:\/\/cietsigubernamental.com\/blog\/wp-json\/wp\/v2\/posts\/847\/revisions"}],"predecessor-version":[{"id":850,"href":"https:\/\/cietsigubernamental.com\/blog\/wp-json\/wp\/v2\/posts\/847\/revisions\/850"}],"wp:featuredmedia":[{"embeddable":true,"href":"https:\/\/cietsigubernamental.com\/blog\/wp-json\/wp\/v2\/media\/848"}],"wp:attachment":[{"href":"https:\/\/cietsigubernamental.com\/blog\/wp-json\/wp\/v2\/media?parent=847"}],"wp:term":[{"taxonomy":"category","embeddable":true,"href":"https:\/\/cietsigubernamental.com\/blog\/wp-json\/wp\/v2\/categories?post=847"},{"taxonomy":"post_tag","embeddable":true,"href":"https:\/\/cietsigubernamental.com\/blog\/wp-json\/wp\/v2\/tags?post=847"}],"curies":[{"name":"wp","href":"https:\/\/api.w.org\/{rel}","templated":true}]}}