{"id":79,"date":"2015-08-02T03:18:28","date_gmt":"2015-08-02T03:18:28","guid":{"rendered":"http:\/\/cietsigubernamental.com\/blog\/?p=79"},"modified":"2015-08-02T03:19:50","modified_gmt":"2015-08-02T03:19:50","slug":"adjudicacion-de-nueva-banda-4g-se-reprogramo-para-el-primer-trimestre-del-2016","status":"publish","type":"post","link":"https:\/\/cietsigubernamental.com\/blog\/adjudicacion-de-nueva-banda-4g-se-reprogramo-para-el-primer-trimestre-del-2016-79\/","title":{"rendered":"Adjudicaci\u00f3n de nueva banda 4G se reprogram\u00f3 para el primer trimestre del 2016"},"content":{"rendered":"<p>Seg\u00fan el nuevo cronograma de ProInversi\u00f3n, la adjudicaci\u00f3n de la buena pro se dar\u00eda en el primer trimestre del 2016 y no este a\u00f1o, como lo\u00a0ven\u00eda anunciando la entidad en\u00a0diversas presentaciones de sus proyectos en cartera.<\/p>\n<p>Con esta reprogramaci\u00f3n, la licitaci\u00f3n de la banda 700Mhz\u00a0sufre un\u00a0cuarto\u00a0retraso. Inicialmente, la adjudicaci\u00f3n estaba prevista para finales del 2013. El nuevo plazo cambi\u00f3 a junio del 2014 y, a inicios de diciembre del 2014, la adjudicaci\u00f3n se volvi\u00f3 a programar para el primer trimestre del 2015.<\/p>\n<p>Abel Revoredo,\u00a0exgerente legal de Telef\u00f3nica\u00a0y actual consultor en telecomunicaciones, dijo a SEMANAecon\u00f3mica que una de las razones de la reprogramaci\u00f3n podr\u00eda ser que la limpieza de la frecuencia sigue en marcha. \u00abEntiendo que hay equipos inal\u00e1mbricos conectados a esa frecuencia. As\u00ed que el MTC tiene\u00a0que limpiarla para que\u00a0se puedan conectar nuevos servicios\u00bb, detall\u00f3.<\/p>\n<p>Los principales operadores de telecomunicaciones del pa\u00eds, Telef\u00f3nica, Claro, Entel y Bitel, han manifestado su inter\u00e9s por concursar en\u00a0la licitaci\u00f3n. Seg\u00fan el plan de promoci\u00f3n aprobado en noviembre del 2014, la banda 700 Mhz\u00a0consta de tres bloques.<\/p>\n<p>Claro ser\u00eda el m\u00e1s interesado en ganar uno de ellos, ya que no posee red dedicada a 4G, por lo que usa parte de de su red 3G para brindar mayor velocidad de datos. La\u00a0empresa ha intentado alquilar parte de la red 4G de Telef\u00f3nica, bajo un contrato que a\u00fan no ha sido autorizado por el Ministerio de Transportes y Comunicaciones (SE 1468).<\/p>\n<p>Por\u00a0sus caracter\u00edsticas, esta nueva banda 4G\u00a0permitir\u00e1 ampliar la oferta de\u00a0mayor velocidad de datos m\u00f3viles\u00a0en zonas de dif\u00edcil acceso. En julio del 2013, se adjudic\u00f3 una primera banda 4G en dos bloques, que fueron adjudicados a Telef\u00f3nica y Americatel (Entel). Los operadores tendr\u00e1n que seguir esperando.<\/p>\n<p>Fuente: <a href=\"http:\/\/semanaeconomica.com\" target=\"_blank\">SemanaEconomica<\/a><\/p>\n","protected":false},"excerpt":{"rendered":"<div class=\"mh-excerpt\"><p>Seg\u00fan el nuevo cronograma de ProInversi\u00f3n, la adjudicaci\u00f3n de la buena pro se dar\u00eda en el primer trimestre del 2016 y no este a\u00f1o, como <a class=\"mh-excerpt-more\" href=\"https:\/\/cietsigubernamental.com\/blog\/adjudicacion-de-nueva-banda-4g-se-reprogramo-para-el-primer-trimestre-del-2016-79\/\" title=\"Adjudicaci\u00f3n de nueva banda 4G se reprogram\u00f3 para el primer trimestre del 2016\">[&#8230;]<\/a><\/p>\n<\/div>","protected":false},"author":1,"featured_media":80,"comment_status":"open","ping_status":"open","sticky":false,"template":"","format":"standard","meta":{"jetpack_post_was_ever_published":false,"_jetpack_newsletter_access":"","_jetpack_dont_email_post_to_subs":false,"_jetpack_newsletter_tier_id":0,"_jetpack_memberships_contains_paywalled_content":false,"_jetpack_memberships_contains_paid_content":false,"footnotes":"","jetpack_publicize_message":"","jetpack_publicize_feature_enabled":true,"jetpack_social_post_already_shared":false,"jetpack_social_options":{"image_generator_settings":{"template":"highway","default_image_id":0,"font":"","enabled":false},"version":2}},"categories":[2],"tags":[16],"class_list":["post-79","post","type-post","status-publish","format-standard","has-post-thumbnail","hentry","category-actualidad","tag-4g"],"jetpack_publicize_connections":[],"jetpack_featured_media_url":"https:\/\/i0.wp.com\/cietsigubernamental.com\/blog\/wp-content\/uploads\/2015\/08\/redes_4g.jpg?fit=618%2C386&ssl=1","jetpack_sharing_enabled":true,"jetpack_shortlink":"https:\/\/wp.me\/p9RxCY-1h","jetpack-related-posts":[],"_links":{"self":[{"href":"https:\/\/cietsigubernamental.com\/blog\/wp-json\/wp\/v2\/posts\/79","targetHints":{"allow":["GET"]}}],"collection":[{"href":"https:\/\/cietsigubernamental.com\/blog\/wp-json\/wp\/v2\/posts"}],"about":[{"href":"https:\/\/cietsigubernamental.com\/blog\/wp-json\/wp\/v2\/types\/post"}],"author":[{"embeddable":true,"href":"https:\/\/cietsigubernamental.com\/blog\/wp-json\/wp\/v2\/users\/1"}],"replies":[{"embeddable":true,"href":"https:\/\/cietsigubernamental.com\/blog\/wp-json\/wp\/v2\/comments?post=79"}],"version-history":[{"count":3,"href":"https:\/\/cietsigubernamental.com\/blog\/wp-json\/wp\/v2\/posts\/79\/revisions"}],"predecessor-version":[{"id":83,"href":"https:\/\/cietsigubernamental.com\/blog\/wp-json\/wp\/v2\/posts\/79\/revisions\/83"}],"wp:featuredmedia":[{"embeddable":true,"href":"https:\/\/cietsigubernamental.com\/blog\/wp-json\/wp\/v2\/media\/80"}],"wp:attachment":[{"href":"https:\/\/cietsigubernamental.com\/blog\/wp-json\/wp\/v2\/media?parent=79"}],"wp:term":[{"taxonomy":"category","embeddable":true,"href":"https:\/\/cietsigubernamental.com\/blog\/wp-json\/wp\/v2\/categories?post=79"},{"taxonomy":"post_tag","embeddable":true,"href":"https:\/\/cietsigubernamental.com\/blog\/wp-json\/wp\/v2\/tags?post=79"}],"curies":[{"name":"wp","href":"https:\/\/api.w.org\/{rel}","templated":true}]}}