{"id":753,"date":"2018-08-03T00:56:09","date_gmt":"2018-08-03T00:56:09","guid":{"rendered":"http:\/\/cietsigubernamental.com\/blog\/?p=753"},"modified":"2018-08-03T13:31:11","modified_gmt":"2018-08-03T13:31:11","slug":"seminario-gratuito-gestion-del-talento-humano-2018","status":"publish","type":"post","link":"https:\/\/cietsigubernamental.com\/blog\/seminario-gratuito-gestion-del-talento-humano-2018-753\/","title":{"rendered":"SEMINARIO GRATUITO GESTI\u00d3N DEL TALENTO HUMANO 2018"},"content":{"rendered":"<p style=\"text-align: center;\"><strong>Bienvenidos al proceso de transformaci\u00f3n vivencial<\/strong><\/p>\n<p style=\"text-align: center;\"><strong>\u00abPotenciando los recursos humanos de la organizaci\u00f3n inteligente\u00bb<\/strong><\/p>\n<p><strong>Lugar:<\/strong>\u00a0Auditorio del Hotel Gloria Plaza, Chiclayo [Virgilio Dall\u2019orso &amp; Av. Miguel Grau N\u00ba 397 Chiclayo]<\/p>\n<p><strong>Modalidad virtual offline a nivel nacional e internacional:<\/strong><\/p>\n<p>Campus virtual Cietsi<\/p>\n<p><strong>\u201cACCESO GRATUITO A TODO EL EVENTO EN LA MODALIDAD PRESENCIAL COMO VIRTUAL\u201d<\/strong><\/p>\n<p><strong>Certificaci\u00f3n (opcional):<\/strong>\u00a0A nombre del Colegio de Contadores P\u00fablicos de Lambayeque y Centro de Capacitaci\u00f3n Cietsi.<\/p>\n<p><strong>Para participar del SEMINARIO ESPECIALIZADO:<\/strong><\/p>\n<ul>\n<li>Dejar sus datos (<a href=\"https:\/\/docs.google.com\/forms\/d\/e\/1FAIpQLScuE8jtbtxkZXOxcdwIE-NatOxmazhDTnYjMdrM6J77PjZaYQ\/viewform\" target=\"_blank\" rel=\"noopener\">Clic aqu\u00ed<\/a>) o en PRE INSCRIPCI\u00d3N (Ubicar en la parte inferior de esta p\u00e1gina)<\/li>\n<li>Oficinas Cietsi: Av. S\u00e1enz Pe\u00f1a 615, Chiclayo; Av. Grau 220, 2do piso, Piura<\/li>\n<li>Tel\u00e9fonos: (074) 637020, (073) 630855<\/li>\n<li>Tambi\u00e9n puede enviarnos sus datos por WhatsApp: 956272261, 968059963<\/li>\n<\/ul>\n<p><em><strong>\u00a1S\u00e9 un profesional productivo y mejor calificado!<\/strong><\/em><\/p>\n<p><em><strong>\u00a1Capacidad Limitada!<\/strong><\/em><\/p>\n<div class=\"widget-title\">\n<h3>Dirigido<\/h3>\n<\/div>\n<p>L\u00edderes de organizaciones, empresarios, emprendedores, responsables de las \u00e1reas de recursos humanos del sector p\u00fablico y privado, gestores del talento humano, estudiantes de educaci\u00f3n superior y p\u00fablico interesado en la gesti\u00f3n de personas.<\/p>\n<div class=\"widget-title\">\n<h3>Objetivos<\/h3>\n<\/div>\n<p>El seminario tiene por objetivos desarrollar tus habilidades y conocimientos, fortaleciendo tus competencias y habilidades de liderazgo, motivaci\u00f3n y trabajo en equipo.<\/p>\n<div class=\"widget-title\">\n<h3>\u00a0Aprendizaje<\/h3>\n<\/div>\n<p>Una de las frases c\u00e9lebres pronunciadas, en la antigua Grecia, por el sabio y fil\u00f3sofo Her\u00e1clito de \u00c9feso es aquella que dice: \u201cLo \u00fanico constante en la vida es el cambio\u201d, pero realmente &#8211; a nivel del sector empresarial -, \u00bflas organizaciones est\u00e1n preparadas para enfrentar los cambios y desaf\u00edos del siglo XXI? o \u00bfen qu\u00e9 medida la gesti\u00f3n del talento humano puede resultar fundamental para la construcci\u00f3n de organizaciones inteligentes?. Estas y otras muchas interrogantes ser\u00e1n abordadas por un selecto equipo de expertos en materia de recursos humanos, quienes estar\u00e1n presentes en el Seminario de Gesti\u00f3n del Talento Humano: \u201cPotenciando los recursos humanos de las organizaciones inteligentes\u201d, a realizarse el 31 de agosto y 01 de setiembre en la \u201cCiudad de la Amistad\u201d, Chiclayo.<\/p>\n<p>El seminario acad\u00e9mico es de car\u00e1cter gratuito y forma parte del plan de responsabilidad social corporativo desarrollado por CIETSI para contribuir con el desarrollo del talento humano en Lambayeque, a nivel profesional y organizacional. El cual cuenta con respaldo mediante convenio con el Colegio de Contadores P\u00fablicos de Lambayeque.<\/p>\n<p>El seminario consta de 6 talleres totalmente vivenciales y contamos con 6 profesionales de primer nivel.<\/p>\n<div class=\"widget-title\">\n<h3>Temario<\/h3>\n<\/div>\n<p><strong>Viernes 31 de agosto 2018 de 3pm a 8:30pm<\/strong><\/p>\n<p>Registro de participantes y entrega de material: 3:00pm a 4:00pm<\/p>\n<p><strong>Taller 1: Gesti\u00f3n del Talento desde la Inteligencia Emocional (4:00pm \u2013 5:30pm)<\/strong><\/p>\n<ul>\n<li>LIC. C\u00c9SAR DE LA FUENTE VIGIL<\/li>\n<\/ul>\n<p><strong>Taller 2: La Direcci\u00f3n Estrat\u00e9gica de Gesti\u00f3n de Personas (5:30pm a 7:00pm)<\/strong><\/p>\n<ul>\n<li>MBA. ISMAEL BELLINA FERN\u00c1NDEZ<\/li>\n<\/ul>\n<p><strong>Taller 3: El Coaching como herramienta para fomentar el Talento Humano (7:00pm a 8:30pm)<\/strong><\/p>\n<ul>\n<li>ING. ROLANDO MALCA CORREA<\/li>\n<\/ul>\n<p><strong><em>Sorteo de presentes<\/em><\/strong><\/p>\n<p><strong>S\u00e1bado 1 de setiembre 2018 de 9:00am a 1:30pm<\/strong><\/p>\n<p><strong>Taller 4: \u00bfC\u00f3mo impulsar el aprendizaje en la organizaci\u00f3n inteligente? (9:00am \u2013 10:30am)<\/strong><\/p>\n<ul>\n<li>MG. JES\u00daS PAIBA SAMAM\u00c9<\/li>\n<\/ul>\n<p><strong>Taller 5: Sinergia: la Esencia del Trabajo en Equipo (10:30am \u2013 12:00pm)<\/strong><\/p>\n<ul>\n<li>PSIC. JESSICA TACANGA MONTES<\/li>\n<\/ul>\n<p><strong>Taller 6: \u00bfC\u00f3mo formar equipos de Alto Desempe\u00f1o? (12:00pm \u2013 1:30pm)<\/strong><\/p>\n<ul>\n<li>LIC. ADM. FABI\u00c1N TELLO RENTER\u00cdA<\/li>\n<\/ul>\n<p><strong><em>Sorteo de presentes<\/em><\/strong><\/p>\n<div class=\"widget-title\">\n<h3>Beneficios<\/h3>\n<\/div>\n<p>+ Acceso GRATUITO en la modalidad presencial y virtual.<\/p>\n<p>+ Campus virtual para ver el contenido del seminario en formato digital (Diapositivas y v\u00eddeos de todas las ponencias).<\/p>\n<p>+ Block y lapicero.<\/p>\n<p>+ Sorteo de presentes y sorpresas.<\/p>\n<div class=\"widget-title\">\n<h3>Ponentes<\/h3>\n<\/div>\n<p><strong>6 PONENTES DE PRIMER NIVEL \u201cDOCENTES, COACHES Y EMPRESARIOS\u201d<\/strong><\/p>\n<p><strong>LIC. C\u00c9SAR DE LA FUENTE VIGIL<\/strong><\/p>\n<ul>\n<li>Licenciado en Psicolog\u00eda, Cofundador &amp; Director Hominum SAC.<\/li>\n<\/ul>\n<p><strong>\u00a0MBA. ISMAEL BELLINA FERN\u00c1NDEZ<\/strong><\/p>\n<ul>\n<li>Comunicador social egresado de la Universidad de Piura \u2013 UDEP, Gerente General 51 COMARK &amp; RSE<\/li>\n<\/ul>\n<p><strong>ING. ROLANDO MALCA CORREA<\/strong><\/p>\n<ul>\n<li>Coach Profesional por Latam Coaching Network. Maestr\u00eda de Administraci\u00f3n y Marketing ocupando el Primer Puesto. Profesional en Ingenier\u00eda Qu\u00edmica, con Post Grado en Recursos Humanos.<\/li>\n<\/ul>\n<p><strong>MG. JES\u00daS PAIBA SAMAM\u00c9<\/strong><\/p>\n<ul>\n<li>Licenciado en Educaci\u00f3n, Mag\u00edster en Educaci\u00f3n por la Universidad Privada \u201cAntenor Orrego\u201d de Trujillo. Asimismo, posee una Segunda Especialidad en Formaci\u00f3n Magisterial por la Pontificia Universidad Cat\u00f3lica del Per\u00fa. Actualmente, ejerce la docencia universitaria en la Universidad Tecnol\u00f3gica del Per\u00fa y en la Escuela de Empresarios ZEGELIPAE y cuenta con m\u00e1s de 5 a\u00f1os de experiencia como capacitador empresarial.<\/li>\n<\/ul>\n<p><strong>PSIC. JESSICA TACANGA MONTES<\/strong><\/p>\n<ul>\n<li>Psic\u00f3loga &#8211; Jefa de Gesti\u00f3n Acad\u00e9mica ZEGEL IPAE<\/li>\n<\/ul>\n<p><strong>LIC. ADM. FABI\u00c1N TELLO RENTER\u00cdA<\/strong><\/p>\n<ul>\n<li>Coordinador de Servicios Universitarios de la Universidad Tecnol\u00f3gica del Per\u00fa UTP &#8211; Chiclayo, Coach Profesional, Administrador.<\/li>\n<\/ul>\n<div class=\"widget-title\">\n<h3>Inversi\u00f3n<\/h3>\n<\/div>\n<p><strong>ACCESO GRATUITO AL SEMINARIO EN AMBAS MODALIDADES: PRESENCIAL Y VIRTUAL<\/strong><\/p>\n<p><strong>CERTIFICACI\u00d3N (OPCIONAL):<\/strong><\/p>\n<p><strong>Certificaci\u00f3n del Seminario Gesti\u00f3n del Talento Humano<\/strong>\u00a0<strong>(Un certificado general):<\/strong>\u00a0S\/. 100 Soles, firmado por Decano del Colegio de Contadores P\u00fablicos de Lambayeque y Gerente General del Centro de Capacitaci\u00f3n Cietsi<\/p>\n<p><strong>Certificado de cada taller:<\/strong>\u00a0S\/. 10 Soles, firmado por Gerente General del Centro de Capacitaci\u00f3n Cietsi<\/p>\n<p><strong>PROMOCI\u00d3N EXCLUSIVA:<\/strong>\u00a06 Certificados de los talleres + Certificado del Seminario: S\/. 130 Soles (7 certificados en total).<\/p>\n<p><strong>NOTA:\u00a0<\/strong><\/p>\n<ul>\n<li>Descuento del 10% en certificaci\u00f3n del seminario general a partir de 5 inscritos, para convenios (Contadores P\u00fablicos de Lambayeque) y embajadores Cietsi: S\/. 90 Soles y Descuento del 5% para clientes Cietsi: S\/. 95 Soles.<\/li>\n<li>Entrega de certificados en oficina Chiclayo, Piura o env\u00edo a nivel nacional (consultar costos respecto a Chiclayo)<\/li>\n<li>Las promociones son v\u00e1lidas hasta el mismo d\u00eda del evento.<\/li>\n<\/ul>\n<p><strong>FORMAS DE PAGO DE CERTIFICACI\u00d3N:<\/strong><\/p>\n<p>El mismo d\u00eda del evento en auditorio.<\/p>\n<p>Oficina Chiclayo: Av. S\u00e1enz Pe\u00f1a 615 (Ref. altura con Calle Mar\u00eda Izaga) [Atenci\u00f3n de lunes a s\u00e1bado de 9am a 1pm y de 4pm a 8pm]<\/p>\n<p>Oficina Piura: Av. Grau 220, 2do piso (Ref. altura con Jr. Arequipa) [Atenci\u00f3n de lunes a s\u00e1bado de 9am a 1pm y de 4pm a 8pm] o mediante las <a href=\"http:\/\/cietsiperu.com\/forma-de-pago\" target=\"_blank\" rel=\"noopener\">cuentas bancarias.<\/a><\/p>\n","protected":false},"excerpt":{"rendered":"<div class=\"mh-excerpt\"><p>Bienvenidos al proceso de transformaci\u00f3n vivencial \u00abPotenciando los recursos humanos de la organizaci\u00f3n inteligente\u00bb Lugar:\u00a0Auditorio del Hotel Gloria Plaza, Chiclayo [Virgilio Dall\u2019orso &amp; Av. Miguel <a class=\"mh-excerpt-more\" href=\"https:\/\/cietsigubernamental.com\/blog\/seminario-gratuito-gestion-del-talento-humano-2018-753\/\" title=\"SEMINARIO GRATUITO GESTI\u00d3N DEL TALENTO HUMANO 2018\">[&#8230;]<\/a><\/p>\n<\/div>","protected":false},"author":1,"featured_media":754,"comment_status":"open","ping_status":"open","sticky":false,"template":"","format":"standard","meta":{"jetpack_post_was_ever_published":false,"_jetpack_newsletter_access":"","_jetpack_dont_email_post_to_subs":false,"_jetpack_newsletter_tier_id":0,"_jetpack_memberships_contains_paywalled_content":false,"_jetpack_memberships_contains_paid_content":false,"footnotes":"","jetpack_publicize_message":"","jetpack_publicize_feature_enabled":true,"jetpack_social_post_already_shared":true,"jetpack_social_options":{"image_generator_settings":{"template":"highway","default_image_id":0,"font":"","enabled":false},"version":2}},"categories":[2,5,59,24,70,69,1,12],"tags":[],"class_list":["post-753","post","type-post","status-publish","format-standard","has-post-thumbnail","hentry","category-actualidad","category-cursos-talleres-cietsi","category-cursos-talleres-gratuitos","category-gestion-publica","category-gubernamental","category-ingenierias","category-sin-categoria","category-tecnologias"],"jetpack_publicize_connections":[],"jetpack_featured_media_url":"https:\/\/i0.wp.com\/cietsigubernamental.com\/blog\/wp-content\/uploads\/2018\/08\/SEMINARIO-GRATUITO-GESTI%C3%93N-DEL-TALENTO-HUMANO-2018-2.jpg?fit=1890%2C900&ssl=1","jetpack_sharing_enabled":true,"jetpack_shortlink":"https:\/\/wp.me\/p9RxCY-c9","jetpack-related-posts":[],"_links":{"self":[{"href":"https:\/\/cietsigubernamental.com\/blog\/wp-json\/wp\/v2\/posts\/753","targetHints":{"allow":["GET"]}}],"collection":[{"href":"https:\/\/cietsigubernamental.com\/blog\/wp-json\/wp\/v2\/posts"}],"about":[{"href":"https:\/\/cietsigubernamental.com\/blog\/wp-json\/wp\/v2\/types\/post"}],"author":[{"embeddable":true,"href":"https:\/\/cietsigubernamental.com\/blog\/wp-json\/wp\/v2\/users\/1"}],"replies":[{"embeddable":true,"href":"https:\/\/cietsigubernamental.com\/blog\/wp-json\/wp\/v2\/comments?post=753"}],"version-history":[{"count":3,"href":"https:\/\/cietsigubernamental.com\/blog\/wp-json\/wp\/v2\/posts\/753\/revisions"}],"predecessor-version":[{"id":757,"href":"https:\/\/cietsigubernamental.com\/blog\/wp-json\/wp\/v2\/posts\/753\/revisions\/757"}],"wp:featuredmedia":[{"embeddable":true,"href":"https:\/\/cietsigubernamental.com\/blog\/wp-json\/wp\/v2\/media\/754"}],"wp:attachment":[{"href":"https:\/\/cietsigubernamental.com\/blog\/wp-json\/wp\/v2\/media?parent=753"}],"wp:term":[{"taxonomy":"category","embeddable":true,"href":"https:\/\/cietsigubernamental.com\/blog\/wp-json\/wp\/v2\/categories?post=753"},{"taxonomy":"post_tag","embeddable":true,"href":"https:\/\/cietsigubernamental.com\/blog\/wp-json\/wp\/v2\/tags?post=753"}],"curies":[{"name":"wp","href":"https:\/\/api.w.org\/{rel}","templated":true}]}}