{"id":73,"date":"2015-07-26T18:34:40","date_gmt":"2015-07-26T18:34:40","guid":{"rendered":"http:\/\/cietsigubernamental.com\/blog\/?p=73"},"modified":"2015-07-26T18:34:40","modified_gmt":"2015-07-26T18:34:40","slug":"luis-iberico-es-elegido-como-el-nuevo-presidente-del-congreso-de-la-republica","status":"publish","type":"post","link":"https:\/\/cietsigubernamental.com\/blog\/luis-iberico-es-elegido-como-el-nuevo-presidente-del-congreso-de-la-republica-73\/","title":{"rendered":"Luis Iberico es elegido como el nuevo presidente del Congreso de la Rep\u00fablica"},"content":{"rendered":"<p>El congresista Luis Iberico (PPC-APP) fue elegido como el nuevo presidente del Congreso de la Rep\u00fablica para el per\u00edodo 2015-2016, en reemplazo de la saliente Ana Mar\u00eda Sol\u00f3rzano.<\/p>\n<p>En una elecci\u00f3n sin mayores incidentes y <strong>con votos 70 a favor,<\/strong> el legislador Luis Iberico (<span class=\"caps\">PPC<\/span>&#8211;<span class=\"caps\">APP<\/span>).<\/p>\n<p>Lo acompa\u00f1an en la Mesa Directiva Natalie Condori (Dignidad y Democracia), Mariano Portugal (Uni\u00f3n Regional) y Luis Galarreta (<span class=\"caps\">PPC<\/span>&#8211;<span class=\"caps\">APP<\/span>).<\/p>\n<p>&nbsp;<\/p>\n<p>&nbsp;<\/p>\n","protected":false},"excerpt":{"rendered":"<div class=\"mh-excerpt\"><p>El congresista Luis Iberico (PPC-APP) fue elegido como el nuevo presidente del Congreso de la Rep\u00fablica para el per\u00edodo 2015-2016, en reemplazo de la saliente <a class=\"mh-excerpt-more\" href=\"https:\/\/cietsigubernamental.com\/blog\/luis-iberico-es-elegido-como-el-nuevo-presidente-del-congreso-de-la-republica-73\/\" title=\"Luis Iberico es elegido como el nuevo presidente del Congreso de la Rep\u00fablica\">[&#8230;]<\/a><\/p>\n<\/div>","protected":false},"author":1,"featured_media":74,"comment_status":"open","ping_status":"open","sticky":false,"template":"","format":"standard","meta":{"jetpack_post_was_ever_published":false,"_jetpack_newsletter_access":"","_jetpack_dont_email_post_to_subs":false,"_jetpack_newsletter_tier_id":0,"_jetpack_memberships_contains_paywalled_content":false,"_jetpack_memberships_contains_paid_content":false,"footnotes":"","jetpack_publicize_message":"","jetpack_publicize_feature_enabled":true,"jetpack_social_post_already_shared":false,"jetpack_social_options":{"image_generator_settings":{"template":"highway","default_image_id":0,"font":"","enabled":false},"version":2}},"categories":[2],"tags":[15,14],"class_list":["post-73","post","type-post","status-publish","format-standard","has-post-thumbnail","hentry","category-actualidad","tag-congreso","tag-iberico"],"jetpack_publicize_connections":[],"jetpack_featured_media_url":"https:\/\/i0.wp.com\/cietsigubernamental.com\/blog\/wp-content\/uploads\/2015\/07\/LUIS-IBERICO.jpg?fit=619%2C347&ssl=1","jetpack_sharing_enabled":true,"jetpack_shortlink":"https:\/\/wp.me\/p9RxCY-1b","jetpack-related-posts":[],"_links":{"self":[{"href":"https:\/\/cietsigubernamental.com\/blog\/wp-json\/wp\/v2\/posts\/73","targetHints":{"allow":["GET"]}}],"collection":[{"href":"https:\/\/cietsigubernamental.com\/blog\/wp-json\/wp\/v2\/posts"}],"about":[{"href":"https:\/\/cietsigubernamental.com\/blog\/wp-json\/wp\/v2\/types\/post"}],"author":[{"embeddable":true,"href":"https:\/\/cietsigubernamental.com\/blog\/wp-json\/wp\/v2\/users\/1"}],"replies":[{"embeddable":true,"href":"https:\/\/cietsigubernamental.com\/blog\/wp-json\/wp\/v2\/comments?post=73"}],"version-history":[{"count":1,"href":"https:\/\/cietsigubernamental.com\/blog\/wp-json\/wp\/v2\/posts\/73\/revisions"}],"predecessor-version":[{"id":75,"href":"https:\/\/cietsigubernamental.com\/blog\/wp-json\/wp\/v2\/posts\/73\/revisions\/75"}],"wp:featuredmedia":[{"embeddable":true,"href":"https:\/\/cietsigubernamental.com\/blog\/wp-json\/wp\/v2\/media\/74"}],"wp:attachment":[{"href":"https:\/\/cietsigubernamental.com\/blog\/wp-json\/wp\/v2\/media?parent=73"}],"wp:term":[{"taxonomy":"category","embeddable":true,"href":"https:\/\/cietsigubernamental.com\/blog\/wp-json\/wp\/v2\/categories?post=73"},{"taxonomy":"post_tag","embeddable":true,"href":"https:\/\/cietsigubernamental.com\/blog\/wp-json\/wp\/v2\/tags?post=73"}],"curies":[{"name":"wp","href":"https:\/\/api.w.org\/{rel}","templated":true}]}}