{"id":720,"date":"2018-06-27T23:07:11","date_gmt":"2018-06-27T23:07:11","guid":{"rendered":"http:\/\/cietsigubernamental.com\/blog\/?p=720"},"modified":"2018-06-27T23:07:11","modified_gmt":"2018-06-27T23:07:11","slug":"curso-especializado-gestion-estrategica-de-la-capacitacion-y-desarrollo-2018","status":"publish","type":"post","link":"https:\/\/cietsigubernamental.com\/blog\/curso-especializado-gestion-estrategica-de-la-capacitacion-y-desarrollo-2018-720\/","title":{"rendered":"CURSO ESPECIALIZADO GESTI\u00d3N ESTRAT\u00c9GICA DE LA CAPACITACI\u00d3N Y DESARROLLO 2018"},"content":{"rendered":"<h2 class=\"bigtitle\">CURSO ESPECIALIZADO GESTI\u00d3N ESTRAT\u00c9GICA DE LA CAPACITACI\u00d3N Y DESARROLLO 2018<\/h2>\n<p><strong>Modalidad presencial Chiclayo y Virtual<\/strong><\/p>\n<p>Fecha: Domingo 01 julio 2018<\/p>\n<p>Horario: 9:00am a 2:00pm<\/p>\n<p>Lugar: Auditorio del Hotel Gloria Plaza, Chiclayo [Virgilio Dall\u2019orso &amp; Av. Miguel Grau N\u00ba 397 Chiclayo]<\/p>\n<p>Ponente: Ing. Rolando Malca Correa (Coach Profesional)<\/p>\n<p><strong>Para participar del Curso Especializado:<\/strong><\/p>\n<p>Dejar sus datos en Formulario\u00a0<a href=\"https:\/\/docs.google.com\/forms\/d\/e\/1FAIpQLSd-euDeAIvnRRdLSr7x5mo1dvH9_-yzOeZmmuubWKe_Ja4BPQ\/viewform\" target=\"_blank\" rel=\"noopener\">(Clic aqu\u00ed)<\/a><\/p>\n<p>Oficinas Cietsi: Av. S\u00e1enz Pe\u00f1a 615, Chiclayo; Av. Grau 220, 2do piso, Piura<\/p>\n<p>Tel\u00e9fonos: (074) 637020, (073) 630855<\/p>\n<p>Tambi\u00e9n puede enviarnos sus datos por WhatsApp: 956272261, 968059963<\/p>\n<p><strong><em>\u00a1El presente curso es parte del\u00a0<a href=\"http:\/\/cietsiperu.com\/diplomado\/25\/diplomado-de-alta-especializaciOn-en-gestiOn-de-recursos-humanos-2018--gratuito--nuevo\" target=\"_blank\" rel=\"noopener\">Diplomado de GESTI\u00d3N DE RECURSOS HUMANOS<\/a>!<\/em><\/strong><\/p>\n<div class=\"widget-title\">\n<h3>Dirigido<\/h3>\n<\/div>\n<p>+ A todas las personas que laboran en el \u00e1rea de recursos humanos o est\u00e9n interesadas en generar un valor agregado que les permita obtener una ventaja competitiva en su empresa, a partir de la administraci\u00f3n eficaz y eficiente del potencial humano que busca liderar.<\/p>\n<p>+ Estudiantes y P\u00fablico interesado.<\/p>\n<div class=\"widget-title\">\n<h3>Objetivos<\/h3>\n<\/div>\n<p>Los participantes estar\u00e1n en la capacidad de utilizar las herramientas clave para la construir planes de capacitaci\u00f3n efectivos en cualquier tipo de contexto organizacional.<\/p>\n<div class=\"widget-title\">\n<h3>Aprendizaje<\/h3>\n<\/div>\n<p>Gestiona un plan de capacitaci\u00f3n anual de una organizaci\u00f3n a partir del diagn\u00f3stico de necesidades de capacitaci\u00f3n de los colaboradores de la empresa.<\/p>\n<div class=\"widget-title\">\n<h3>Temario<\/h3>\n<\/div>\n<p>+ Gesti\u00f3n Estrat\u00e9gica de la Capacitaci\u00f3n.<\/p>\n<p>+ Diagn\u00f3stico de Necesidades de Capacitaci\u00f3n.<\/p>\n<p>+ Plan de Capacitaci\u00f3n Anual.<\/p>\n<div class=\"widget-title\">\n<h3>Inversi\u00f3n<\/h3>\n<\/div>\n<p>+ Clientes Cietsi y embajadores: S\/. 50 Soles<\/p>\n<p>+ P\u00fablico general: S\/. 80 Soles<\/p>\n<p><strong>Incluye certificado:<\/strong><\/p>\n<p>A nombre del Centro de Altos Estudios Cietsi, equivalente a 55 horas acad\u00e9micas &#8211; 3 cr\u00e9ditos.<\/p>\n<p><strong>FORMAS DE PAGO:<\/strong><\/p>\n<p>Oficina Chiclayo: Av. S\u00e1enz Pe\u00f1a 615 (Ref. altura con Calle Mar\u00eda Izaga) [Atenci\u00f3n de lunes a s\u00e1bado de 9am a 1pm y de 4pm a 8pm]<\/p>\n<p>Oficina Piura: Av. Grau 220, 2do piso (Ref. altura con Jr. Arequipa) [Atenci\u00f3n de lunes a s\u00e1bado de 9am a 1pm y de 4pm a 8pm] o mediante las <a href=\"http:\/\/cietsiperu.com\/forma-de-pago\" target=\"_blank\" rel=\"noopener\">cuentas bancarias.<\/a><\/p>\n","protected":false},"excerpt":{"rendered":"<div class=\"mh-excerpt\"><p>CURSO ESPECIALIZADO GESTI\u00d3N ESTRAT\u00c9GICA DE LA CAPACITACI\u00d3N Y DESARROLLO 2018 Modalidad presencial Chiclayo y Virtual Fecha: Domingo 01 julio 2018 Horario: 9:00am a 2:00pm Lugar: <a class=\"mh-excerpt-more\" href=\"https:\/\/cietsigubernamental.com\/blog\/curso-especializado-gestion-estrategica-de-la-capacitacion-y-desarrollo-2018-720\/\" title=\"CURSO ESPECIALIZADO GESTI\u00d3N ESTRAT\u00c9GICA DE LA CAPACITACI\u00d3N Y DESARROLLO 2018\">[&#8230;]<\/a><\/p>\n<\/div>","protected":false},"author":1,"featured_media":721,"comment_status":"open","ping_status":"open","sticky":false,"template":"","format":"standard","meta":{"jetpack_post_was_ever_published":false,"_jetpack_newsletter_access":"","_jetpack_dont_email_post_to_subs":false,"_jetpack_newsletter_tier_id":0,"_jetpack_memberships_contains_paywalled_content":false,"_jetpack_memberships_contains_paid_content":false,"footnotes":"","jetpack_publicize_message":"","jetpack_publicize_feature_enabled":true,"jetpack_social_post_already_shared":true,"jetpack_social_options":{"image_generator_settings":{"template":"highway","default_image_id":0,"font":"","enabled":false},"version":2}},"categories":[2,5,24,70],"tags":[],"class_list":["post-720","post","type-post","status-publish","format-standard","has-post-thumbnail","hentry","category-actualidad","category-cursos-talleres-cietsi","category-gestion-publica","category-gubernamental"],"jetpack_publicize_connections":[],"jetpack_featured_media_url":"https:\/\/i0.wp.com\/cietsigubernamental.com\/blog\/wp-content\/uploads\/2018\/06\/CURSO-GESTI%C3%93N-ESTRAT%C3%89GICA-DE-LA-CAPACITACI%C3%93N-Y-DESARROLLO-2-01.jpg?fit=1878%2C946&ssl=1","jetpack_sharing_enabled":true,"jetpack_shortlink":"https:\/\/wp.me\/p9RxCY-bC","jetpack-related-posts":[],"_links":{"self":[{"href":"https:\/\/cietsigubernamental.com\/blog\/wp-json\/wp\/v2\/posts\/720","targetHints":{"allow":["GET"]}}],"collection":[{"href":"https:\/\/cietsigubernamental.com\/blog\/wp-json\/wp\/v2\/posts"}],"about":[{"href":"https:\/\/cietsigubernamental.com\/blog\/wp-json\/wp\/v2\/types\/post"}],"author":[{"embeddable":true,"href":"https:\/\/cietsigubernamental.com\/blog\/wp-json\/wp\/v2\/users\/1"}],"replies":[{"embeddable":true,"href":"https:\/\/cietsigubernamental.com\/blog\/wp-json\/wp\/v2\/comments?post=720"}],"version-history":[{"count":2,"href":"https:\/\/cietsigubernamental.com\/blog\/wp-json\/wp\/v2\/posts\/720\/revisions"}],"predecessor-version":[{"id":723,"href":"https:\/\/cietsigubernamental.com\/blog\/wp-json\/wp\/v2\/posts\/720\/revisions\/723"}],"wp:featuredmedia":[{"embeddable":true,"href":"https:\/\/cietsigubernamental.com\/blog\/wp-json\/wp\/v2\/media\/721"}],"wp:attachment":[{"href":"https:\/\/cietsigubernamental.com\/blog\/wp-json\/wp\/v2\/media?parent=720"}],"wp:term":[{"taxonomy":"category","embeddable":true,"href":"https:\/\/cietsigubernamental.com\/blog\/wp-json\/wp\/v2\/categories?post=720"},{"taxonomy":"post_tag","embeddable":true,"href":"https:\/\/cietsigubernamental.com\/blog\/wp-json\/wp\/v2\/tags?post=720"}],"curies":[{"name":"wp","href":"https:\/\/api.w.org\/{rel}","templated":true}]}}