{"id":702,"date":"2018-06-15T22:14:39","date_gmt":"2018-06-15T22:14:39","guid":{"rendered":"http:\/\/cietsigubernamental.com\/blog\/?p=702"},"modified":"2018-06-15T22:17:38","modified_gmt":"2018-06-15T22:17:38","slug":"ser-papa-en-el-peru-del-siglo-xxi","status":"publish","type":"post","link":"https:\/\/cietsigubernamental.com\/blog\/ser-papa-en-el-peru-del-siglo-xxi-702\/","title":{"rendered":"SER PAP\u00c1 EN EL PER\u00da DEL SIGLO XXI"},"content":{"rendered":"<p>El siglo XXI no solo significa una nueva era en la historia de la humanidad, sino que tambi\u00e9n representa una experiencia de vida compleja y desafiante para quienes somos pap\u00e1s, puesto que el Per\u00fa del nuevo milenio nos viene enfrentando \u2013 en estas dos primeras d\u00e9cadas del siglo XXI -, a un convulso escenario social marcado por el c\u00e1ncer de la corrupci\u00f3n institucionalizada, el incremento de la pobreza y la inseguridad ciudadana, as\u00ed como la violencia de g\u00e9nero y el problema de la salud mental. En medio de este intrincado entorno social en el que se encuentra nuestro pa\u00eds, ser pap\u00e1 en el Per\u00fa del siglo XXI, constituye un verdadero desaf\u00edo para quienes buscamos edificar una familia, debido a que, principalmente la estructura familiar se ha visto resquebrajada en este nuevo siglo. As\u00ed por ejemplo, si se analiza la presencia del padre en los hogares peruanos, se descubre que de acuerdo con la Encuesta Demogr\u00e1fica y de Salud Familiar (ENDES), en 1992, el 85% de hogares la jefatura era masculina, mientras que para el 2015 hubo una disminuci\u00f3n de once puntos porcentuales. El incremento de los hogares con jefatura femenina estar\u00eda relacionado con el importante aumento de las mujeres divorciadas, separadas y viudas durante el mismo lapso. No cabe duda, que detr\u00e1s de esta preocupante realidad, la ausencia de la figura paterna tambi\u00e9n genera un impacto entre los miembros de la familia: desbalance en la econom\u00eda del hogar, trastornos psicol\u00f3gicos en los hijos e incremento del estr\u00e9s y problemas de salud en la madre, quien debe en muchas ocasiones mantener y criar sola a sus hijos.<\/p>\n<p><img data-recalc-dims=\"1\" loading=\"lazy\" decoding=\"async\" data-attachment-id=\"703\" data-permalink=\"https:\/\/cietsigubernamental.com\/blog\/ser-papa-en-el-peru-del-siglo-xxi-702\/5d69e54e-ac20-437f-8a6b-3afb712ba466\/\" data-orig-file=\"https:\/\/i0.wp.com\/cietsigubernamental.com\/blog\/wp-content\/uploads\/2018\/06\/5d69e54e-ac20-437f-8a6b-3afb712ba466.jpg?fit=1200%2C821&amp;ssl=1\" data-orig-size=\"1200,821\" data-comments-opened=\"1\" data-image-meta=\"{&quot;aperture&quot;:&quot;4&quot;,&quot;credit&quot;:&quot;&quot;,&quot;camera&quot;:&quot;NIKON D300S&quot;,&quot;caption&quot;:&quot;&quot;,&quot;created_timestamp&quot;:&quot;1330002709&quot;,&quot;copyright&quot;:&quot;&quot;,&quot;focal_length&quot;:&quot;44&quot;,&quot;iso&quot;:&quot;1000&quot;,&quot;shutter_speed&quot;:&quot;0.033333333333333&quot;,&quot;title&quot;:&quot;&quot;,&quot;orientation&quot;:&quot;1&quot;}\" data-image-title=\"familia\" data-image-description=\"\" data-image-caption=\"\" data-large-file=\"https:\/\/i0.wp.com\/cietsigubernamental.com\/blog\/wp-content\/uploads\/2018\/06\/5d69e54e-ac20-437f-8a6b-3afb712ba466.jpg?fit=1024%2C701&amp;ssl=1\" class=\"aligncenter wp-image-703 size-large\" src=\"https:\/\/i0.wp.com\/cietsigubernamental.com\/blog\/wp-content\/uploads\/2018\/06\/5d69e54e-ac20-437f-8a6b-3afb712ba466.jpg?resize=620%2C424&#038;ssl=1\" alt=\"\" width=\"620\" height=\"424\" srcset=\"https:\/\/i0.wp.com\/cietsigubernamental.com\/blog\/wp-content\/uploads\/2018\/06\/5d69e54e-ac20-437f-8a6b-3afb712ba466.jpg?resize=1024%2C701&amp;ssl=1 1024w, https:\/\/i0.wp.com\/cietsigubernamental.com\/blog\/wp-content\/uploads\/2018\/06\/5d69e54e-ac20-437f-8a6b-3afb712ba466.jpg?resize=300%2C205&amp;ssl=1 300w, https:\/\/i0.wp.com\/cietsigubernamental.com\/blog\/wp-content\/uploads\/2018\/06\/5d69e54e-ac20-437f-8a6b-3afb712ba466.jpg?resize=768%2C525&amp;ssl=1 768w, https:\/\/i0.wp.com\/cietsigubernamental.com\/blog\/wp-content\/uploads\/2018\/06\/5d69e54e-ac20-437f-8a6b-3afb712ba466.jpg?w=1200&amp;ssl=1 1200w\" sizes=\"auto, (max-width: 620px) 100vw, 620px\" \/><\/p>\n<p>Pregunt\u00e9monos, \u00bfc\u00f3mo afecta la corrupci\u00f3n institucionalizada en rol del padre peruano? Aunque no existen investigaciones o estudios cient\u00edficos que analicen la relaci\u00f3n entre estas dos variables, desde mi experiencia del ejercicio de la paternidad, puedo advertir que el c\u00e1ncer de la corrupci\u00f3n institucionalizada en nuestro pa\u00eds, tambi\u00e9n influye en rol del pap\u00e1 peruano, porque, muchas veces este mal end\u00e9mico de nuestra sociedad lo enfrentar\u00e1 a situaciones l\u00edmites, donde en no pocas ocasiones, las necesidades materiales familiares lo obligar\u00e1n a sucumbir ante las tentaciones que la corrupci\u00f3n le presenta. Asimismo, m\u00e1s all\u00e1 de la dimensi\u00f3n material de la corrupci\u00f3n, esta se vuelve en un mal h\u00e1bito que penetra los cimientos de la familia &#8211; donde dicho sea de paso se advierte una carencia y fragilidad en la formaci\u00f3n de valores-, convirti\u00e9ndose de esta manera en un pernicioso referente de vida para los hijos, quienes empiezan a entender que la corrupci\u00f3n es una pr\u00e1ctica com\u00fan y v\u00e1lida que se debe perennizar en nuestra relaciones sociales e interpersonales. As\u00ed por ejemplo, un pap\u00e1 podr\u00eda decirle a su hijo que muchas veces para obtener un puesto laboral, una licencia de conducir o un trato preferencial en una entidad del Estado, es necesario pagar una coima. Como se puede apreciar en este sencillo ejemplo, la corrupci\u00f3n se va convirtiendo en un raro fen\u00f3meno hereditario que, de esta manera, deteriora los cimientos de la familia, puesto que, coloca el inter\u00e9s y la satisfacci\u00f3n de las expectativas personales por encima del bien com\u00fan.<\/p>\n<p><img data-recalc-dims=\"1\" loading=\"lazy\" decoding=\"async\" data-attachment-id=\"704\" data-permalink=\"https:\/\/cietsigubernamental.com\/blog\/ser-papa-en-el-peru-del-siglo-xxi-702\/familia-unida-2-1024x491\/\" data-orig-file=\"https:\/\/i0.wp.com\/cietsigubernamental.com\/blog\/wp-content\/uploads\/2018\/06\/familia-unida-2-1024x491.jpg?fit=1024%2C491&amp;ssl=1\" data-orig-size=\"1024,491\" data-comments-opened=\"1\" data-image-meta=\"{&quot;aperture&quot;:&quot;0&quot;,&quot;credit&quot;:&quot;&quot;,&quot;camera&quot;:&quot;&quot;,&quot;caption&quot;:&quot;&quot;,&quot;created_timestamp&quot;:&quot;0&quot;,&quot;copyright&quot;:&quot;&quot;,&quot;focal_length&quot;:&quot;0&quot;,&quot;iso&quot;:&quot;0&quot;,&quot;shutter_speed&quot;:&quot;0&quot;,&quot;title&quot;:&quot;&quot;,&quot;orientation&quot;:&quot;0&quot;}\" data-image-title=\"familia\" data-image-description=\"\" data-image-caption=\"\" data-large-file=\"https:\/\/i0.wp.com\/cietsigubernamental.com\/blog\/wp-content\/uploads\/2018\/06\/familia-unida-2-1024x491.jpg?fit=1024%2C491&amp;ssl=1\" class=\"wp-image-704 size-large aligncenter\" src=\"https:\/\/i0.wp.com\/cietsigubernamental.com\/blog\/wp-content\/uploads\/2018\/06\/familia-unida-2-1024x491-1024x491.jpg?resize=620%2C297&#038;ssl=1\" alt=\"\" width=\"620\" height=\"297\" srcset=\"https:\/\/i0.wp.com\/cietsigubernamental.com\/blog\/wp-content\/uploads\/2018\/06\/familia-unida-2-1024x491.jpg?resize=1024%2C491&amp;ssl=1 1024w, https:\/\/i0.wp.com\/cietsigubernamental.com\/blog\/wp-content\/uploads\/2018\/06\/familia-unida-2-1024x491.jpg?resize=300%2C144&amp;ssl=1 300w, https:\/\/i0.wp.com\/cietsigubernamental.com\/blog\/wp-content\/uploads\/2018\/06\/familia-unida-2-1024x491.jpg?resize=768%2C368&amp;ssl=1 768w\" sizes=\"auto, (max-width: 620px) 100vw, 620px\" \/><\/p>\n<p>Por otro lado, sab\u00edan ustedes que seg\u00fan la Encuesta Nacional de Hogares (Enaho), realizada por el INEI, la tasa de pobreza se elev\u00f3 un punto porcentual el a\u00f1o pasado, al pasar del 20,7% al 21,7% de la poblaci\u00f3n. Asimismo, el hacinamiento, la falta de acceso a la salud y a los servicios b\u00e1sicos son problemas que enfrentan las personas pobres que viven en la ciudad. Solo el 5 % de peruanos pobres tiene acceso a un empleo formal por lo que muchas de ellos sobreviven gracias a programas sociales como comedores populares. Es en este dif\u00edcil contexto, en el que muchos pap\u00e1s deben sacar adelante a sus familias, tarea nada sencilla, que requiere de una enorme fuerza de voluntad por parte del progenitor. De ah\u00ed que muchos jefes de hogar, ante la falta de oportunidades de acceder a un empleo formal o la precarizaci\u00f3n de las condiciones laborales en las que muchos de ellos trabajan, encuentran en el comercio informal una opci\u00f3n para generar ingresos econ\u00f3micos que permitan satisfacer las necesidades b\u00e1sica de la familia; sin embargo, muchas \u00a0veces estos no permiten cubrir la canasta familiar, por lo que los dem\u00e1s miembros de la familia deben tambi\u00e9n colaborar con la econom\u00eda del hogar. Aqu\u00ed se desencadena otra consecuencia de la problem\u00e1tica de la pobreza en el Per\u00fa; es decir, muchos ni\u00f1os que pertenecen a hogares pobres se ven en la necesidad de trabajar desde muy peque\u00f1os, postergando en muchas ocasiones su proyecto de vida personal; por ello, se dice tambi\u00e9n que la pobreza se convierte en un c\u00edrculo vicioso y muy dif\u00edcil de romper.<\/p>\n<p><img data-recalc-dims=\"1\" loading=\"lazy\" decoding=\"async\" data-attachment-id=\"705\" data-permalink=\"https:\/\/cietsigubernamental.com\/blog\/ser-papa-en-el-peru-del-siglo-xxi-702\/familia\/\" data-orig-file=\"https:\/\/i0.wp.com\/cietsigubernamental.com\/blog\/wp-content\/uploads\/2018\/06\/Familia.jpg?fit=1400%2C929&amp;ssl=1\" data-orig-size=\"1400,929\" data-comments-opened=\"1\" data-image-meta=\"{&quot;aperture&quot;:&quot;0&quot;,&quot;credit&quot;:&quot;&quot;,&quot;camera&quot;:&quot;&quot;,&quot;caption&quot;:&quot;&quot;,&quot;created_timestamp&quot;:&quot;0&quot;,&quot;copyright&quot;:&quot;&quot;,&quot;focal_length&quot;:&quot;0&quot;,&quot;iso&quot;:&quot;0&quot;,&quot;shutter_speed&quot;:&quot;0&quot;,&quot;title&quot;:&quot;&quot;,&quot;orientation&quot;:&quot;0&quot;}\" data-image-title=\"Familia\" data-image-description=\"\" data-image-caption=\"\" data-large-file=\"https:\/\/i0.wp.com\/cietsigubernamental.com\/blog\/wp-content\/uploads\/2018\/06\/Familia.jpg?fit=1024%2C679&amp;ssl=1\" class=\"aligncenter wp-image-705 size-large\" src=\"https:\/\/i0.wp.com\/cietsigubernamental.com\/blog\/wp-content\/uploads\/2018\/06\/Familia.jpg?resize=620%2C411&#038;ssl=1\" alt=\"\" width=\"620\" height=\"411\" srcset=\"https:\/\/i0.wp.com\/cietsigubernamental.com\/blog\/wp-content\/uploads\/2018\/06\/Familia.jpg?resize=1024%2C679&amp;ssl=1 1024w, https:\/\/i0.wp.com\/cietsigubernamental.com\/blog\/wp-content\/uploads\/2018\/06\/Familia.jpg?resize=300%2C199&amp;ssl=1 300w, https:\/\/i0.wp.com\/cietsigubernamental.com\/blog\/wp-content\/uploads\/2018\/06\/Familia.jpg?resize=768%2C510&amp;ssl=1 768w, https:\/\/i0.wp.com\/cietsigubernamental.com\/blog\/wp-content\/uploads\/2018\/06\/Familia.jpg?w=1400&amp;ssl=1 1400w\" sizes=\"auto, (max-width: 620px) 100vw, 620px\" \/><\/p>\n<p>Otro problem\u00e1tica social que significa todo un desaf\u00edo para el rol del pap\u00e1 peruano del siglo XXI es la inseguridad ciudadana que diariamente pone en vilo a nuestra sociedad y lamentablemente acaba con la vida de muchos compatriotas. No cabe duda, que la inseguridad ciudadana es una clara amenaza tambi\u00e9n para las familias, porque, ahora debemos destinar recursos para implementar sistemas de video vigilancia, asegurar puertas y ventanas e incluso pagar servicios de seguridad particular para contrarrestar esta ola de violencia que crece de forma exponencial. Al considerarse la seguridad una necesidad b\u00e1sica para toda familia, entonces, ello significa que muchas veces los pap\u00e1s nos veamos en la imperiosa obligaci\u00f3n de invertir parte de nuestros ingresos para proteger a la familia; sin embargo, estos costos generan un impacto en la econom\u00eda del hogar, lo que conlleva a que los padres busquen otras fuentes de ingresos, y por ende, su ausencia en el hogar aumenta. Lamentablemente, nadie est\u00e1 libre de que ladrones entren a su casa a robar. De acuerdo con el INEI, una de cada diez viviendas de las ciudades peruanas ha sufrido un robo o intento de robo. Esta percepci\u00f3n est\u00e1 haciendo que cada vez m\u00e1s peruanos opten por contratar un sistema de alarma en sus hogares. Otro impacto que tambi\u00e9n nos deja la inseguridad ciudadana es la desconfianza generalizada por el otro que se puede percibir en la mayor\u00eda de peruanos; dicho de otro modo, este temor razonable est\u00e1 tambi\u00e9n mellando nuestras relaciones interpersonales, en nuestra condici\u00f3n de ciudadanos y vecinos de una determinada comunidad.<\/p>\n<p><img data-recalc-dims=\"1\" loading=\"lazy\" decoding=\"async\" data-attachment-id=\"706\" data-permalink=\"https:\/\/cietsigubernamental.com\/blog\/ser-papa-en-el-peru-del-siglo-xxi-702\/nuevo\/\" data-orig-file=\"https:\/\/i0.wp.com\/cietsigubernamental.com\/blog\/wp-content\/uploads\/2018\/06\/NUEVO.jpg?fit=800%2C434&amp;ssl=1\" data-orig-size=\"800,434\" data-comments-opened=\"1\" data-image-meta=\"{&quot;aperture&quot;:&quot;0&quot;,&quot;credit&quot;:&quot;&quot;,&quot;camera&quot;:&quot;&quot;,&quot;caption&quot;:&quot;&quot;,&quot;created_timestamp&quot;:&quot;0&quot;,&quot;copyright&quot;:&quot;&quot;,&quot;focal_length&quot;:&quot;0&quot;,&quot;iso&quot;:&quot;0&quot;,&quot;shutter_speed&quot;:&quot;0&quot;,&quot;title&quot;:&quot;&quot;,&quot;orientation&quot;:&quot;0&quot;}\" data-image-title=\"familia\" data-image-description=\"\" data-image-caption=\"\" data-large-file=\"https:\/\/i0.wp.com\/cietsigubernamental.com\/blog\/wp-content\/uploads\/2018\/06\/NUEVO.jpg?fit=800%2C434&amp;ssl=1\" class=\"aligncenter wp-image-706 size-content\" src=\"https:\/\/i0.wp.com\/cietsigubernamental.com\/blog\/wp-content\/uploads\/2018\/06\/NUEVO.jpg?resize=620%2C264&#038;ssl=1\" alt=\"\" width=\"620\" height=\"264\" \/><\/p>\n<p>Ahora bien, la violencia de g\u00e9nero en el Per\u00fa tiene un estrecho v\u00ednculo con la figura del padre, debido a que, en la mayor parte de los casos esta violencia tiene como agresor o victimario al pap\u00e1, quien intenta justificar su vehemencia debido a las dificultades econ\u00f3micas, celos o conflictos de pareja. Sin embargo, no podemos dejar de reconocer que muchos hombres ejercen su paternidad a la sombra de una formaci\u00f3n que es resultado de una marcada cultura patriarcal y machista; es decir, ellos repiten patrones de crianza con los hijos y relaciones de pareja que aprendieron en sus familias de origen. De ah\u00ed que sea preciso reparar en las palabras de la investigadora y catedr\u00e1tica canadiense Toni Schmader, profesora de psicolog\u00eda en la Universidad de British Columbia, quien refiere: <em>\u201cCuando se aprenden los roles de g\u00e9nero, las acciones y actitudes impl\u00edcitas hablan m\u00e1s que las palabras\u201d<\/em>; y en otro momento se\u00f1ala que: <em>\u201cLos padres est\u00e1n orgullosos de ense\u00f1ar a sus hijos que ellos pueden ser lo que quieran. Sin embargo, el comportamiento de los padres y la propia cultura siguen reforzando los roles de g\u00e9nero tradicionales femeninos\u201d<\/em>. Es decir, que los ni\u00f1os no solo se fijan en las palabras y su educaci\u00f3n viene dada por el comportamiento familiar, factores como que mam\u00e1 limpie o cocine m\u00e1s que pap\u00e1 o que pap\u00e1 trabaje m\u00e1s tiempo fuera de casa que mam\u00e1 influyen y afectan al desarrollo futuro de los ni\u00f1os. Esto \u00faltimo, debo merecer nuestra atenci\u00f3n como sociedad y familia, porque quienes tenemos el rol de progenitores sabemos que nuestro comportamiento tiene una enorme repercusi\u00f3n positiva y negativa en la formaci\u00f3n de los hijos.<\/p>\n<p><img data-recalc-dims=\"1\" loading=\"lazy\" decoding=\"async\" data-attachment-id=\"707\" data-permalink=\"https:\/\/cietsigubernamental.com\/blog\/ser-papa-en-el-peru-del-siglo-xxi-702\/attachment\/3\/\" data-orig-file=\"https:\/\/i0.wp.com\/cietsigubernamental.com\/blog\/wp-content\/uploads\/2018\/06\/3.jpeg?fit=710%2C498&amp;ssl=1\" data-orig-size=\"710,498\" data-comments-opened=\"1\" data-image-meta=\"{&quot;aperture&quot;:&quot;0&quot;,&quot;credit&quot;:&quot;&quot;,&quot;camera&quot;:&quot;&quot;,&quot;caption&quot;:&quot;&quot;,&quot;created_timestamp&quot;:&quot;0&quot;,&quot;copyright&quot;:&quot;&quot;,&quot;focal_length&quot;:&quot;0&quot;,&quot;iso&quot;:&quot;0&quot;,&quot;shutter_speed&quot;:&quot;0&quot;,&quot;title&quot;:&quot;&quot;,&quot;orientation&quot;:&quot;0&quot;}\" data-image-title=\"familia\" data-image-description=\"\" data-image-caption=\"\" data-large-file=\"https:\/\/i0.wp.com\/cietsigubernamental.com\/blog\/wp-content\/uploads\/2018\/06\/3.jpeg?fit=710%2C498&amp;ssl=1\" class=\"aligncenter wp-image-707 size-content\" src=\"https:\/\/i0.wp.com\/cietsigubernamental.com\/blog\/wp-content\/uploads\/2018\/06\/3.jpeg?resize=620%2C264&#038;ssl=1\" alt=\"\" width=\"620\" height=\"264\" \/><\/p>\n<p>Por \u00faltimo, el problema de salud mental tambi\u00e9n guarda estrecha relaci\u00f3n con la funci\u00f3n que ejercen los pap\u00e1s en el Per\u00fa, debido a que, muchos de ellos ignoran que padecen de alg\u00fan tipo de trastorno de personalidad, porque consideran que la salud mental no es tan relevante como la fisiol\u00f3gica. Cabe mencionar que en el Per\u00fa, 2 de cada 10 personas sufren alg\u00fan problema mental al a\u00f1o. Asimismo, el 30% de la poblaci\u00f3n ha padecido un trastorno alguna vez en su vida. De los 6 millones de potenciales pacientes, solo un mill\u00f3n es atendido en el Minsa. La depresi\u00f3n y la ansiedad son los problemas m\u00e1s recurrentes. Si bien faltan mayores recursos, hogares deben priorizar la salud mental de sus integrantes. Y por las condiciones de vida tan dif\u00edciles que debemos enfrentar en nuestra sociedad, no es exagerado pensar que muchos pap\u00e1s manifiesten una clara tendencia a desarrollar cuadros de depresi\u00f3n y ansiedad, lo que a los postre desencadenar\u00e1 en muchos conflictos intrapersonales y tambi\u00e9n de violencia familiar, donde los hijos se convierten en v\u00edctimas de sus propios progenitores. De acuerdo con, Rolando Pomalima Rodr\u00edguez, psiquiatra y director de Investigaci\u00f3n Docencia y Atenci\u00f3n Especializada en Ni\u00f1os y Adolescentes del INSM, refiere que en dicha instituci\u00f3n lo que prevalece son los trastornos depresivos asociados a ideas suicidas. <em>\u201cLa ideaci\u00f3n suicida es muy frecuente en el pa\u00eds y aparece en todos los estudios epidemiol\u00f3gicos desde el a\u00f1o 2012. Estos revelan que hay un 20% o 25% de adolescentes que tienen deseos de morir y un 10% o 15% que intenta llevar a cabo su intensi\u00f3n\u201d<\/em>.<\/p>\n<p><img data-recalc-dims=\"1\" loading=\"lazy\" decoding=\"async\" data-attachment-id=\"708\" data-permalink=\"https:\/\/cietsigubernamental.com\/blog\/ser-papa-en-el-peru-del-siglo-xxi-702\/piura\/\" data-orig-file=\"https:\/\/i0.wp.com\/cietsigubernamental.com\/blog\/wp-content\/uploads\/2018\/06\/piura.jpg?fit=3456%2C2304&amp;ssl=1\" data-orig-size=\"3456,2304\" data-comments-opened=\"1\" data-image-meta=\"{&quot;aperture&quot;:&quot;4&quot;,&quot;credit&quot;:&quot;&quot;,&quot;camera&quot;:&quot;Canon EOS REBEL T5i&quot;,&quot;caption&quot;:&quot;&quot;,&quot;created_timestamp&quot;:&quot;1486065884&quot;,&quot;copyright&quot;:&quot;&quot;,&quot;focal_length&quot;:&quot;18&quot;,&quot;iso&quot;:&quot;800&quot;,&quot;shutter_speed&quot;:&quot;0.016666666666667&quot;,&quot;title&quot;:&quot;&quot;,&quot;orientation&quot;:&quot;1&quot;}\" data-image-title=\"familia\" data-image-description=\"\" data-image-caption=\"\" data-large-file=\"https:\/\/i0.wp.com\/cietsigubernamental.com\/blog\/wp-content\/uploads\/2018\/06\/piura.jpg?fit=1024%2C683&amp;ssl=1\" class=\"aligncenter wp-image-708 size-large\" src=\"https:\/\/i0.wp.com\/cietsigubernamental.com\/blog\/wp-content\/uploads\/2018\/06\/piura.jpg?resize=620%2C414&#038;ssl=1\" alt=\"\" width=\"620\" height=\"414\" srcset=\"https:\/\/i0.wp.com\/cietsigubernamental.com\/blog\/wp-content\/uploads\/2018\/06\/piura.jpg?resize=1024%2C683&amp;ssl=1 1024w, https:\/\/i0.wp.com\/cietsigubernamental.com\/blog\/wp-content\/uploads\/2018\/06\/piura.jpg?resize=300%2C200&amp;ssl=1 300w, https:\/\/i0.wp.com\/cietsigubernamental.com\/blog\/wp-content\/uploads\/2018\/06\/piura.jpg?resize=768%2C512&amp;ssl=1 768w, https:\/\/i0.wp.com\/cietsigubernamental.com\/blog\/wp-content\/uploads\/2018\/06\/piura.jpg?w=2000&amp;ssl=1 2000w, https:\/\/i0.wp.com\/cietsigubernamental.com\/blog\/wp-content\/uploads\/2018\/06\/piura.jpg?w=3000&amp;ssl=1 3000w\" sizes=\"auto, (max-width: 620px) 100vw, 620px\" \/><\/p>\n<p>Como se puede inferir, ser pap\u00e1 en el Per\u00fa del siglo XXI no es un rol sencillo de ejercer, estas dos primeras d\u00e9cadas del nuevo milenio nos enfrenta a importantes desaf\u00edos y problemas sociales con que debemos lidiar todos los d\u00edas; sin embargo, tenemos tambi\u00e9n la enorme responsabilidad de buscar mecanismos y estrategias que nos ayuden a superar estas dificultades. Quiz\u00e1s sea viable la posibilidad de gestionar, desde la sociedad civil, iniciativas ciudadanas que contribuyan con desarrollar buenas pr\u00e1cticas de convivencia familiar. Un llamado, a trav\u00e9s de este escrito, a los candidatos que aspiran en convertirse en nuevas autoridades distritales, municipales y regionales, en las elecciones de octubre, para que incluyan dentro de sus planes de gobierno, programas para la promoci\u00f3n y fomento de la familia, en tanto n\u00facleo b\u00e1sico de la sociedad, llamada a convertirse en generadora del cambio social que todos deseamos para nuestro pa\u00eds. Finalmente, quiero aprovechar este espacio para saludar a todos los pap\u00e1s del pa\u00eds, y de manera especial, mi reconocimiento y agradecimiento a todos aquellos padres que se esfuerzan por seguir formando con valores a sus hijos. No quiero terminar sin antes, agradecer infinitamente a don Enrique Nicol\u00e1s, mi pap\u00e1, por su ejemplo de vida y por legarnos, a sus cinco hijos, la mejor de las herencias que una persona puede recibir: amor, valores y educaci\u00f3n.<\/p>\n<p><b>JES\u00daS ALBERTO PAIBA SAMAM\u00c9<\/b><\/p>\n<p><em>Docente universitario &amp; Capacitador CIETSI<\/em><\/p>\n","protected":false},"excerpt":{"rendered":"<div class=\"mh-excerpt\"><p>El siglo XXI no solo significa una nueva era en la historia de la humanidad, sino que tambi\u00e9n representa una experiencia de vida compleja y <a class=\"mh-excerpt-more\" href=\"https:\/\/cietsigubernamental.com\/blog\/ser-papa-en-el-peru-del-siglo-xxi-702\/\" title=\"SER PAP\u00c1 EN EL PER\u00da DEL SIGLO XXI\">[&#8230;]<\/a><\/p>\n<\/div>","protected":false},"author":1,"featured_media":709,"comment_status":"open","ping_status":"open","sticky":false,"template":"","format":"standard","meta":{"jetpack_post_was_ever_published":false,"_jetpack_newsletter_access":"","_jetpack_dont_email_post_to_subs":false,"_jetpack_newsletter_tier_id":0,"_jetpack_memberships_contains_paywalled_content":false,"_jetpack_memberships_contains_paid_content":false,"footnotes":"","jetpack_publicize_message":"","jetpack_publicize_feature_enabled":true,"jetpack_social_post_already_shared":true,"jetpack_social_options":{"image_generator_settings":{"template":"highway","default_image_id":0,"font":"","enabled":false},"version":2}},"categories":[2],"tags":[],"class_list":["post-702","post","type-post","status-publish","format-standard","has-post-thumbnail","hentry","category-actualidad"],"jetpack_publicize_connections":[],"jetpack_featured_media_url":"https:\/\/i0.wp.com\/cietsigubernamental.com\/blog\/wp-content\/uploads\/2018\/06\/CURSO-DE-SEGURIDAD-Y-SALUD2.jpg?fit=3456%2C2304&ssl=1","jetpack_sharing_enabled":true,"jetpack_shortlink":"https:\/\/wp.me\/p9RxCY-bk","jetpack-related-posts":[],"_links":{"self":[{"href":"https:\/\/cietsigubernamental.com\/blog\/wp-json\/wp\/v2\/posts\/702","targetHints":{"allow":["GET"]}}],"collection":[{"href":"https:\/\/cietsigubernamental.com\/blog\/wp-json\/wp\/v2\/posts"}],"about":[{"href":"https:\/\/cietsigubernamental.com\/blog\/wp-json\/wp\/v2\/types\/post"}],"author":[{"embeddable":true,"href":"https:\/\/cietsigubernamental.com\/blog\/wp-json\/wp\/v2\/users\/1"}],"replies":[{"embeddable":true,"href":"https:\/\/cietsigubernamental.com\/blog\/wp-json\/wp\/v2\/comments?post=702"}],"version-history":[{"count":3,"href":"https:\/\/cietsigubernamental.com\/blog\/wp-json\/wp\/v2\/posts\/702\/revisions"}],"predecessor-version":[{"id":712,"href":"https:\/\/cietsigubernamental.com\/blog\/wp-json\/wp\/v2\/posts\/702\/revisions\/712"}],"wp:featuredmedia":[{"embeddable":true,"href":"https:\/\/cietsigubernamental.com\/blog\/wp-json\/wp\/v2\/media\/709"}],"wp:attachment":[{"href":"https:\/\/cietsigubernamental.com\/blog\/wp-json\/wp\/v2\/media?parent=702"}],"wp:term":[{"taxonomy":"category","embeddable":true,"href":"https:\/\/cietsigubernamental.com\/blog\/wp-json\/wp\/v2\/categories?post=702"},{"taxonomy":"post_tag","embeddable":true,"href":"https:\/\/cietsigubernamental.com\/blog\/wp-json\/wp\/v2\/tags?post=702"}],"curies":[{"name":"wp","href":"https:\/\/api.w.org\/{rel}","templated":true}]}}