{"id":64,"date":"2015-07-23T02:02:34","date_gmt":"2015-07-23T02:02:34","guid":{"rendered":"http:\/\/cietsigubernamental.com\/blog\/?p=64"},"modified":"2015-07-23T02:02:34","modified_gmt":"2015-07-23T02:02:34","slug":"lunes-27-de-julio-2015-feriado-no-laborable","status":"publish","type":"post","link":"https:\/\/cietsigubernamental.com\/blog\/lunes-27-de-julio-2015-feriado-no-laborable-64\/","title":{"rendered":"Lunes 27 de Julio 2015 feriado no laborable"},"content":{"rendered":"<p>El pr\u00f3ximo lunes 27 de julio, v\u00edsperas de fiestas patrias, ser\u00e1 feriado no laborable para el sector p\u00fablico, mientras que para el sector privado deber\u00e1 haber acuerdo entre empleador y trabajadores con miras a recuperar las horas no trabajadas, inform\u00f3 el ministro del sector, Daniel Maurate.<\/p>\n<div><\/div>\n<div>Explic\u00f3 que si bien inicialmente el acuerdo fue descartar el feriado,<strong> luego de un intenso debate en la sesi\u00f3n del Consejo de Ministros de hoy, se decidi\u00f3 que proceda el feriado. \u00a0<\/strong><\/div>\n<div><\/div>\n<div>Maurate consider\u00f3 que la decisi\u00f3n es \u00abuna buena noticia para todos los trabajadores del Per\u00fa\u00bb.<\/div>\n<div><\/div>\n<div>\u00abEs verdad que ha habido un intenso debate, pero la conclusi\u00f3n es que el d\u00eda lunes tendremos feriado para los trabajadores del sector p\u00fablico y tambi\u00e9n para el privado, previo acuerdo entre trabajadores y empleadores, a fin de que luego se recuperen las horas\u00bb, afirm\u00f3 en declaraciones a RPP.<\/div>\n<div><\/div>\n<div>El ministro explic\u00f3 que al principio hubo resistencia de declarar este feriado \u00abpuente\u00bb al considerar que podr\u00eda afectarse la productividad y el crecimiento del PBI.<\/div>\n<div><\/div>\n<div>No obstante, tras el an\u00e1lisis en el Consejo de Ministros, se tom\u00f3 la decisi\u00f3n de declarar el feriado.<\/div>\n<div><\/div>\n<div>Fuente: Andina<\/div>\n","protected":false},"excerpt":{"rendered":"<div class=\"mh-excerpt\"><p>El pr\u00f3ximo lunes 27 de julio, v\u00edsperas de fiestas patrias, ser\u00e1 feriado no laborable para el sector p\u00fablico, mientras que para el sector privado deber\u00e1 <a class=\"mh-excerpt-more\" href=\"https:\/\/cietsigubernamental.com\/blog\/lunes-27-de-julio-2015-feriado-no-laborable-64\/\" title=\"Lunes 27 de Julio 2015 feriado no laborable\">[&#8230;]<\/a><\/p>\n<\/div>","protected":false},"author":1,"featured_media":65,"comment_status":"open","ping_status":"open","sticky":false,"template":"","format":"standard","meta":{"jetpack_post_was_ever_published":false,"_jetpack_newsletter_access":"","_jetpack_dont_email_post_to_subs":false,"_jetpack_newsletter_tier_id":0,"_jetpack_memberships_contains_paywalled_content":false,"_jetpack_memberships_contains_paid_content":false,"footnotes":"","jetpack_publicize_message":"","jetpack_publicize_feature_enabled":true,"jetpack_social_post_already_shared":false,"jetpack_social_options":{"image_generator_settings":{"template":"highway","default_image_id":0,"font":"","enabled":false},"version":2}},"categories":[2],"tags":[9,10,11],"class_list":["post-64","post","type-post","status-publish","format-standard","has-post-thumbnail","hentry","category-actualidad","tag-feriado","tag-fiestas","tag-patrias"],"jetpack_publicize_connections":[],"jetpack_featured_media_url":"https:\/\/i0.wp.com\/cietsigubernamental.com\/blog\/wp-content\/uploads\/2015\/07\/aaa.jpg?fit=619%2C347&ssl=1","jetpack_sharing_enabled":true,"jetpack_shortlink":"https:\/\/wp.me\/p9RxCY-12","jetpack-related-posts":[],"_links":{"self":[{"href":"https:\/\/cietsigubernamental.com\/blog\/wp-json\/wp\/v2\/posts\/64","targetHints":{"allow":["GET"]}}],"collection":[{"href":"https:\/\/cietsigubernamental.com\/blog\/wp-json\/wp\/v2\/posts"}],"about":[{"href":"https:\/\/cietsigubernamental.com\/blog\/wp-json\/wp\/v2\/types\/post"}],"author":[{"embeddable":true,"href":"https:\/\/cietsigubernamental.com\/blog\/wp-json\/wp\/v2\/users\/1"}],"replies":[{"embeddable":true,"href":"https:\/\/cietsigubernamental.com\/blog\/wp-json\/wp\/v2\/comments?post=64"}],"version-history":[{"count":1,"href":"https:\/\/cietsigubernamental.com\/blog\/wp-json\/wp\/v2\/posts\/64\/revisions"}],"predecessor-version":[{"id":66,"href":"https:\/\/cietsigubernamental.com\/blog\/wp-json\/wp\/v2\/posts\/64\/revisions\/66"}],"wp:featuredmedia":[{"embeddable":true,"href":"https:\/\/cietsigubernamental.com\/blog\/wp-json\/wp\/v2\/media\/65"}],"wp:attachment":[{"href":"https:\/\/cietsigubernamental.com\/blog\/wp-json\/wp\/v2\/media?parent=64"}],"wp:term":[{"taxonomy":"category","embeddable":true,"href":"https:\/\/cietsigubernamental.com\/blog\/wp-json\/wp\/v2\/categories?post=64"},{"taxonomy":"post_tag","embeddable":true,"href":"https:\/\/cietsigubernamental.com\/blog\/wp-json\/wp\/v2\/tags?post=64"}],"curies":[{"name":"wp","href":"https:\/\/api.w.org\/{rel}","templated":true}]}}