{"id":622,"date":"2018-05-11T23:43:16","date_gmt":"2018-05-11T23:43:16","guid":{"rendered":"http:\/\/cietsigubernamental.com\/blog\/?p=622"},"modified":"2018-05-11T23:43:16","modified_gmt":"2018-05-11T23:43:16","slug":"curso-especializado-gestion-de-recursos-humanos-en-el-sector-publico-2018","status":"publish","type":"post","link":"https:\/\/cietsigubernamental.com\/blog\/curso-especializado-gestion-de-recursos-humanos-en-el-sector-publico-2018-622\/","title":{"rendered":"CURSO ESPECIALIZADO GESTI\u00d3N DE RECURSOS HUMANOS EN EL SECTOR P\u00daBLICO 2018"},"content":{"rendered":"<h1 style=\"text-align: center;\"><strong><span style=\"font-size: 12pt;\">CURSO ESPECIALIZADO GESTI\u00d3N DE RECURSOS HUMANOS EN EL SECTOR P\u00daBLICO 2018<\/span><\/strong><\/h1>\n<p><strong>MASTER CLASS EN LEY DEL SERVICIO CIVIL Y RECURSOS HUMANOS EN EL SECTOR P\u00daBLICO<\/strong><\/p>\n<p><strong>Modalidad presencial Chiclayo y Virtual<\/strong><\/p>\n<p><strong>Fecha<\/strong>: S\u00e1bado 19 mayo<\/p>\n<p><strong>Horario:<\/strong>\u00a09:00am a 1:00pm y de 2:30pm a 5:30pm<\/p>\n<p><strong>Lugar:<\/strong>\u00a0Av. S\u00e1enz Pe\u00f1a 615, Chiclayo [Ref. altura con calle Mar\u00eda Izaga]<\/p>\n<p><strong>Ponente:<\/strong>\u00a0Mg. Jos\u00e9 Espinal Sante (Especialista en Recursos Humanos del Sector P\u00fablico \u2013 Lima)<\/p>\n<p><strong>Para participar del Curso Especializado:<\/strong><\/p>\n<ul>\n<li>Dejar sus datos en PRE INSCRIPCI\u00d3N<\/li>\n<li>Oficinas Cietsi: Av. S\u00e1enz Pe\u00f1a 615, Chiclayo; Av. Grau 220, 2do piso, Piura<\/li>\n<li>Tel\u00e9fonos: (074) 637020, (073) 630855<\/li>\n<li>Tambi\u00e9n puede enviarnos sus datos por WhatsApp: 956272261, 968059963<\/li>\n<\/ul>\n<p><strong><em>\u00a1El presente curso es parte del\u00a0<a href=\"http:\/\/cietsiperu.com\/diplomado\/24\/diplomado-de-alta-especializaciOn-en-gestiOn-pUblica-orientado-a-los-resultados-2018--gratuito--nuevo\" target=\"_blank\" rel=\"noopener\">Diplomado de GESTI\u00d3N P\u00daBLICA orientado a los resultados<\/a>!<\/em><\/strong><\/p>\n<div class=\"widget-title\">\n<h3>Dirigido<\/h3>\n<\/div>\n<p>+ Autoridades, funcionarios, administradores, ingenieros, abogados, economistas, contadores, l\u00edderes pol\u00edticos, candidatos a puestos del sector p\u00fablico.<\/p>\n<p>+ Gerentes y administrativos de organizaciones no gubernamentales.<\/p>\n<p>+ Estudiantes y p\u00fablico interesado que deseen desarrollar sus capacidades en el \u00e1mbito de la gesti\u00f3n y gerencia p\u00fablica.<\/p>\n<div class=\"widget-title\">\n<h3>Objetivos<\/h3>\n<\/div>\n<p>Desarrollar capacidades en los participantes en aspectos vinculados al quehacer de la gesti\u00f3n p\u00fablica desde el papel del Estado y su Modernizaci\u00f3n; considerando los elementos dispuesto en la nueva gerencia p\u00fablica.<\/p>\n<div class=\"widget-title\">\n<h3>Temario<\/h3>\n<\/div>\n<p>+ Ley del Servicio Civil<\/p>\n<p>+ Principales instrumentos y su aplicaci\u00f3n, respecto al proceso de transici\u00f3n al r\u00e9gimen del servicio civil<\/p>\n<p>+ Sistema Administrativo de Recursos Humanos<\/p>\n<p>+ Aplicaci\u00f3n de la Directiva de Dimensionamiento de las Entidades P\u00fablicas, en el marco de la transici\u00f3n a la aplicaci\u00f3n de la Ley del Servicio Civil<\/p>\n<div class=\"widget-title\">\n<h3>Ponente<\/h3>\n<\/div>\n<p><strong>MG. JOS\u00c9 ESPINAL SANTE (LIMA)<\/strong><\/p>\n<p>Abogado, Magister en Gesti\u00f3n P\u00fablica, Libros publicados: La Gesti\u00f3n Eficiente del Sistema de Personal, La Auditoria de Personal y Gesti\u00f3n de Personal en la Administraci\u00f3n P\u00fablica. Ha sido Jefe de Personal &#8211; Encargado de Gerencia de Recursos en el Despacho Presidencial, Jefe de la Oficina de Imagen Institucional y Relaciones Internacionales y Jefe de Oficina de Administraci\u00f3n en el Instituto Nacional de Investigaci\u00f3n y Capacitaci\u00f3n de Telecomunicaciones- INICTEL. Ha sido asesor legal de la Municipalidad Provincial Jorge Basadre- Tacna, Superintendencia Nacional de Aseguramiento en Salud y Ministerio de Cultura, INABIF, Gobierno de Ancash. Docente Universidad Nacional Jos\u00e9 Faustino S\u00e1nchez Carri\u00f3n, Instituto de Gobierno y Gesti\u00f3n P\u00fablica- Universidad San Mart\u00edn de Porres, Instituto de Gobierno de la Universidad de Lima, Escuela Nacional de Control- ENC, Centro de Altos Estudios Nacionales- CAEN, Universidad Nacional de Trujillo, Universidad Nacional Mayor de San Marcos.<\/p>\n<div class=\"widget-title\">\n<h3>Inversi\u00f3n<\/h3>\n<\/div>\n<p>+ P\u00fablico en general: S\/. 80 Soles<\/p>\n<p>+ Estudiantes del Diplomado de Gesti\u00f3n P\u00fablica (opcional): S\/. 50 Soles<\/p>\n<p>+ Estudiantes Cietsi, embajadores y convenios: S\/. 50 Soles<\/p>\n<p><strong>Incluye:<\/strong><\/p>\n<p>Certificaci\u00f3n a nombre del Colegio de Licenciados en Administraci\u00f3n Regi\u00f3n Lambayeque y Centro de Altos Estudios Cietsi, con una duraci\u00f3n de 44 horas acad\u00e9micas equivalente a 2.5 cr\u00e9ditos.<\/p>\n<p><strong>FORMAS DE PAGO:<\/strong><\/p>\n<p>Oficina Chiclayo: Av. S\u00e1enz Pe\u00f1a 615 (Ref. altura con Calle Mar\u00eda Izaga) [Atenci\u00f3n de lunes a s\u00e1bado de 9am a 1pm y de 4pm a 8pm]<\/p>\n<p>Oficina Piura: Av. Grau 220, 2do piso (Ref. altura con Jr. Arequipa) [Atenci\u00f3n de lunes a s\u00e1bado de 9am a 1pm y de 4pm a 8pm] o mediante las <a href=\"http:\/\/cietsiperu.com\/forma-de-pago\" target=\"_blank\" rel=\"noopener\">cuentas bancarias.<\/a><\/p>\n","protected":false},"excerpt":{"rendered":"<div class=\"mh-excerpt\"><p>CURSO ESPECIALIZADO GESTI\u00d3N DE RECURSOS HUMANOS EN EL SECTOR P\u00daBLICO 2018 MASTER CLASS EN LEY DEL SERVICIO CIVIL Y RECURSOS HUMANOS EN EL SECTOR P\u00daBLICO <a class=\"mh-excerpt-more\" href=\"https:\/\/cietsigubernamental.com\/blog\/curso-especializado-gestion-de-recursos-humanos-en-el-sector-publico-2018-622\/\" title=\"CURSO ESPECIALIZADO GESTI\u00d3N DE RECURSOS HUMANOS EN EL SECTOR P\u00daBLICO 2018\">[&#8230;]<\/a><\/p>\n<\/div>","protected":false},"author":1,"featured_media":623,"comment_status":"open","ping_status":"open","sticky":false,"template":"","format":"standard","meta":{"jetpack_post_was_ever_published":false,"_jetpack_newsletter_access":"","_jetpack_dont_email_post_to_subs":false,"_jetpack_newsletter_tier_id":0,"_jetpack_memberships_contains_paywalled_content":false,"_jetpack_memberships_contains_paid_content":false,"footnotes":"","jetpack_publicize_message":"","jetpack_publicize_feature_enabled":true,"jetpack_social_post_already_shared":true,"jetpack_social_options":{"image_generator_settings":{"template":"highway","default_image_id":0,"font":"","enabled":false},"version":2}},"categories":[2,5,24,70],"tags":[],"class_list":["post-622","post","type-post","status-publish","format-standard","has-post-thumbnail","hentry","category-actualidad","category-cursos-talleres-cietsi","category-gestion-publica","category-gubernamental"],"jetpack_publicize_connections":[],"jetpack_featured_media_url":"https:\/\/i0.wp.com\/cietsigubernamental.com\/blog\/wp-content\/uploads\/2018\/05\/CURSO-GESTI%C3%93N-DE-RECURSOS-HUMANOS-EN-EL-SECTOR-P%C3%9ABLICO-2-01.jpg?fit=1753%2C926&ssl=1","jetpack_sharing_enabled":true,"jetpack_shortlink":"https:\/\/wp.me\/p9RxCY-a2","jetpack-related-posts":[],"_links":{"self":[{"href":"https:\/\/cietsigubernamental.com\/blog\/wp-json\/wp\/v2\/posts\/622","targetHints":{"allow":["GET"]}}],"collection":[{"href":"https:\/\/cietsigubernamental.com\/blog\/wp-json\/wp\/v2\/posts"}],"about":[{"href":"https:\/\/cietsigubernamental.com\/blog\/wp-json\/wp\/v2\/types\/post"}],"author":[{"embeddable":true,"href":"https:\/\/cietsigubernamental.com\/blog\/wp-json\/wp\/v2\/users\/1"}],"replies":[{"embeddable":true,"href":"https:\/\/cietsigubernamental.com\/blog\/wp-json\/wp\/v2\/comments?post=622"}],"version-history":[{"count":1,"href":"https:\/\/cietsigubernamental.com\/blog\/wp-json\/wp\/v2\/posts\/622\/revisions"}],"predecessor-version":[{"id":624,"href":"https:\/\/cietsigubernamental.com\/blog\/wp-json\/wp\/v2\/posts\/622\/revisions\/624"}],"wp:featuredmedia":[{"embeddable":true,"href":"https:\/\/cietsigubernamental.com\/blog\/wp-json\/wp\/v2\/media\/623"}],"wp:attachment":[{"href":"https:\/\/cietsigubernamental.com\/blog\/wp-json\/wp\/v2\/media?parent=622"}],"wp:term":[{"taxonomy":"category","embeddable":true,"href":"https:\/\/cietsigubernamental.com\/blog\/wp-json\/wp\/v2\/categories?post=622"},{"taxonomy":"post_tag","embeddable":true,"href":"https:\/\/cietsigubernamental.com\/blog\/wp-json\/wp\/v2\/tags?post=622"}],"curies":[{"name":"wp","href":"https:\/\/api.w.org\/{rel}","templated":true}]}}