{"id":613,"date":"2018-05-11T23:33:27","date_gmt":"2018-05-11T23:33:27","guid":{"rendered":"http:\/\/cietsigubernamental.com\/blog\/?p=613"},"modified":"2018-05-11T23:33:27","modified_gmt":"2018-05-11T23:33:27","slug":"curso-taller-sistema-integrado-de-gestion-administrativa-siga-mef-2018","status":"publish","type":"post","link":"https:\/\/cietsigubernamental.com\/blog\/curso-taller-sistema-integrado-de-gestion-administrativa-siga-mef-2018-613\/","title":{"rendered":"CURSO TALLER SISTEMA INTEGRADO DE GESTI\u00d3N ADMINISTRATIVA SIGA MEF 2018"},"content":{"rendered":"<h1 style=\"text-align: center;\"><span style=\"font-size: 14pt;\"><strong>CURSO TALLER SISTEMA INTEGRADO DE GESTI\u00d3N ADMINISTRATIVA SIGA MEF 2018<\/strong><\/span><\/h1>\n<p><strong>ACTUALIZADO CON LA NUEVA VERSI\u00d3N<\/strong><\/p>\n<p><strong>MODALIDAD PRESENCIAL CHICLAYO:<\/strong><\/p>\n<p><strong>GRUPO NUEVO:<\/strong><\/p>\n<p>Inicio: domingo 27 de mayo 2018<\/p>\n<p>Horario: domingos de 9:00am a 2:00pm (frecuencia quincenal)<\/p>\n<p>Fechas: 27 mayo; 10, 24 junio 2018<\/p>\n<p>Lugar: Laboratorio Cietsi Chiclayo [Av. S\u00e1enz Pe\u00f1a 615, Chiclayo]<\/p>\n<p><strong>GRUPO ANTERIOR:<\/strong><\/p>\n<p>Inicio: s\u00e1bado 14 de abril 2018<\/p>\n<p>Horario: s\u00e1bados de 9:00am a 2:00pm (frecuencia quincenal)<\/p>\n<p>Fechas: 14, 28 abril y 12 mayo<\/p>\n<p>Lugar: Laboratorio Cietsi Chiclayo [Av. S\u00e1enz Pe\u00f1a 615, Chiclayo]<\/p>\n<p><strong>MODALIDAD PRESENCIAL PIURA:<\/strong><\/p>\n<p><strong>GRUPO NUEVO:<\/strong><\/p>\n<p>Inicio: viernes 18 de mayo 2018<\/p>\n<p>Horario: viernes de 6:30pm a 9:30pm (frecuencia semanal)<\/p>\n<p>Fechas: 18, 25 mayo; 01, 08, 15 junio 2018<\/p>\n<p>Lugar: Laboratorio Cietsi Piura [Av. Grau 220, 2do piso, Piura]<\/p>\n<p><strong>GRUPO ANTERIOR:<\/strong><\/p>\n<p>Inicio: s\u00e1bado 14 de abril 2018<\/p>\n<p>Horario: s\u00e1bados de 4:00pm a 9:00pm (frecuencia quincenal)<\/p>\n<p>Fechas: 14, 28 abril y 12 mayo<\/p>\n<p>Lugar: Laboratorio Cietsi Piura [Av. Grau 220, 2do piso, Piura]<\/p>\n<p><strong>MODALIDAD SEMIPRESENCIAL Y VIRTUAL (ONLINE \u2013 OFFLINE):\u00a0<\/strong><\/p>\n<p>Todas las clases quedaran grabadas en el campus virtual y estar\u00e1n disponibles las 24 horas del d\u00eda<\/p>\n<p>Para reservar su vacante deber\u00e1 registrarse\u00a0<a href=\"https:\/\/docs.google.com\/forms\/d\/e\/1FAIpQLSelee_nOTEI-WwUIG-Xq-C2I5yNXzNyxPdc2hcXsdjU_Rqazg\/viewform\" target=\"_blank\" rel=\"noopener\">(Clic aqu\u00ed)<\/a><\/p>\n<p>&nbsp;<\/p>\n<p><em><strong>\u00a1Tambi\u00e9n puedes llevar todo el programa completo como diplomado:\u00a0<a href=\"http:\/\/cietsiperu.com\/diplomado\/26\/diplomado-de-alta-especializaciOn-en-los-sistemas-gubernamentales-de-gestiOn-pUblica-siaf-siga-seace-2018-nuevo-2da-ediciOn\" target=\"_blank\" rel=\"noopener\">SIAF SIGA SEACE 2018!<\/a><\/strong><\/em><\/p>\n<div class=\"widget-title\">\n<h3>Dirigido<\/h3>\n<\/div>\n<p>+ Profesionales en general que laboren o deseen laborar para el sector p\u00fablico como administradores, economistas, ingenieros, contadores y afines.<\/p>\n<p>+ Estudiantes y p\u00fablico en general que desee especializarse en el sistema integrado de gesti\u00f3n administrativa del ministerio de econom\u00eda y finanzas SIGA MEF.<\/p>\n<div class=\"widget-title\">\n<h3><i class=\"fa fa-gear\"><\/i>\u00a0Objetivos<\/h3>\n<\/div>\n<p>+ Brindar una capacitaci\u00f3n paso a paso para el uso y manejo del SIGA, que son requisitos obligatorios por las personas que trabajan en las \u00e1reas de Administraci\u00f3n, Presupuesto, Log\u00edstica, Contabilidad, Tesorer\u00eda.<\/p>\n<p>+ Se brindar\u00e1 los conocimientos te\u00f3ricos\u00a0 y pr\u00e1cticos\u00a0 sobre la normativa, importancia y uso del Sistema Integrado de Gesti\u00f3n Administrativa del Ministerio de Econom\u00eda y Finanzas (SIGA MEF) en su \u00faltima versi\u00f3n.<\/p>\n<div class=\"widget-title\">\n<h3>\u00a0Inversi\u00f3n<\/h3>\n<\/div>\n<p>+ Modalidad presencial: S\/. 400 Soles<\/p>\n<p>+ Modalidad virtual: S\/. 200 Soles<\/p>\n<p>+ Certificaci\u00f3n modular para participantes que cursan el diplomado: S\/. 50 Soles<\/p>\n<p><strong>Nota:<\/strong><\/p>\n<p>+ Incluye certificaci\u00f3n.<\/p>\n<p>+ No incluye costos de env\u00edo del certificado a domicilio (Consultar costos).<\/p>\n<p>+ Descuento del 20% para embajadores Cietsi.<\/p>\n<p>&nbsp;<\/p>\n<p><strong>FORMAS DE PAGO:<\/strong><\/p>\n<p>Oficina Chiclayo: Av. S\u00e1enz Pe\u00f1a 615 (Ref. altura con Calle Mar\u00eda Izaga) [Atenci\u00f3n de lunes a s\u00e1bado de 9am a 1pm y de 4pm a 8pm]<\/p>\n<p>Oficina Piura: Av. Grau 220, 2do piso (Ref. altura con Jr. Arequipa) [Atenci\u00f3n de lunes a s\u00e1bado de 9am a 1pm y de 4pm a 8pm] o mediante las <a href=\"http:\/\/cietsiperu.com\/forma-de-pago\" target=\"_blank\" rel=\"noopener\">cuentas bancarias.<\/a><\/p>\n","protected":false},"excerpt":{"rendered":"<div class=\"mh-excerpt\"><p>CURSO TALLER SISTEMA INTEGRADO DE GESTI\u00d3N ADMINISTRATIVA SIGA MEF 2018 ACTUALIZADO CON LA NUEVA VERSI\u00d3N MODALIDAD PRESENCIAL CHICLAYO: GRUPO NUEVO: Inicio: domingo 27 de mayo <a class=\"mh-excerpt-more\" href=\"https:\/\/cietsigubernamental.com\/blog\/curso-taller-sistema-integrado-de-gestion-administrativa-siga-mef-2018-613\/\" title=\"CURSO TALLER SISTEMA INTEGRADO DE GESTI\u00d3N ADMINISTRATIVA SIGA MEF 2018\">[&#8230;]<\/a><\/p>\n<\/div>","protected":false},"author":1,"featured_media":614,"comment_status":"open","ping_status":"open","sticky":false,"template":"","format":"standard","meta":{"jetpack_post_was_ever_published":false,"_jetpack_newsletter_access":"","_jetpack_dont_email_post_to_subs":false,"_jetpack_newsletter_tier_id":0,"_jetpack_memberships_contains_paywalled_content":false,"_jetpack_memberships_contains_paid_content":false,"footnotes":"","jetpack_publicize_message":"","jetpack_publicize_feature_enabled":true,"jetpack_social_post_already_shared":true,"jetpack_social_options":{"image_generator_settings":{"template":"highway","default_image_id":0,"font":"","enabled":false},"version":2}},"categories":[2,5,24,70,1],"tags":[],"class_list":["post-613","post","type-post","status-publish","format-standard","has-post-thumbnail","hentry","category-actualidad","category-cursos-talleres-cietsi","category-gestion-publica","category-gubernamental","category-sin-categoria"],"jetpack_publicize_connections":[],"jetpack_featured_media_url":"https:\/\/i0.wp.com\/cietsigubernamental.com\/blog\/wp-content\/uploads\/2018\/05\/CURSO-SEACE-2018-5-01.jpg?fit=982%2C519&ssl=1","jetpack_sharing_enabled":true,"jetpack_shortlink":"https:\/\/wp.me\/p9RxCY-9T","jetpack-related-posts":[],"_links":{"self":[{"href":"https:\/\/cietsigubernamental.com\/blog\/wp-json\/wp\/v2\/posts\/613","targetHints":{"allow":["GET"]}}],"collection":[{"href":"https:\/\/cietsigubernamental.com\/blog\/wp-json\/wp\/v2\/posts"}],"about":[{"href":"https:\/\/cietsigubernamental.com\/blog\/wp-json\/wp\/v2\/types\/post"}],"author":[{"embeddable":true,"href":"https:\/\/cietsigubernamental.com\/blog\/wp-json\/wp\/v2\/users\/1"}],"replies":[{"embeddable":true,"href":"https:\/\/cietsigubernamental.com\/blog\/wp-json\/wp\/v2\/comments?post=613"}],"version-history":[{"count":1,"href":"https:\/\/cietsigubernamental.com\/blog\/wp-json\/wp\/v2\/posts\/613\/revisions"}],"predecessor-version":[{"id":615,"href":"https:\/\/cietsigubernamental.com\/blog\/wp-json\/wp\/v2\/posts\/613\/revisions\/615"}],"wp:featuredmedia":[{"embeddable":true,"href":"https:\/\/cietsigubernamental.com\/blog\/wp-json\/wp\/v2\/media\/614"}],"wp:attachment":[{"href":"https:\/\/cietsigubernamental.com\/blog\/wp-json\/wp\/v2\/media?parent=613"}],"wp:term":[{"taxonomy":"category","embeddable":true,"href":"https:\/\/cietsigubernamental.com\/blog\/wp-json\/wp\/v2\/categories?post=613"},{"taxonomy":"post_tag","embeddable":true,"href":"https:\/\/cietsigubernamental.com\/blog\/wp-json\/wp\/v2\/tags?post=613"}],"curies":[{"name":"wp","href":"https:\/\/api.w.org\/{rel}","templated":true}]}}