{"id":56,"date":"2015-07-22T04:02:41","date_gmt":"2015-07-22T04:02:41","guid":{"rendered":"http:\/\/cietsigubernamental.com\/blog\/?p=56"},"modified":"2015-07-22T04:34:01","modified_gmt":"2015-07-22T04:34:01","slug":"lanzan-primer-observatorio-de-educacion-y-empleo","status":"publish","type":"post","link":"https:\/\/cietsigubernamental.com\/blog\/lanzan-primer-observatorio-de-educacion-y-empleo-56\/","title":{"rendered":"Lanzan primer observatorio de educaci\u00f3n y empleo"},"content":{"rendered":"<p>El gobierno acaba de lanzar hoy el primer observatorio <a href=\"http:\/\/www.ponteencarrera.pe\/\" target=\"_blank\">\u201cPonte en carrera\u201d <\/a>donde se presenta la oferta de educaci\u00f3n superior en el mercado local, incluyendo a las instituciones privadas y p\u00fablicas.<\/p>\n<p>El presidente Ollanta Humala explic\u00f3 que los j\u00f3venes tendr\u00e1n una plataforma para revisar las carreras m\u00e1s remuneradas del mercado, adem\u00e1s de saber qu\u00e9 implica cada carrera, y as\u00ed escoger con m\u00e1s datos.<\/p>\n<p><span class=\"embed-youtube\" style=\"text-align:center; display: block;\"><iframe loading=\"lazy\" class=\"youtube-player\" width=\"640\" height=\"360\" src=\"https:\/\/www.youtube.com\/embed\/QqwXcP7CEmY?version=3&#038;rel=1&#038;showsearch=0&#038;showinfo=1&#038;iv_load_policy=1&#038;fs=1&#038;hl=es-ES&#038;autohide=2&#038;start=114&#038;wmode=transparent\" allowfullscreen=\"true\" style=\"border:0;\" sandbox=\"allow-scripts allow-same-origin allow-popups allow-presentation allow-popups-to-escape-sandbox\"><\/iframe><\/span><\/p>\n<p>Seg\u00fan el observatorio, el profesional mejor pagado en la Regi\u00f3n Lambayeque es un administrador.<\/p>\n<div data-carousel-extra='{&quot;blog_id&quot;:1,&quot;permalink&quot;:&quot;https:\/\/cietsigubernamental.com\/blog\/lanzan-primer-observatorio-de-educacion-y-empleo-56\/&quot;}' id='gallery-1' class='gallery galleryid-56 gallery-columns-3 gallery-size-thumbnail'><figure class='gallery-item'>\n\t\t\t<div class='gallery-icon landscape'>\n\t\t\t\t<a href='https:\/\/cietsigubernamental.com\/blog\/lanzan-primer-observatorio-de-educacion-y-empleo-56\/importante\/'><img loading=\"lazy\" decoding=\"async\" width=\"150\" height=\"150\" src=\"https:\/\/i0.wp.com\/cietsigubernamental.com\/blog\/wp-content\/uploads\/2015\/07\/IMPORTANTE.jpg?resize=150%2C150&amp;ssl=1\" class=\"attachment-thumbnail size-thumbnail\" alt=\"\" srcset=\"https:\/\/i0.wp.com\/cietsigubernamental.com\/blog\/wp-content\/uploads\/2015\/07\/IMPORTANTE.jpg?resize=150%2C150&amp;ssl=1 150w, https:\/\/i0.wp.com\/cietsigubernamental.com\/blog\/wp-content\/uploads\/2015\/07\/IMPORTANTE.jpg?zoom=2&amp;resize=150%2C150&amp;ssl=1 300w, https:\/\/i0.wp.com\/cietsigubernamental.com\/blog\/wp-content\/uploads\/2015\/07\/IMPORTANTE.jpg?zoom=3&amp;resize=150%2C150&amp;ssl=1 450w\" sizes=\"auto, (max-width: 150px) 100vw, 150px\" data-attachment-id=\"58\" data-permalink=\"https:\/\/cietsigubernamental.com\/blog\/lanzan-primer-observatorio-de-educacion-y-empleo-56\/importante\/\" data-orig-file=\"https:\/\/i0.wp.com\/cietsigubernamental.com\/blog\/wp-content\/uploads\/2015\/07\/IMPORTANTE.jpg?fit=3942%2C2422&amp;ssl=1\" data-orig-size=\"3942,2422\" data-comments-opened=\"1\" data-image-meta=\"{&quot;aperture&quot;:&quot;0&quot;,&quot;credit&quot;:&quot;Privado Entiende!&quot;,&quot;camera&quot;:&quot;&quot;,&quot;caption&quot;:&quot;&quot;,&quot;created_timestamp&quot;:&quot;1437519620&quot;,&quot;copyright&quot;:&quot;&quot;,&quot;focal_length&quot;:&quot;0&quot;,&quot;iso&quot;:&quot;0&quot;,&quot;shutter_speed&quot;:&quot;0&quot;,&quot;title&quot;:&quot;&quot;,&quot;orientation&quot;:&quot;0&quot;}\" data-image-title=\"IMPORTANTE\" data-image-description=\"\" data-image-caption=\"\" data-large-file=\"https:\/\/i0.wp.com\/cietsigubernamental.com\/blog\/wp-content\/uploads\/2015\/07\/IMPORTANTE.jpg?fit=1024%2C629&amp;ssl=1\" \/><\/a>\n\t\t\t<\/div><\/figure>\n\t\t<\/div>\n\n","protected":false},"excerpt":{"rendered":"<div class=\"mh-excerpt\"><p>El gobierno acaba de lanzar hoy el primer observatorio \u201cPonte en carrera\u201d donde se presenta la oferta de educaci\u00f3n superior en el mercado local, incluyendo <a class=\"mh-excerpt-more\" href=\"https:\/\/cietsigubernamental.com\/blog\/lanzan-primer-observatorio-de-educacion-y-empleo-56\/\" title=\"Lanzan primer observatorio de educaci\u00f3n y empleo\">[&#8230;]<\/a><\/p>\n<\/div>","protected":false},"author":1,"featured_media":57,"comment_status":"open","ping_status":"open","sticky":false,"template":"","format":"standard","meta":{"jetpack_post_was_ever_published":false,"_jetpack_newsletter_access":"","_jetpack_dont_email_post_to_subs":false,"_jetpack_newsletter_tier_id":0,"_jetpack_memberships_contains_paywalled_content":false,"_jetpack_memberships_contains_paid_content":false,"footnotes":"","jetpack_publicize_message":"","jetpack_publicize_feature_enabled":true,"jetpack_social_post_already_shared":false,"jetpack_social_options":{"image_generator_settings":{"template":"highway","default_image_id":0,"font":"","enabled":false},"version":2}},"categories":[2],"tags":[8,7],"class_list":["post-56","post","type-post","status-publish","format-standard","has-post-thumbnail","hentry","category-actualidad","tag-humala","tag-ollanta"],"jetpack_publicize_connections":[],"jetpack_featured_media_url":"https:\/\/i0.wp.com\/cietsigubernamental.com\/blog\/wp-content\/uploads\/2015\/07\/OLLANTA-HUMALA.jpg?fit=1404%2C956&ssl=1","jetpack_sharing_enabled":true,"jetpack_shortlink":"https:\/\/wp.me\/p9RxCY-U","jetpack-related-posts":[],"_links":{"self":[{"href":"https:\/\/cietsigubernamental.com\/blog\/wp-json\/wp\/v2\/posts\/56","targetHints":{"allow":["GET"]}}],"collection":[{"href":"https:\/\/cietsigubernamental.com\/blog\/wp-json\/wp\/v2\/posts"}],"about":[{"href":"https:\/\/cietsigubernamental.com\/blog\/wp-json\/wp\/v2\/types\/post"}],"author":[{"embeddable":true,"href":"https:\/\/cietsigubernamental.com\/blog\/wp-json\/wp\/v2\/users\/1"}],"replies":[{"embeddable":true,"href":"https:\/\/cietsigubernamental.com\/blog\/wp-json\/wp\/v2\/comments?post=56"}],"version-history":[{"count":2,"href":"https:\/\/cietsigubernamental.com\/blog\/wp-json\/wp\/v2\/posts\/56\/revisions"}],"predecessor-version":[{"id":60,"href":"https:\/\/cietsigubernamental.com\/blog\/wp-json\/wp\/v2\/posts\/56\/revisions\/60"}],"wp:featuredmedia":[{"embeddable":true,"href":"https:\/\/cietsigubernamental.com\/blog\/wp-json\/wp\/v2\/media\/57"}],"wp:attachment":[{"href":"https:\/\/cietsigubernamental.com\/blog\/wp-json\/wp\/v2\/media?parent=56"}],"wp:term":[{"taxonomy":"category","embeddable":true,"href":"https:\/\/cietsigubernamental.com\/blog\/wp-json\/wp\/v2\/categories?post=56"},{"taxonomy":"post_tag","embeddable":true,"href":"https:\/\/cietsigubernamental.com\/blog\/wp-json\/wp\/v2\/tags?post=56"}],"curies":[{"name":"wp","href":"https:\/\/api.w.org\/{rel}","templated":true}]}}