{"id":48,"date":"2015-07-21T18:52:07","date_gmt":"2015-07-21T18:52:07","guid":{"rendered":"http:\/\/cietsigubernamental.com\/blog\/?p=48"},"modified":"2015-07-21T19:45:54","modified_gmt":"2015-07-21T19:45:54","slug":"mef-incrementa-presupuesto-de-promperu-en-s-27-5-millones","status":"publish","type":"post","link":"https:\/\/cietsigubernamental.com\/blog\/mef-incrementa-presupuesto-de-promperu-en-s-27-5-millones-48\/","title":{"rendered":"MEF incrementa presupuesto de Promper\u00fa en S\/. 27.5 millones"},"content":{"rendered":"<p>El Ministerio de Econom\u00eda y Finanzas (<span class=\"caps\">MEF<\/span>) incremet\u00f3 en S\/. 27.5 millones el presupuesto a la Comisi\u00f3n de Promoci\u00f3n del Per\u00fa para la exportaci\u00f3n y el turismo (Promper\u00fa).<\/p>\n<p>Seg\u00fan publicaci\u00f3n de las Normas Legales en El Peruano, el<strong><span class=\"caps\">MEF<\/span><\/strong> autoriz\u00f3 el cr\u00e9dito suplementario a <strong>Promper\u00fa<\/strong> para este a\u00f1o, en respuesta a un requerimiento hecho por el Ministerio de Turismo y Comercio Exterior (Mincetur).<\/p>\n<p>En total, se incorpora al presupuesto de <strong>Promper\u00fa<\/strong> un total de S\/. 27,500,000 para el fortalecimiento de la promoci\u00f3n del Per\u00fa en mercados estrat\u00e9gicos, la publicidad en medios tradicionales y digitales, ferias tur\u00edsticas, viajes de prensa, entre otras actividades.<\/p>\n<p>Como se recuerda, <strong>Promper\u00fa<\/strong> fue recientemente criticado por no gestionar la participaci\u00f3n del Per\u00fa en la feria Expo Milan 2015. La entidad afirm\u00f3 que no contaba con el presupuesto, mientras que el <strong><span class=\"caps\">MEF<\/span><\/strong> indic\u00f3 que esas decisiones eran sectoriales\u201d.<\/p>\n<p>Fuente: <a href=\"http:\/\/gestion.pe\/economia\/mef-incrementa-presupuesto-promperu-s-275-millones-2137608\" target=\"_blank\">Gesti\u00f3n<\/a><\/p>\n","protected":false},"excerpt":{"rendered":"<div class=\"mh-excerpt\"><p>El Ministerio de Econom\u00eda y Finanzas (MEF) incremet\u00f3 en S\/. 27.5 millones el presupuesto a la Comisi\u00f3n de Promoci\u00f3n del Per\u00fa para la exportaci\u00f3n y <a class=\"mh-excerpt-more\" href=\"https:\/\/cietsigubernamental.com\/blog\/mef-incrementa-presupuesto-de-promperu-en-s-27-5-millones-48\/\" title=\"MEF incrementa presupuesto de Promper\u00fa en S\/. 27.5 millones\">[&#8230;]<\/a><\/p>\n<\/div>","protected":false},"author":1,"featured_media":50,"comment_status":"open","ping_status":"open","sticky":false,"template":"","format":"standard","meta":{"jetpack_post_was_ever_published":false,"_jetpack_newsletter_access":"","_jetpack_dont_email_post_to_subs":false,"_jetpack_newsletter_tier_id":0,"_jetpack_memberships_contains_paywalled_content":false,"_jetpack_memberships_contains_paid_content":false,"footnotes":"","jetpack_publicize_message":"","jetpack_publicize_feature_enabled":true,"jetpack_social_post_already_shared":false,"jetpack_social_options":{"image_generator_settings":{"template":"highway","default_image_id":0,"font":"","enabled":false},"version":2}},"categories":[2],"tags":[],"class_list":["post-48","post","type-post","status-publish","format-standard","has-post-thumbnail","hentry","category-actualidad"],"jetpack_publicize_connections":[],"jetpack_featured_media_url":"https:\/\/i0.wp.com\/cietsigubernamental.com\/blog\/wp-content\/uploads\/2015\/07\/103543.jpg?fit=513%2C289&ssl=1","jetpack_sharing_enabled":true,"jetpack_shortlink":"https:\/\/wp.me\/p9RxCY-M","jetpack-related-posts":[],"_links":{"self":[{"href":"https:\/\/cietsigubernamental.com\/blog\/wp-json\/wp\/v2\/posts\/48","targetHints":{"allow":["GET"]}}],"collection":[{"href":"https:\/\/cietsigubernamental.com\/blog\/wp-json\/wp\/v2\/posts"}],"about":[{"href":"https:\/\/cietsigubernamental.com\/blog\/wp-json\/wp\/v2\/types\/post"}],"author":[{"embeddable":true,"href":"https:\/\/cietsigubernamental.com\/blog\/wp-json\/wp\/v2\/users\/1"}],"replies":[{"embeddable":true,"href":"https:\/\/cietsigubernamental.com\/blog\/wp-json\/wp\/v2\/comments?post=48"}],"version-history":[{"count":2,"href":"https:\/\/cietsigubernamental.com\/blog\/wp-json\/wp\/v2\/posts\/48\/revisions"}],"predecessor-version":[{"id":51,"href":"https:\/\/cietsigubernamental.com\/blog\/wp-json\/wp\/v2\/posts\/48\/revisions\/51"}],"wp:featuredmedia":[{"embeddable":true,"href":"https:\/\/cietsigubernamental.com\/blog\/wp-json\/wp\/v2\/media\/50"}],"wp:attachment":[{"href":"https:\/\/cietsigubernamental.com\/blog\/wp-json\/wp\/v2\/media?parent=48"}],"wp:term":[{"taxonomy":"category","embeddable":true,"href":"https:\/\/cietsigubernamental.com\/blog\/wp-json\/wp\/v2\/categories?post=48"},{"taxonomy":"post_tag","embeddable":true,"href":"https:\/\/cietsigubernamental.com\/blog\/wp-json\/wp\/v2\/tags?post=48"}],"curies":[{"name":"wp","href":"https:\/\/api.w.org\/{rel}","templated":true}]}}