{"id":403,"date":"2017-04-18T00:21:16","date_gmt":"2017-04-18T00:21:16","guid":{"rendered":"http:\/\/cietsigubernamental.com\/blog\/?p=403"},"modified":"2017-04-18T00:21:16","modified_gmt":"2017-04-18T00:21:16","slug":"tres-anos-de-experiencia-debe-tener-logistico-que-desee-certificarse","status":"publish","type":"post","link":"https:\/\/cietsigubernamental.com\/blog\/tres-anos-de-experiencia-debe-tener-logistico-que-desee-certificarse-403\/","title":{"rendered":"Tres a\u00f1os de experiencia debe tener log\u00edstico que desee certificarse"},"content":{"rendered":"<p><strong>Para trabajar en los \u00d3rganos Encargados de las Contrataciones &#8211; OEC<\/strong><\/p>\n<p>Una experiencia laboral no menor a tres a\u00f1os, uno de ellos en contrataciones p\u00fablicas o en log\u00edstica privada, debe acreditar como m\u00ednimo el profesional o t\u00e9cnico que desee certificarse para trabajar en los \u00d3rganos Encargados de las Contrataciones \u2013 OEC de las Entidades P\u00fablicas.<\/p>\n<p>As\u00ed lo establece la Directiva N\u00b0 003-2017-OSCE\/CD \u201cProcedimiento para la certificaci\u00f3n de profesionales y t\u00e9cnicos que laboren en los \u00f3rganos encargados de las contrataciones de las Entidades\u201d, publicada el pasado 2 de abril de 2017 en el Bolet\u00edn de Normas Legales del diario oficial El Peruano, y que entr\u00f3 en vigencia al d\u00eda siguiente.<\/p>\n<p>La norma del <a href=\"http:\/\/portal.osce.gob.pe\/osce\">Organismo Supervisor de las Contrataciones del Estado \u2013 OSCE<\/a> establece que la certificaci\u00f3n tiene una vigencia de un a\u00f1o y es individual, virtual y gratuita, y comprende las fases de Actos Preparatorios, Selecci\u00f3n y Ejecuci\u00f3n Contractual.<\/p>\n<p>Los Actos Preparatorios incluyen la elaboraci\u00f3n y modificaci\u00f3n del Plan Anual de Contrataciones, la elaboraci\u00f3n del expediente de contrataci\u00f3n en bienes, servicios y obras, la determinaci\u00f3n del valor referencial y dem\u00e1s actuaciones hasta antes de la convocatoria del proceso de selecci\u00f3n.<\/p>\n<p>En tanto, que la Selecci\u00f3n, abarca desde la convocatoria del proceso hasta antes de la suscripci\u00f3n del contrato. Mientras que la Ejecuci\u00f3n Contractual, son las actuaciones relacionadas con la suscripci\u00f3n del contrato y la administraci\u00f3n del mismo.<\/p>\n<p>La Directiva detalla que la ejecuci\u00f3n de los procesos de contrataci\u00f3n por parte de personal no certificado no constituye causal de nulidad, suspensi\u00f3n, cancelaci\u00f3n o cualquier tipo de paralizaci\u00f3n del proceso de contrataci\u00f3n. Sin perjuicio de la responsabilidad administrativa por el incumplimiento de la exigencia de certificaci\u00f3n.<\/p>\n<p>Para mayor informaci\u00f3n ingrese a <a href=\"http:\/\/certificacion.osce.gob.pe\/\">http:\/\/certificacion.osce.gob.pe<\/a><\/p>\n<p>Toda la documentaci\u00f3n o informaci\u00f3n presentada por el postulante para efectos de la obtenci\u00f3n de su certificaci\u00f3n, tendr\u00e1 car\u00e1cter de declaraci\u00f3n jurada y podr\u00e1 ser sometida a un procedimiento de fiscalizaci\u00f3n posterior, seg\u00fan lo establecido en el art\u00edculo 32 de la Ley N\u00b0 27444, Ley del Procedimiento Administrativo General.<\/p>\n<p>Fuente Osce: <a href=\"http:\/\/portal.osce.gob.pe\/osce\/tres-a%C3%B1os-de-experiencia-debe-tener-log%C3%ADstico-que-desee-certificarse\">Ver completo aqu\u00ed<\/a><\/p>\n","protected":false},"excerpt":{"rendered":"<div class=\"mh-excerpt\"><p>Para trabajar en los \u00d3rganos Encargados de las Contrataciones &#8211; OEC Una experiencia laboral no menor a tres a\u00f1os, uno de ellos en contrataciones p\u00fablicas <a class=\"mh-excerpt-more\" href=\"https:\/\/cietsigubernamental.com\/blog\/tres-anos-de-experiencia-debe-tener-logistico-que-desee-certificarse-403\/\" title=\"Tres a\u00f1os de experiencia debe tener log\u00edstico que desee certificarse\">[&#8230;]<\/a><\/p>\n<\/div>","protected":false},"author":1,"featured_media":404,"comment_status":"open","ping_status":"open","sticky":false,"template":"","format":"standard","meta":{"jetpack_post_was_ever_published":false,"_jetpack_newsletter_access":"","_jetpack_dont_email_post_to_subs":false,"_jetpack_newsletter_tier_id":0,"_jetpack_memberships_contains_paywalled_content":false,"_jetpack_memberships_contains_paid_content":false,"footnotes":"","jetpack_publicize_message":"","jetpack_publicize_feature_enabled":true,"jetpack_social_post_already_shared":false,"jetpack_social_options":{"image_generator_settings":{"template":"highway","default_image_id":0,"font":"","enabled":false},"version":2}},"categories":[2,24],"tags":[],"class_list":["post-403","post","type-post","status-publish","format-standard","has-post-thumbnail","hentry","category-actualidad","category-gestion-publica"],"jetpack_publicize_connections":[],"jetpack_featured_media_url":"https:\/\/i0.wp.com\/cietsigubernamental.com\/blog\/wp-content\/uploads\/2017\/04\/SAN0043.jpg?fit=480%2C319&ssl=1","jetpack_sharing_enabled":true,"jetpack_shortlink":"https:\/\/wp.me\/p9RxCY-6v","jetpack-related-posts":[],"_links":{"self":[{"href":"https:\/\/cietsigubernamental.com\/blog\/wp-json\/wp\/v2\/posts\/403","targetHints":{"allow":["GET"]}}],"collection":[{"href":"https:\/\/cietsigubernamental.com\/blog\/wp-json\/wp\/v2\/posts"}],"about":[{"href":"https:\/\/cietsigubernamental.com\/blog\/wp-json\/wp\/v2\/types\/post"}],"author":[{"embeddable":true,"href":"https:\/\/cietsigubernamental.com\/blog\/wp-json\/wp\/v2\/users\/1"}],"replies":[{"embeddable":true,"href":"https:\/\/cietsigubernamental.com\/blog\/wp-json\/wp\/v2\/comments?post=403"}],"version-history":[{"count":1,"href":"https:\/\/cietsigubernamental.com\/blog\/wp-json\/wp\/v2\/posts\/403\/revisions"}],"predecessor-version":[{"id":405,"href":"https:\/\/cietsigubernamental.com\/blog\/wp-json\/wp\/v2\/posts\/403\/revisions\/405"}],"wp:featuredmedia":[{"embeddable":true,"href":"https:\/\/cietsigubernamental.com\/blog\/wp-json\/wp\/v2\/media\/404"}],"wp:attachment":[{"href":"https:\/\/cietsigubernamental.com\/blog\/wp-json\/wp\/v2\/media?parent=403"}],"wp:term":[{"taxonomy":"category","embeddable":true,"href":"https:\/\/cietsigubernamental.com\/blog\/wp-json\/wp\/v2\/categories?post=403"},{"taxonomy":"post_tag","embeddable":true,"href":"https:\/\/cietsigubernamental.com\/blog\/wp-json\/wp\/v2\/tags?post=403"}],"curies":[{"name":"wp","href":"https:\/\/api.w.org\/{rel}","templated":true}]}}