{"id":2947,"date":"2026-04-04T17:31:24","date_gmt":"2026-04-04T17:31:24","guid":{"rendered":"https:\/\/cietsigubernamental.com\/blog\/?p=2947"},"modified":"2026-04-04T17:32:03","modified_gmt":"2026-04-04T17:32:03","slug":"congreso-nacional-de-gestion-publica-inteligencia-artificial-y-transformacion-digital-2026","status":"publish","type":"post","link":"https:\/\/cietsigubernamental.com\/blog\/congreso-nacional-de-gestion-publica-inteligencia-artificial-y-transformacion-digital-2026-2947\/","title":{"rendered":"CONGRESO NACIONAL DE GESTI\u00d3N P\u00daBLICA, INTELIGENCIA ARTIFICIAL Y TRANSFORMACI\u00d3N DIGITAL 2026"},"content":{"rendered":"\n<p><em><strong>CONGRESO NACIONAL DE GESTI\u00d3N P\u00daBLICA, INTELIGENCIA ARTIFICIAL Y TRANSFORMACI\u00d3N DIGITAL<\/strong><\/em><\/p>\n\n\n\n<p><em><strong>ACCESO GRATUITO \u2013 CERTIFICACI\u00d3N OPCIONAL<\/strong><\/em><\/p>\n\n\n\n<p><em><strong>MODALIDAD VIRTUAL ONLINE A NIVEL NACIONAL<\/strong><\/em><\/p>\n\n\n\n<p><em><strong>Fechas:<\/strong>&nbsp;28, 29 y 30 de abril de 2026<\/em><\/p>\n\n\n\n<p><em><strong>Horario:<\/strong>&nbsp;7:00 p.m. a 9:00 p.m.<\/em><\/p>\n\n\n\n<p><em><strong>Lugar:<\/strong>&nbsp;Zoom, YouTube y campus virtual CIETSI<\/em><\/p>\n\n\n\n<p><em>Las clases se transmiten en tiempo real, brind\u00e1ndote la oportunidad de interactuar directamente con los ponentes. Adem\u00e1s, tendr\u00e1s acceso ilimitado al material y a las grabaciones a trav\u00e9s de nuestro campus virtual con la opci\u00f3n a descargar todas las clases.&nbsp;<\/em><\/p>\n\n\n\n<p><em><strong>PONENCIAS (TALLERES):<\/strong><\/em><\/p>\n\n\n\n<ul class=\"wp-block-list\">\n<li><em>Gesti\u00f3n de Eventos Institucionales en la Era Digital: Protocolo y Herramientas Digitales.<\/em><\/li>\n\n\n\n<li><em>Redacci\u00f3n de Documentos Oficiales con Inteligencia Artificial.<\/em><\/li>\n\n\n\n<li><em>CAS 2026: Desnaturalizaci\u00f3n, Reincorporaci\u00f3n y Nuevos Beneficios Laborales en el DL.1057 (CAS).<\/em><\/li>\n\n\n\n<li><em>Aplicaci\u00f3n de los Sistemas Inform\u00e1ticos y Administrativos en la Gesti\u00f3n P\u00fablica.<\/em><\/li>\n\n\n\n<li><em>Transformaci\u00f3n Digital en Municipalidades y Entidades P\u00fablicas.<\/em><\/li>\n\n\n\n<li><em>Aplicaci\u00f3n de la Inteligencia Artificial en la Gesti\u00f3n P\u00fablica.<\/em><\/li>\n<\/ul>\n\n\n\n<p><em><strong>PONENTES DE PRIMER NIVEL<\/strong><\/em><\/p>\n\n\n\n<ul class=\"wp-block-list\">\n<li><em>MG. ANA CECILIA MORILLAS OBREG\u00d3N<\/em><\/li>\n\n\n\n<li><em>MG. JES\u00daS ALBERTO PAIBA SAMAM\u00c9<\/em><\/li>\n\n\n\n<li><em>MG ABG. JOS\u00c9 LUIS JARA BAUTISTA<\/em><\/li>\n\n\n\n<li><em>DR. PABLO TOM\u00c1S VILCHEZ SUICO<\/em><\/li>\n\n\n\n<li><em>MG. JULIO MOLINA G\u00c1RATE<\/em><\/li>\n\n\n\n<li><em>MG. VLADO CASTA\u00d1EDA GONZ\u00c1LES\u00a0<\/em><\/li>\n<\/ul>\n\n\n\n<p><em><strong>CERTIFICACI\u00d3N OPCIONAL EN PROMOCI\u00d3N POR ANIVERSARIO<\/strong><\/em><\/p>\n\n\n\n<p><em><strong>OPCI\u00d3N 1:<\/strong>&nbsp;S\/ 59<\/em><\/p>\n\n\n\n<p><em>Certificaci\u00f3n como<strong>&nbsp;CONGRESO NACIONAL DE GESTI\u00d3N P\u00daBLICA, INTELIGENCIA ARTIFICIAL Y TRANSFORMACI\u00d3N DIGITAL<\/strong>, a nombre del Centro de Altos Estudios CIETSI, equivalente a 24 horas acad\u00e9micas, 1.5 cr\u00e9ditos&nbsp;<\/em><em>(Costo regular: S\/ 90 Soles).<\/em><\/p>\n\n\n\n<p><em><strong>OPCI\u00d3N 2:<\/strong>&nbsp;S\/ 79<\/em><\/p>\n\n\n\n<p><em>Certificaci\u00f3n como&nbsp;<strong>CURSO ESPECIALIZADO EN GESTI\u00d3N P\u00daBLICA, INTELIGENCIA ARTIFICIAL Y TRANSFORMACI\u00d3N DIGITAL<\/strong>, a nombre del Centro de Altos Estudios CIETSI, equivalente a 64 horas acad\u00e9micas, 4 cr\u00e9ditos&nbsp;<\/em><em>(Costo regular: S\/ 120 Soles).<\/em><\/p>\n\n\n\n<p><em><strong>Importante:<\/strong><\/em><\/p>\n\n\n\n<p><em>+ Nuestras certificaciones son v\u00e1lidas para concursos p\u00fablicos y privados.<\/em><\/p>\n\n\n\n<p><em>+ Se enviar\u00e1 la certificaci\u00f3n digital por correo electr\u00f3nico.<\/em><\/p>\n\n\n\n<p><em>+ La entrega de certificados se realizar\u00e1 en nuestra sede Chiclayo: Calle Manuel Mar\u00eda Izaga 967, tambi\u00e9n puede pagar el derecho de env\u00edo a domicilio a nivel nacional (el costo depende de la ciudad).<\/em><\/p>\n\n\n\n<p><em>+ Te incluye acceso gratuito al&nbsp;<a href=\"https:\/\/cietsigubernamental.com\/diplomado\/144\/programa-de-especializaciOn-en-sistema-de-gestiOn-documental--digitalizaciOn-de-documentos-con-valor-legal-y-transformaciOn-digital-con-seguridad-de-la-informaciOn-2025\" target=\"_blank\" rel=\"noreferrer noopener\"><strong>PROGRAMA DE ESPECIALIZACI\u00d3N EN SISTEMA DE GESTI\u00d3N DOCUMENTAL, DIGITALIZACI\u00d3N DE DOCUMENTOS CON VALOR LEGAL Y TRANSFORMACI\u00d3N DIGITAL CON SEGURIDAD DE LA INFORMACI\u00d3N<\/strong><\/a>&nbsp;[No incluye certificaci\u00f3n]<\/em><\/p>\n\n\n\n<p><em>+ En caso desees certificarte con el&nbsp;<strong>Colegio de Licenciados en Administraci\u00f3n Regi\u00f3n Lambayeque<\/strong>&nbsp;adicionar S\/ 30 Soles.<\/em><\/p>\n\n\n\n<p><em>+ Los precios de certificaci\u00f3n en promoci\u00f3n son v\u00e1lidas hasta el&nbsp;<strong>30 de abril de 2026 (\u00faltima fecha del congreso)<\/strong>, luego estar\u00e1 a costo regular.<\/em><\/p>\n\n\n\n<p><em><strong>PARA PARTICIPAR DEL CONGRESO NACIONAL:<\/strong><\/em><\/p>\n\n\n\n<p><em>+ Reg\u00edstrese en el formulario de inscripci\u00f3n:&nbsp;<a href=\"https:\/\/forms.gle\/DXtCjobEbwsv4cns5\" target=\"_blank\" rel=\"noreferrer noopener\">https:\/\/forms.gle\/DXtCjobEbwsv4cns5<\/a><\/em><\/p>\n\n\n\n<p><em>+ Tambi\u00e9n puede enviarnos sus datos al Celular\/WhatsApp: 956272261 (<a href=\"https:\/\/api.whatsapp.com\/send?phone=51956272261&amp;text=Hola,%20necesito%20informaci%C3%B3n%20del%20Congreso%20Nacional%20Gratuito%20de%20Gesti%C3%B3n%20P%C3%BAblica,%20Inteligencia%20Artificial%20y%20Transformaci%C3%B3n%20Digital\" target=\"_blank\" rel=\"noreferrer noopener\">https:\/\/bit.ly\/CongresoGP2026<\/a>)<\/em><\/p>\n\n\n\n<p><em><strong>PARA SOLICITAR LA CERTIFICACI\u00d3N:<\/strong><\/em><\/p>\n\n\n\n<p><em>+ Mediante agente o transferencia bancaria:&nbsp;<a href=\"https:\/\/cietsiperu.com\/forma-de-pago\" target=\"_blank\" rel=\"noreferrer noopener\">https:\/\/cietsiperu.com\/forma-de-pago<\/a><\/em><\/p>\n\n\n\n<p><em>+ Tambi\u00e9n por Yape, Plin (956272261, 968059963) y PayPal, Western Union, Izipay (Aceptamos pagos con tarjetas de d\u00e9bito y cr\u00e9dito nacional e internacional (informes@cietsiperu.com).<\/em><\/p>\n\n\n\n<p><em>Una vez realizado el pago comunicarse con nosotros enviando un email a informes@cietsiperu.com o al WhatsApp: 956272261 o 968059963, con los siguientes datos: Nombres completos, DNI, tel\u00e9fono\/celular, correo y como asunto&nbsp;<strong>CERTIFICADO CONGRESO NACIONAL DE GESTI\u00d3N P\u00daBLICA, INTELIGENCIA ARTIFICIAL Y TRANSFORMACI\u00d3N DIGITAL<\/strong>, adjuntando el comprobante de pago, luego de validar nos comunicaremos con usted a la brevedad.<\/em><\/p>\n\n\n\n<p><em><strong>\u00a114 a\u00f1os formando profesionales con calidad y compromiso!<\/strong><\/em><\/p>\n\n\n\n<p><em><strong>\u00a1Prep\u00e1rate para el futuro del sector p\u00fablico con Inteligencia Artificial!<\/strong><\/em><\/p>\n\n\n\n<div class=\"widget-title\">\n<h3>Dirigido<\/h3>\n<\/div>\n<p><strong>El congreso est\u00e1 dirigido a:<\/strong><\/p>\n<p>+ Profesionales, t\u00e9cnicos y servidores del sector p\u00fablico.<\/p>\n<p>+ Asistentes administrativos, secretarias y personal de atenci\u00f3n al ciudadano.\u00a0<\/p>\n<p>+ Especialistas en recursos humanos, gesti\u00f3n p\u00fablica y administraci\u00f3n.<\/p>\n<p>+ Funcionarios de municipalidades, gobiernos regionales y entidades del Estado.<\/p>\n<p>+ Estudiantes y egresados de carreras como Administraci\u00f3n, Derecho, Contabilidad, Ingenier\u00eda, Sistemas y afines.<\/p>\n<p>+ P\u00fablico en general interesado en modernizaci\u00f3n del Estado, transformaci\u00f3n digital e inteligencia artificial.<\/p>\n<div class=\"widget-title\">\n<h3>Objetivos<\/h3>\n<\/div>\n<p>+ Fortalecer las competencias de los participantes en gesti\u00f3n p\u00fablica moderna.<\/p>\n<p>+ Brindar conocimientos actualizados sobre inteligencia artificial aplicada al sector p\u00fablico.<\/p>\n<p>+ Capacitar en herramientas digitales y sistemas administrativos del Estado.<\/p>\n<p>+ Promover buenas pr\u00e1cticas en atenci\u00f3n al ciudadano, redacci\u00f3n administrativa y gesti\u00f3n institucional.<\/p>\n<p>+ Analizar el marco legal vigente en temas laborales como el r\u00e9gimen CAS.<\/p>\n<div class=\"widget-title\">\n<h3>Ponentes<\/h3>\n<\/div>\n<p><strong>MG. Ana Cecilia Morillas Obreg\u00f3n<\/strong><\/p>\n<p>Directora de Educaci\u00f3n en CAPEV y miembro del Directorio de ALEPEB. Especialista en organizaci\u00f3n de eventos, protocolo y marketing personal, con m\u00e1s de 20 a\u00f1os de experiencia a nivel nacional e internacional. Certificada por la Association of Bridal Consultants (ABC) y evaluadora de competencias laborales por el Ministerio de Trabajo. Ha sido trainer en Palacio de Gobierno y capacitadora para embajadas y hoteles. Docente en instituciones de prestigio como la Academia Diplom\u00e1tica del Per\u00fa, Le Cordon Bleu y CENFOTUR. Ganadora del Amancay de Oro 2024.<\/p>\n<p><strong>MG. Jes\u00fas Alberto Paiba Samam\u00e9<\/strong><\/p>\n<p>Licenciado en Educaci\u00f3n con Maestr\u00eda en Did\u00e1ctica de la Educaci\u00f3n Superior. Especialista en comunicaci\u00f3n organizacional, redacci\u00f3n administrativa y atenci\u00f3n al cliente. Docente en la Universidad Tecnol\u00f3gica del Per\u00fa, ZEGEL IPAE y CENFOTUR. Con amplia experiencia como consultor y capacitador empresarial en gesti\u00f3n del talento humano y habilidades comunicativas.<\/p>\n<p><strong>MG. Abg. Jos\u00e9 Luis Jara Bautista<\/strong><\/p>\n<p>Abogado con Maestr\u00eda en Derecho del Trabajo por la UNMSM y especialista en Derecho Administrativo. Ha laborado en entidades como SERVIR y MINCETUR. Autor de publicaciones especializadas y reconocido por diversos Colegios de Abogados. Experto en r\u00e9gimen laboral p\u00fablico y normativa del Estado.<\/p>\n<p><strong>Dr. Ing. Pablo Tom\u00e1s Vilchez Suico<\/strong><\/p>\n<p>Doctor en Administraci\u00f3n de Empresas, ingeniero electr\u00f3nico y especialista en presupuesto y tesorer\u00eda p\u00fablica. Actualmente se desempe\u00f1a en Jurado Nacional de Elecciones (JNE) y fue consultor SIAF en el MEF. Cuenta con amplia experiencia en gesti\u00f3n financiera en entidades p\u00fablicas como la Municipalidad de Lima y DIGEMID.<\/p>\n<p><strong>MG. Julio Molina G\u00e1rate<\/strong><\/p>\n<p>Economista por la UNMSM con Maestr\u00eda en TI. Cuenta con m\u00e1s de 30 a\u00f1os de experiencia en gesti\u00f3n tecnol\u00f3gica. Ha sido Director General de Tecnolog\u00edas de la Informaci\u00f3n en el MEF y actualmente lidera el gobierno de TI en dicha entidad. Especialista en transformaci\u00f3n digital, ciberseguridad y gesti\u00f3n de riesgos tecnol\u00f3gicos.<\/p>\n<p><strong>MG. Vlado Casta\u00f1eda Gonz\u00e1les<\/strong><\/p>\n<p>Mag\u00edster en pol\u00edticas p\u00fablicas con estudios en Espa\u00f1a. Ex funcionario de la Presidencia del Consejo de Ministros y asesor en diversos ministerios. Miembro del cuerpo de Gerentes P\u00fablicos de SERVIR y ganador del Premio a las Buenas Pr\u00e1cticas en Gesti\u00f3n P\u00fablica. Actualmente consultor en gesti\u00f3n p\u00fablica y pol\u00edticas de Estado.<\/p>\n<p><strong>Informes y consultas:<\/strong><\/p>\n<p>(074) 637020, WhatsApp: 968059963, 956272261, informes@cietsiperu.com, www.cietsiperu.com<\/p>\n\n\n","protected":false},"excerpt":{"rendered":"<div class=\"mh-excerpt\"><p>CONGRESO NACIONAL DE GESTI\u00d3N P\u00daBLICA, INTELIGENCIA ARTIFICIAL Y TRANSFORMACI\u00d3N DIGITAL ACCESO GRATUITO \u2013 CERTIFICACI\u00d3N OPCIONAL MODALIDAD VIRTUAL ONLINE A NIVEL NACIONAL Fechas:&nbsp;28, 29 y 30 <a class=\"mh-excerpt-more\" href=\"https:\/\/cietsigubernamental.com\/blog\/congreso-nacional-de-gestion-publica-inteligencia-artificial-y-transformacion-digital-2026-2947\/\" title=\"CONGRESO NACIONAL DE GESTI\u00d3N P\u00daBLICA, INTELIGENCIA ARTIFICIAL Y TRANSFORMACI\u00d3N DIGITAL 2026\">[&#8230;]<\/a><\/p>\n<\/div>","protected":false},"author":1,"featured_media":2950,"comment_status":"open","ping_status":"open","sticky":false,"template":"","format":"standard","meta":{"jetpack_post_was_ever_published":false,"_jetpack_newsletter_access":"","_jetpack_dont_email_post_to_subs":false,"_jetpack_newsletter_tier_id":0,"_jetpack_memberships_contains_paywalled_content":false,"_jetpack_memberships_contains_paid_content":false,"footnotes":"","jetpack_publicize_message":"","jetpack_publicize_feature_enabled":true,"jetpack_social_post_already_shared":true,"jetpack_social_options":{"image_generator_settings":{"template":"highway","default_image_id":0,"font":"","enabled":false},"version":2}},"categories":[2,5,59,71,24,70,69,1,12],"tags":[691,1730,1727,744,1722,1725,1731,1721,1728,1556,752,1625,1719,751,1158,1732,1729,1726,1723,747,1720,1724],"class_list":["post-2947","post","type-post","status-publish","format-standard","has-post-thumbnail","hentry","category-actualidad","category-cursos-talleres-cietsi","category-cursos-talleres-gratuitos","category-diplomados","category-gestion-publica","category-gubernamental","category-ingenierias","category-sin-categoria","category-tecnologias","tag-administracion-publica-peru","tag-atencion-al-ciudadano","tag-capacitacion-online-peru","tag-capacitacion-sector-publico","tag-congreso-gestion-publica-2026","tag-congreso-virtual-gestion-publica","tag-congresos-virtuales-2026","tag-curso-gestion-publica-online","tag-cursos-gratuitos-peru","tag-gestion-publica-moderna","tag-gestion-publica-peru-2","tag-inteligencia-artificial-aplicada","tag-inteligencia-artificial-sector-publico","tag-modernizacion-del-estado","tag-recursos-humanos-sector-publico","tag-redaccion-administrativa-con-ia","tag-regimen-cas-2026","tag-servidores-publicos-peru","tag-siga-siaf-seace","tag-sistemas-administrativos-del-estado","tag-transformacion-digital-estado","tag-transformacion-digital-gobierno"],"jetpack_publicize_connections":[],"jetpack_featured_media_url":"https:\/\/i0.wp.com\/cietsigubernamental.com\/blog\/wp-content\/uploads\/2026\/04\/CONGRESO-NACIONAL-DE-GESTION-PUBLICA-INTELIGENCIA-ARTIFICIAL-Y-TRANSFORMACION-DIGITAL-2026-2.jpg?fit=1194%2C595&ssl=1","jetpack_sharing_enabled":true,"jetpack_shortlink":"https:\/\/wp.me\/p9RxCY-Lx","jetpack-related-posts":[],"_links":{"self":[{"href":"https:\/\/cietsigubernamental.com\/blog\/wp-json\/wp\/v2\/posts\/2947","targetHints":{"allow":["GET"]}}],"collection":[{"href":"https:\/\/cietsigubernamental.com\/blog\/wp-json\/wp\/v2\/posts"}],"about":[{"href":"https:\/\/cietsigubernamental.com\/blog\/wp-json\/wp\/v2\/types\/post"}],"author":[{"embeddable":true,"href":"https:\/\/cietsigubernamental.com\/blog\/wp-json\/wp\/v2\/users\/1"}],"replies":[{"embeddable":true,"href":"https:\/\/cietsigubernamental.com\/blog\/wp-json\/wp\/v2\/comments?post=2947"}],"version-history":[{"count":1,"href":"https:\/\/cietsigubernamental.com\/blog\/wp-json\/wp\/v2\/posts\/2947\/revisions"}],"predecessor-version":[{"id":2949,"href":"https:\/\/cietsigubernamental.com\/blog\/wp-json\/wp\/v2\/posts\/2947\/revisions\/2949"}],"wp:featuredmedia":[{"embeddable":true,"href":"https:\/\/cietsigubernamental.com\/blog\/wp-json\/wp\/v2\/media\/2950"}],"wp:attachment":[{"href":"https:\/\/cietsigubernamental.com\/blog\/wp-json\/wp\/v2\/media?parent=2947"}],"wp:term":[{"taxonomy":"category","embeddable":true,"href":"https:\/\/cietsigubernamental.com\/blog\/wp-json\/wp\/v2\/categories?post=2947"},{"taxonomy":"post_tag","embeddable":true,"href":"https:\/\/cietsigubernamental.com\/blog\/wp-json\/wp\/v2\/tags?post=2947"}],"curies":[{"name":"wp","href":"https:\/\/api.w.org\/{rel}","templated":true}]}}