{"id":29,"date":"2015-07-18T22:21:54","date_gmt":"2015-07-18T22:21:54","guid":{"rendered":"http:\/\/cietsigubernamental.com\/blog\/?p=29"},"modified":"2015-07-18T22:24:52","modified_gmt":"2015-07-18T22:24:52","slug":"seminario-internacional-de-capacitacion-de-futbol-en-el-siglo-xxi","status":"publish","type":"post","link":"https:\/\/cietsigubernamental.com\/blog\/seminario-internacional-de-capacitacion-de-futbol-en-el-siglo-xxi-29\/","title":{"rendered":"Seminario Internacional De Capacitaci\u00f3n De F\u00fatbol En El Siglo XXI"},"content":{"rendered":"<p>Tenemos el gusto de dirigirnos a Ud. en nombre de la Asociaci\u00f3n Cultural Peruano Europeo, en coordinaci\u00f3n y convenio con la UNIVERSIDAD SE\u00d1OR DE SIPAN, INSTITUTO CIETSI Y UNIVERSIDAD NACIONAL DE TRUJILLO \u2013 POST GRADO, instituciones internacionales, invitamos a los profesores de vuestra distinguida instituci\u00f3n a participar en este seminario internacional.<\/p>\n","protected":false},"excerpt":{"rendered":"<div class=\"mh-excerpt\"><p>Tenemos el gusto de dirigirnos a Ud. en nombre de la Asociaci\u00f3n Cultural Peruano Europeo, en coordinaci\u00f3n y convenio con la UNIVERSIDAD SE\u00d1OR DE SIPAN, <a class=\"mh-excerpt-more\" href=\"https:\/\/cietsigubernamental.com\/blog\/seminario-internacional-de-capacitacion-de-futbol-en-el-siglo-xxi-29\/\" title=\"Seminario Internacional De Capacitaci\u00f3n De F\u00fatbol En El Siglo XXI\">[&#8230;]<\/a><\/p>\n<\/div>","protected":false},"author":1,"featured_media":30,"comment_status":"open","ping_status":"open","sticky":false,"template":"","format":"standard","meta":{"jetpack_post_was_ever_published":false,"_jetpack_newsletter_access":"","_jetpack_dont_email_post_to_subs":false,"_jetpack_newsletter_tier_id":0,"_jetpack_memberships_contains_paywalled_content":false,"_jetpack_memberships_contains_paid_content":false,"footnotes":"","jetpack_publicize_message":"","jetpack_publicize_feature_enabled":true,"jetpack_social_post_already_shared":false,"jetpack_social_options":{"image_generator_settings":{"template":"highway","default_image_id":0,"font":"","enabled":false},"version":2}},"categories":[2],"tags":[3],"class_list":["post-29","post","type-post","status-publish","format-standard","has-post-thumbnail","hentry","category-actualidad","tag-cietsi-peru"],"jetpack_publicize_connections":[],"jetpack_featured_media_url":"https:\/\/i0.wp.com\/cietsigubernamental.com\/blog\/wp-content\/uploads\/2015\/07\/SEMINARIO-INTERNACIONAL-DE-CAPACITACI%C3%93N-DE-F%C3%9ATBOL-EN-EL-SIGLO-XXI.jpg?fit=620%2C410&ssl=1","jetpack_sharing_enabled":true,"jetpack_shortlink":"https:\/\/wp.me\/p9RxCY-t","jetpack-related-posts":[],"_links":{"self":[{"href":"https:\/\/cietsigubernamental.com\/blog\/wp-json\/wp\/v2\/posts\/29","targetHints":{"allow":["GET"]}}],"collection":[{"href":"https:\/\/cietsigubernamental.com\/blog\/wp-json\/wp\/v2\/posts"}],"about":[{"href":"https:\/\/cietsigubernamental.com\/blog\/wp-json\/wp\/v2\/types\/post"}],"author":[{"embeddable":true,"href":"https:\/\/cietsigubernamental.com\/blog\/wp-json\/wp\/v2\/users\/1"}],"replies":[{"embeddable":true,"href":"https:\/\/cietsigubernamental.com\/blog\/wp-json\/wp\/v2\/comments?post=29"}],"version-history":[{"count":2,"href":"https:\/\/cietsigubernamental.com\/blog\/wp-json\/wp\/v2\/posts\/29\/revisions"}],"predecessor-version":[{"id":33,"href":"https:\/\/cietsigubernamental.com\/blog\/wp-json\/wp\/v2\/posts\/29\/revisions\/33"}],"wp:featuredmedia":[{"embeddable":true,"href":"https:\/\/cietsigubernamental.com\/blog\/wp-json\/wp\/v2\/media\/30"}],"wp:attachment":[{"href":"https:\/\/cietsigubernamental.com\/blog\/wp-json\/wp\/v2\/media?parent=29"}],"wp:term":[{"taxonomy":"category","embeddable":true,"href":"https:\/\/cietsigubernamental.com\/blog\/wp-json\/wp\/v2\/categories?post=29"},{"taxonomy":"post_tag","embeddable":true,"href":"https:\/\/cietsigubernamental.com\/blog\/wp-json\/wp\/v2\/tags?post=29"}],"curies":[{"name":"wp","href":"https:\/\/api.w.org\/{rel}","templated":true}]}}