{"id":2852,"date":"2025-09-19T14:21:10","date_gmt":"2025-09-19T14:21:10","guid":{"rendered":"https:\/\/cietsigubernamental.com\/blog\/?p=2852"},"modified":"2025-09-19T14:21:10","modified_gmt":"2025-09-19T14:21:10","slug":"curso-especializado-sistema-integrado-de-gestion-administrativa-del-ministerio-de-economia-y-finanzas-siga-mef-2025","status":"publish","type":"post","link":"https:\/\/cietsigubernamental.com\/blog\/curso-especializado-sistema-integrado-de-gestion-administrativa-del-ministerio-de-economia-y-finanzas-siga-mef-2025-2852\/","title":{"rendered":"CURSO ESPECIALIZADO SISTEMA INTEGRADO DE GESTI\u00d3N ADMINISTRATIVA DEL MINISTERIO DE ECONOM\u00cdA Y FINANZAS \u2013 SIGA MEF 2025"},"content":{"rendered":"\n<p><strong>CURSO ESPECIALIZADO SISTEMA INTEGRADO DE GESTI\u00d3N ADMINISTRATIVA DEL MINISTERIO DE ECONOM\u00cdA Y FINANZAS \u2013 SIGA MEF<\/strong><\/p>\n\n\n\n<p><strong>MODALIDAD VIRTUAL EN VIVO (ONLINE)<\/strong><\/p>\n\n\n\n<p><strong>Inicio:<\/strong>&nbsp;23 de septiembre de 2025<\/p>\n\n\n\n<p><strong>Horario:<\/strong>&nbsp;martes y jueves de 8:00 p.m. a 10:00 p.m.<\/p>\n\n\n\n<p><strong>Duraci\u00f3n:<\/strong>&nbsp;1 mes (23, 25, 30 septiembre; 2, 7, 9, 14 octubre 2025)<\/p>\n\n\n\n<p><strong>Lugar:<\/strong>&nbsp;Zoom y campus virtual Cietsi<\/p>\n\n\n\n<p>Las clases se transmiten en vivo, tendr\u00e1s acceso a las grabaciones y material en el campus virtual; Te incluye instalaci\u00f3n gratuita del DEMO SIGA para que puedas realizar tus pr\u00e1cticas.<\/p>\n\n\n\n<p><strong>INVERSI\u00d3N EN PREVENTA: S\/ 99 Soles<\/strong>&nbsp;(V\u00e1lida hasta el 23 de septiembre o hasta cubrir vacantes)<\/p>\n\n\n\n<p>Incluye certificado firmado por Centro de Altos Estudios Cietsi, equivalente a 90 horas acad\u00e9micas, equivalente a 5 cr\u00e9ditos.<\/p>\n\n\n\n<p><strong>IMPORTANTE:&nbsp;<\/strong><\/p>\n\n\n\n<p>+ Si eres estudiante del&nbsp;<a href=\"https:\/\/cietsiperu.com\/diplomado\/141\/diplomado-de-especializaciOn-en-los-sistemas-administrativos-del-estado-siaf--siga-y-seace-de-la-pladicop-2025\" target=\"_blank\" rel=\"noreferrer noopener\"><strong>Diplomado de Especializaci\u00f3n en los Sistemas Administrativos del Estado: SIAF, SIGA, SEACE de la PLADICOP<\/strong><\/a>&nbsp;el certificado te costar\u00eda: S\/ 50 Soles.<\/p>\n\n\n\n<p>+ Certificaci\u00f3n con c\u00f3digo QR para validaci\u00f3n a nivel nacional e internacional en nuestra web:&nbsp;<a href=\"https:\/\/cietsiperu.com\/validar\/\" target=\"_blank\" rel=\"noreferrer noopener\">https:\/\/cietsiperu.com\/validar\/<\/a><\/p>\n\n\n\n<p>+ Solicitar informaci\u00f3n en caso desee certificarse como&nbsp;<strong>CURSO<\/strong>&nbsp;a nombre del&nbsp;<strong>Colegio de Ingenieros del Per\u00fa CD Piura o del Colegio de Licenciados en Administraci\u00f3n Regi\u00f3n Lambayeque<\/strong>.<\/p>\n\n\n\n<p>+ Te brindamos la oportunidad de integrarte&nbsp;<a href=\"https:\/\/cietsiperu.com\/diplomado\/141\/diplomado-de-especializaciOn-en-los-sistemas-administrativos-del-estado-siaf--siga-y-seace-de-la-pladicop-2025\" target=\"_blank\" rel=\"noreferrer noopener\"><em><strong>Diplomado de Especializaci\u00f3n en los Sistemas Administrativos del Estado: SIAF, SIGA, SEACE de la PLADICOP<\/strong>&nbsp;<\/em><\/a>con opciones de certificaci\u00f3n con la&nbsp;<strong>Universidad Nacional de Trujillo, Colegio de Ingenieros del Per\u00fa CD Piura, Colegio de Licenciados en Administraci\u00f3n Regi\u00f3n Lambayeque o CIETSI<\/strong>.<\/p>\n\n\n\n<p><strong>PARA PARTICIPAR DEL CURSO ESPECIALIZADO:<\/strong><\/p>\n\n\n\n<p>+ Realizar el pago mediante dep\u00f3sito o transferencia bancaria:&nbsp;<a href=\"https:\/\/cietsiperu.com\/forma-de-pago\" target=\"_blank\" rel=\"noreferrer noopener\">https:\/\/cietsiperu.com\/forma-de-pago<\/a><\/p>\n\n\n\n<p>+ Tambi\u00e9n puede realizar pagos por Yape y Plin (956272261 y 968059963).<\/p>\n\n\n\n<p>Una vez realizado el pago comunicarse con nosotros enviando un email a informes@cietsiperu.com o por WhatsApp 956272261, con los siguientes datos (nombres completos, DNI, tel\u00e9fono\/celular, asunto CURSO SIAF 2025), adjuntando el comprobante de pago, luego de validar nos comunicaremos con usted a la brevedad.<\/p>\n\n\n\n<p><em><strong>\u00a1ESTE CURSO FORMA PARTE DEL DIPLOMADO DE ESPECIALIZACI\u00d3N EN LOS SISTEMAS ADMINISTRATIVOS DEL ESTADO: SIAF, SIGA Y SEACE DE LA PLADICOP 2025!<\/strong><\/em><\/p>\n\n\n\n<p><strong><em>&nbsp;\u00a1\u00a1APRENDIZAJE 100% GARANTIZADO!!<\/em><\/strong><\/p>\n\n\n\n<p><strong>Informes e inscripciones:&nbsp;<\/strong>956272261 (<a href=\"https:\/\/api.whatsapp.com\/send?phone=51956272261&amp;text=Hola%20Cietsi,%20necesito%20informaci%C3%B3n%20del%20Curso%20SIGA%20MEF%202025\" target=\"_blank\" rel=\"noreferrer noopener\">https:\/\/bit.ly\/CSIGA2025<\/a>)<\/p>\n\n\n\n<h3 class=\"wp-block-heading\">Dirigido<\/h3>\n\n\n\n<p>+ Profesionales en general que laboren o deseen laborar para el sector p\u00fablico como administradores, economistas, ingenieros, contadores y afines.<\/p>\n\n\n\n<p>+ Estudiantes y p\u00fablico en general que deseen especializarse en el Sistema Integrado de Gesti\u00f3n Administrativa del Ministerio de Econom\u00eda y Finanzas \u00abSIGA MEF\u00bb.<\/p>\n\n\n\n<h3 class=\"wp-block-heading\">Objetivos<\/h3>\n\n\n\n<p>+ Se brindar\u00e1 los conocimientos te\u00f3ricos y pr\u00e1cticos sobre la normativa, importancia, uso y manejo del Sistema Integrado de Gesti\u00f3n Administrativa del Ministerio de Econom\u00eda y Finanzas (SIGA MEF) en su \u00faltima versi\u00f3n, el cual es obligatorio mediante D.L. 1439 y D.S. N\u00b0 217-2019-EF: Sistema Nacional de Abastecimiento.<\/p>\n\n\n\n<p><strong>TEMARIO: SISTEMA INTEGRADO DE GESTI\u00d3N ADMINISTRATIVA DEL MINISTERIO DE ECONOM\u00cdA Y FINANZAS \u2013 SIGA MEF<\/strong><\/p>\n\n\n\n<p><strong>EL MARCO NORMATIVO DEL ENTE RECTOR DIRECCI\u00d3N GENERAL DE ABASTECIMIENTO<\/strong><\/p>\n\n\n\n<p>+ \u00bfQu\u00e9 es el SIGA MEF y su aplicaci\u00f3n en el sector p\u00fablico?.<\/p>\n\n\n\n<p>+ Marco normativo DL N\u00b0 1439 \u2013 Sistema Nacional de Abastecimiento.<\/p>\n\n\n\n<p>+ Cadena de Abastecimiento, concepto y Fases.<\/p>\n\n\n\n<p>+ \u00c1reas involucradas en la gesti\u00f3n de la Cadena de Abastecimiento P\u00fablico.<\/p>\n\n\n\n<p>+ Implementaci\u00f3n Gradual del SIGA.<\/p>\n\n\n\n<p>+ Exploraci\u00f3n por los m\u00f3dulos y subm\u00f3dulos de Log\u00edstica, Patrimonio, Almac\u00e9n, PpR y otros.<\/p>\n\n\n\n<p><strong>EL CATALOGO DE BIENES Y SERVICIOS COMO HERRAMIENTA DE INTEGRACION.<\/strong><\/p>\n\n\n\n<p><strong>MODULO DE CONFIGURACION<\/strong><\/p>\n\n\n\n<p><strong>SUBM\u00d3DULO MAESTROS<\/strong><\/p>\n\n\n\n<p><strong>Cat\u00e1logo de Bienes y Servicios<\/strong><\/p>\n\n\n\n<p>+ Importancia \u2013 Activaci\u00f3n de \u00edtems de bienes y servicios del cat\u00e1logo SIGA y cat\u00e1logo institucional.<\/p>\n\n\n\n<p>+ Activaci\u00f3n y desactivaci\u00f3n de Clasificadores de gasto, Cuentas contables y reportes.<\/p>\n\n\n\n<p>+ Solicitud de creaci\u00f3n de \u00edtem de Bien o Servicio, as\u00ed como su inclusi\u00f3n de este en el Cat\u00e1logo Institucional.<\/p>\n\n\n\n<p>+ Datos Generales.<\/p>\n\n\n\n<p>+ Cat\u00e1logo Medio de presentaci\u00f3n.<\/p>\n\n\n\n<p>+ Registro de Marcas.<\/p>\n\n\n\n<p>+ Registro de Tareas.<\/p>\n\n\n\n<p><strong>Centro de Costo<\/strong><\/p>\n\n\n\n<p>+ Definici\u00f3n de Centro de Costo.<\/p>\n\n\n\n<p>+ Pautas para la Creaci\u00f3n de un Centro de Costo.<\/p>\n\n\n\n<p>+ Asignaci\u00f3n de Metas Presupuestales.<\/p>\n\n\n\n<p>+ Asignaci\u00f3n de responsables de Centro de Costo.<\/p>\n\n\n\n<p>+ Tareas: definici\u00f3n, la importancia de su registro en el SIGA y tipos.<\/p>\n\n\n\n<p>+ Creaci\u00f3n y Asignaci\u00f3n de Tareas.<\/p>\n\n\n\n<p><strong>Personal<\/strong><\/p>\n\n\n\n<p>+ Registro de Personal que labora en la Entidad.<\/p>\n\n\n\n<p>+ Asignaci\u00f3n a un Centro de Costo.<\/p>\n\n\n\n<p>+ Autorizaci\u00f3n para la entrega de Pedidos.<\/p>\n\n\n\n<p>+ Dar de baja.<\/p>\n\n\n\n<p><strong>Proveedores<\/strong><\/p>\n\n\n\n<p>+ Utilizando el portal de b\u00fasqueda de RUC de la SUNAT (Ficha RUC)<\/p>\n\n\n\n<p>+ Registro de la Informaci\u00f3n del Proveedor.<\/p>\n\n\n\n<p><strong>SUBMOBULO PROCESOS<\/strong><\/p>\n\n\n\n<p>+ Copia Par\u00e1metros por A\u00f1o.<\/p>\n\n\n\n<p>+ Configurar Programaci\u00f3n.<\/p>\n\n\n\n<p>+ Carga General de Tablas del SIAF.<\/p>\n\n\n\n<p>+ Carga de Datos del SIGA.<\/p>\n\n\n\n<p><strong>CASO PR\u00c1CTICO A DESARROLLAR.<\/strong><\/p>\n\n\n\n<p>+ Se registrar\u00e1 un Centro de Costo, as\u00ed mismo se le relacionar\u00e1 sus metas, Tareas, Personal, etc.<\/p>\n\n\n\n<p><strong>GESTI\u00d3N DE LA MODIFICACI\u00d3N DEL CUADRO MULTIANUAL DE NECESIDADES (CMN).<\/strong><\/p>\n\n\n\n<p><strong>MODULO LOGISTICA \u2013 ML<\/strong><\/p>\n\n\n\n<p><strong>SUB-M\u00d3DULO DE PROGRAMACI\u00d3N<\/strong><\/p>\n\n\n\n<p>+ Cuadro Multianual de Necesidades (CMN)<\/p>\n\n\n\n<p>+ Revisi\u00f3n de la Programaci\u00f3n aprobada de Gastos Generales, Insumos, Bienes, servicios y Activos Por cada centro de Costo.<\/p>\n\n\n\n<p>+ Modificaci\u00f3n de C.M.N.<\/p>\n\n\n\n<p>+ Gastos generales.<\/p>\n\n\n\n<p>+ Bienes, servicios y Obras.<\/p>\n\n\n\n<p>+ Solicitud de Modificaci\u00f3n.<\/p>\n\n\n\n<p>+ Consolidaci\u00f3n del C.M.N.<\/p>\n\n\n\n<p>+ Aprobaci\u00f3n de Solicitud de Modificaci\u00f3n (Anexo 3).<\/p>\n\n\n\n<p>+ Generaci\u00f3n de Aprobaci\u00f3n de Modificaci\u00f3n al C.M.N. (Anexo4).<\/p>\n\n\n\n<p><strong>CASO PR\u00c1CTICO A DESARROLLAR.<\/strong><\/p>\n\n\n\n<p>+ Registro de inclusiones y\/o exclusiones de bienes y servicios a ser incorporados en el CMN, registro del Anexo 03 (Centro de Costo) y aprobaci\u00f3n mediante Anexo 06(Abastecimiento).<\/p>\n\n\n\n<p><strong>REGISTRO DEL CONSOLIDADO DEL CUADRO MULTIANUAL DE NECESIDADES (CCMN) Y LA GESTI\u00d3N PRESUPUESTARIA)<\/strong><\/p>\n\n\n\n<p><strong>MODULO LOGISTICA \u2013 ML<\/strong><\/p>\n\n\n\n<p>+ Consolidaci\u00f3n del C.M.N.<\/p>\n\n\n\n<p>+ Consolidaci\u00f3n C.M.N. \u2013 Actualizado.<\/p>\n\n\n\n<p>+ Ajuste del valor estimado (Ajuste x CCMN)<\/p>\n\n\n\n<p>+ Gesti\u00f3n Presupuestal<\/p>\n\n\n\n<p>+ Certificaciones.<\/p>\n\n\n\n<p>+ Interfaz de solicitud de CCP con SIGA ML \u2013 SIAF SP.<\/p>\n\n\n\n<p><strong>CASO PR\u00c1CTICO A DESARROLLAR.<\/strong><\/p>\n\n\n\n<p>+ Registro del CCMN, as\u00ed mismo la actualizaci\u00f3n del valor estimado, generaci\u00f3n de la CCP SIGA, la cual ser\u00e1 utilizada como parte de la solicitud de CCP al momento de realizar la Interfase SIGA \u2013 SIAF.<\/p>\n\n\n\n<p><strong>DOCUMENTOS PARA EL REGISTRO DEL COMPROMISO MENSUAL: \u00d3RDENES DE COMPRA Y SERVICIO<\/strong><\/p>\n\n\n\n<p>+ Cuadro de Adquisici\u00f3n, Orden de Compra, Orden de Servicio<\/p>\n\n\n\n<p>+ Marco Normativo (Ejecuci\u00f3n del Gasto P\u00fablico, Compromiso, Etapas de la Ejecuci\u00f3n del Gasto.)<\/p>\n\n\n\n<p>+ Ingreso.<\/p>\n\n\n\n<p>+ Modificaci\u00f3n.<\/p>\n\n\n\n<p>+ Interfaz de Compromiso Anual con el SIAF.<\/p>\n\n\n\n<p>+ Gesti\u00f3n Presupuestal<\/p>\n\n\n\n<p>+ Interface Compromiso Mensual SIGA ML \u2013 SIAF SP.<\/p>\n\n\n\n<p>+ Marco Presupuestal.<\/p>\n\n\n\n<p>+ Afectaci\u00f3n Presupuestal.<\/p>\n\n\n\n<p>+ Seguimiento Certificaci\u00f3n<\/p>\n\n\n\n<p>+ PCA.<\/p>\n\n\n\n<p>+ Certificaciones.<\/p>\n\n\n\n<p><strong>CASO PR\u00c1CTICO A DESARROLLAR.<\/strong><\/p>\n\n\n\n<p>+ Se generar\u00e1 una orden de compra, teniendo en cuenta las pautas para un mejor entendimiento, realizaremos la Interfase de Compromiso Anual y Compromiso Mensual entre el SIGA y el SIAF.<\/p>\n\n\n\n<p><strong>ALMACENAMIENTO, COMO PROCESO DE CONSERVACION Y CUSTODIA DE BIENES.<\/strong><\/p>\n\n\n\n<p><strong>MODULO LOGISTICA &#8211; ML<\/strong><\/p>\n\n\n\n<p>+ Almacenes<\/p>\n\n\n\n<p>+ Introducci\u00f3n: Marco Normativo, consideraciones.<\/p>\n\n\n\n<p>+ Entrada a Almac\u00e9n<\/p>\n\n\n\n<p>+ Introducci\u00f3n.<\/p>\n\n\n\n<p>+ Ingreso \/ Internamiento de Existencias.<\/p>\n\n\n\n<p>+ Modificaci\u00f3n y Eliminaci\u00f3n de registros.<\/p>\n\n\n\n<p>+ Extornos de Ingresos.<\/p>\n\n\n\n<p>+ Atenci\u00f3n de pedidos<\/p>\n\n\n\n<p>+ Introducci\u00f3n<\/p>\n\n\n\n<p>+ Registro de Pedidos para ser atendidos por Almac\u00e9n.<\/p>\n\n\n\n<p>+ Autorizaci\u00f3n.<\/p>\n\n\n\n<p>+ Atenci\u00f3n de Pedidos.<\/p>\n\n\n\n<p>+ Generaci\u00f3n de PECOSA.<\/p>\n\n\n\n<p>+ Consulta de PECOSAS<\/p>\n\n\n\n<p>+ Relaci\u00f3n de PECOSAS.<\/p>\n\n\n\n<p>+ Relaci\u00f3n de PECOSAS por persona.<\/p>\n\n\n\n<p>+ Relaci\u00f3n detallada de PECOSAS.<\/p>\n\n\n\n<p>+ Kardex de Almac\u00e9n<\/p>\n\n\n\n<p>+ Introducci\u00f3n<\/p>\n\n\n\n<p>+ Movimientos<\/p>\n\n\n\n<p>+ Actualizaci\u00f3n de Saldos.<\/p>\n\n\n\n<p>+ Revisi\u00f3n de Reportes.<\/p>\n\n\n\n<p>+ Transferencias de Almac\u00e9n<\/p>\n\n\n\n<p>+ Diferencias entre Interno y Contable.<\/p>\n\n\n\n<p>+ Registro de Transferencia.<\/p>\n\n\n\n<p>+ Extorno de Transferencia.<\/p>\n\n\n\n<p>+ Procesos de Cierre de Almac\u00e9n<\/p>\n\n\n\n<p>+ Proceso de Cierre Mensual.<\/p>\n\n\n\n<p>+ Proceso de Cierre Anual.<\/p>\n\n\n\n<p>+ Extorno.<\/p>\n\n\n\n<p><strong>CASO PR\u00c1CTICO A DESARROLLAR.<\/strong><\/p>\n\n\n\n<p>+ Registraremos Entradas por Compra, Registro de Requerimientos para ser atendidos por Almac\u00e9n, Generaci\u00f3n de PECOSAS, K\u00e1rdex del Almac\u00e9n, Generaremos Reportes Contables de Almac\u00e9n.<\/p>\n\n\n\n<p>Evaluaci\u00f3n del curso.<\/p>\n\n\n\n<h3 class=\"wp-block-heading\">Ponente<\/h3>\n\n\n\n<p><strong>ING. RONALD ALEX VASQUEZ GUERRA<\/strong><\/p>\n\n\n\n<p>Ingeniero de Sistemas, Promotor del Gobierno Electr\u00f3nico a trav\u00e9s del uso intensivo de las Tecnolog\u00edas de Informaci\u00f3n y Comunicaci\u00f3n (TIC) como soporte a los procesos de planificaci\u00f3n, producci\u00f3n y gesti\u00f3n en toda Entidad permitiendo a su vez consolidar propuestas de gobierno abierto.&nbsp;<\/p>\n\n\n\n<p>Con m\u00e1s de 10 a\u00f1os de experiencia en el sector p\u00fablico en lo relacionado al Proceso Presupuestario, Proceso Log\u00edstico, Procesos Inform\u00e1ticos e implantador del Sistema Integrado de Gesti\u00f3n Administrativa \u2013 SIGA, Sistema de Personal \u2013 SISPER, manejo y conocimiento a nivel t\u00e9cnico del SIAF &#8211; SP.<\/p>\n\n\n\n<p>Ha laborado en distintos sectores como: Educaci\u00f3n, Relaciones Exteriores, Procesos Electorales, Transportes y Comunicaciones, actualmente se desempe\u00f1\u00f3 como Coordinador de Soluciones de Tecnolog\u00edas de la Informaci\u00f3n.<\/p>\n\n\n\n<p>Capacitador a nivel nacional a funcionarios de Entidades P\u00fablicas de los diversos \u00e1mbitos Nacional, Regional y Local en la correcta utilizaci\u00f3n del Sistema Integrado de Gesti\u00f3n Administrativa &#8211; SIGA a todo nivel, con una perspectiva orientada a Procesos, actualmente docente en el Centro de Extensi\u00f3n Universitaria y Proyecci\u00f3n Social &#8211; CEUPS de la Facultad de Ciencias Contables de la Universidad Nacional Mayor de San Marcos, Instituto San Ignacio de Loyola y Escuela ADEX.<\/p>\n\n\n\n<p><strong>Informes y consultas:<\/strong><\/p>\n\n\n\n<p>(074) 637020, Celular\/WhatsApp: +51 968059963, +51 956272261, informes@cietsiperu.com, www.cietsiperu.com<\/p>\n","protected":false},"excerpt":{"rendered":"<div class=\"mh-excerpt\"><p>CURSO ESPECIALIZADO SISTEMA INTEGRADO DE GESTI\u00d3N ADMINISTRATIVA DEL MINISTERIO DE ECONOM\u00cdA Y FINANZAS \u2013 SIGA MEF MODALIDAD VIRTUAL EN VIVO (ONLINE) Inicio:&nbsp;23 de septiembre de <a class=\"mh-excerpt-more\" href=\"https:\/\/cietsigubernamental.com\/blog\/curso-especializado-sistema-integrado-de-gestion-administrativa-del-ministerio-de-economia-y-finanzas-siga-mef-2025-2852\/\" title=\"CURSO ESPECIALIZADO SISTEMA INTEGRADO DE GESTI\u00d3N ADMINISTRATIVA DEL MINISTERIO DE ECONOM\u00cdA Y FINANZAS \u2013 SIGA MEF 2025\">[&#8230;]<\/a><\/p>\n<\/div>","protected":false},"author":1,"featured_media":2853,"comment_status":"open","ping_status":"open","sticky":false,"template":"","format":"standard","meta":{"jetpack_post_was_ever_published":false,"_jetpack_newsletter_access":"","_jetpack_dont_email_post_to_subs":false,"_jetpack_newsletter_tier_id":0,"_jetpack_memberships_contains_paywalled_content":false,"_jetpack_memberships_contains_paid_content":false,"footnotes":"","jetpack_publicize_message":"","jetpack_publicize_feature_enabled":true,"jetpack_social_post_already_shared":false,"jetpack_social_options":{"image_generator_settings":{"template":"highway","default_image_id":0,"font":"","enabled":false},"version":2}},"categories":[2,5,59,71,24,70,69,1,12],"tags":[484,1380,1381,1386,1256,1385,1388,1384,1389,1378,1377,1340,1382,1342,481,1379,482,1383,479,109,1387],"class_list":["post-2852","post","type-post","status-publish","format-standard","has-post-thumbnail","hentry","category-actualidad","category-cursos-talleres-cietsi","category-cursos-talleres-gratuitos","category-diplomados","category-gestion-publica","category-gubernamental","category-ingenierias","category-sin-categoria","category-tecnologias","tag-administracion-publica","tag-capacitacion-siga-mef","tag-capacitacion-virtual-mef","tag-certificacion-oficial-mef","tag-cietsi","tag-codigo-qr-verificable","tag-concursos-publicos","tag-contabilidad-publica","tag-contraloria","tag-curso-para-funcionarios-publicos","tag-curso-siga-mef-2025","tag-cursos-virtuales-peru","tag-ejecucion-del-gasto-publico","tag-formacion-tecnica","tag-gestion-administrativa-publica","tag-mef-peru","tag-siga-mef","tag-sistema-de-ejecucion-presupuestal","tag-sistema-integrado-de-gestion-administrativa","tag-sunat","tag-validacion-de-certificados"],"jetpack_publicize_connections":[],"jetpack_featured_media_url":"https:\/\/i0.wp.com\/cietsigubernamental.com\/blog\/wp-content\/uploads\/2025\/09\/CURSO-ESPECIALIZADO-SIGA-MEF-2025-2.jpg?fit=1191%2C584&ssl=1","jetpack_sharing_enabled":true,"jetpack_shortlink":"https:\/\/wp.me\/p9RxCY-K0","jetpack-related-posts":[],"_links":{"self":[{"href":"https:\/\/cietsigubernamental.com\/blog\/wp-json\/wp\/v2\/posts\/2852","targetHints":{"allow":["GET"]}}],"collection":[{"href":"https:\/\/cietsigubernamental.com\/blog\/wp-json\/wp\/v2\/posts"}],"about":[{"href":"https:\/\/cietsigubernamental.com\/blog\/wp-json\/wp\/v2\/types\/post"}],"author":[{"embeddable":true,"href":"https:\/\/cietsigubernamental.com\/blog\/wp-json\/wp\/v2\/users\/1"}],"replies":[{"embeddable":true,"href":"https:\/\/cietsigubernamental.com\/blog\/wp-json\/wp\/v2\/comments?post=2852"}],"version-history":[{"count":1,"href":"https:\/\/cietsigubernamental.com\/blog\/wp-json\/wp\/v2\/posts\/2852\/revisions"}],"predecessor-version":[{"id":2854,"href":"https:\/\/cietsigubernamental.com\/blog\/wp-json\/wp\/v2\/posts\/2852\/revisions\/2854"}],"wp:featuredmedia":[{"embeddable":true,"href":"https:\/\/cietsigubernamental.com\/blog\/wp-json\/wp\/v2\/media\/2853"}],"wp:attachment":[{"href":"https:\/\/cietsigubernamental.com\/blog\/wp-json\/wp\/v2\/media?parent=2852"}],"wp:term":[{"taxonomy":"category","embeddable":true,"href":"https:\/\/cietsigubernamental.com\/blog\/wp-json\/wp\/v2\/categories?post=2852"},{"taxonomy":"post_tag","embeddable":true,"href":"https:\/\/cietsigubernamental.com\/blog\/wp-json\/wp\/v2\/tags?post=2852"}],"curies":[{"name":"wp","href":"https:\/\/api.w.org\/{rel}","templated":true}]}}