{"id":2793,"date":"2025-08-12T15:11:21","date_gmt":"2025-08-12T15:11:21","guid":{"rendered":"https:\/\/cietsigubernamental.com\/blog\/?p=2793"},"modified":"2025-08-12T15:11:21","modified_gmt":"2025-08-12T15:11:21","slug":"seminario-gratuito-gestion-publica-con-siaf-2025","status":"publish","type":"post","link":"https:\/\/cietsigubernamental.com\/blog\/seminario-gratuito-gestion-publica-con-siaf-2025-2793\/","title":{"rendered":"SEMINARIO GRATUITO GESTI\u00d3N P\u00daBLICA CON SIAF 2025"},"content":{"rendered":"\n<p><strong>SEMINARIO GRATUITO GESTI\u00d3N P\u00daBLICA CON SIAF<\/strong><\/p>\n\n\n\n<p><em><strong>Casos pr\u00e1cticos del SIAF y c\u00f3mo prevenir errores frecuentes<\/strong><\/em><\/p>\n\n\n\n<p><strong>MODALIDAD VIRTUAL EN VIVO A NIVEL NACIONAL<\/strong><\/p>\n\n\n\n<p><strong>Fecha:<\/strong>&nbsp;Viernes, 1 de agosto de 2025<\/p>\n\n\n\n<p><strong>Hora:<\/strong>&nbsp;8:00 p.m.<\/p>\n\n\n\n<p><strong>Lugar:<\/strong>&nbsp;Transmisi\u00f3n en vivo por Zoom, YouTube y&nbsp;<a href=\"https:\/\/institutocietsi.com\/l\/pdp\/seminario-gratuito-gestion-publica-siaf-2025\" target=\"_blank\" rel=\"noreferrer noopener\">campus virtual<\/a><\/p>\n\n\n\n<p><strong>PARA PARTICIPAR DEL SEMINARIO:<\/strong><\/p>\n\n\n\n<p>+ Reg\u00edstrate aqu\u00ed:&nbsp;<a href=\"https:\/\/docs.google.com\/forms\/d\/e\/1FAIpQLSc9SFUSbgxkeKRmebfTnLAW9JV8nUIIYHjb4LN89jGfnMGiFQ\/viewform\" target=\"_blank\" rel=\"noreferrer noopener\">https:\/\/bit.ly\/GPublicaSIAF<\/a><\/p>\n\n\n\n<p>+ En caso no puedas registrarte, puedes enviarnos tus datos al Celular\/WhatsApp: 956272261 (<a href=\"https:\/\/api.whatsapp.com\/send?phone=51956272261&amp;text=Hola%20Cietsi,%20deseo%20registrarme%20en%20el%20Seminario%20Gesti%C3%B3n%20P%C3%BAblica%20con%20SIAF\" target=\"_blank\" rel=\"noreferrer noopener\">https:\/\/bit.ly\/SIAFwsp<\/a>)<\/p>\n\n\n\n<p>En este evento brindaremos promociones exclusivas para participar del&nbsp;<a href=\"https:\/\/www.cietsiperu.com\/diplomado\/141\/diplomado-de-especializaciOn-en-los-sistemas-administrativos-del-estado-siaf--siga-y-seace-de-la-pladicop-2025\" target=\"_blank\" rel=\"noreferrer noopener\"><em><strong>Diplomado de Especializaci\u00f3n en los Sistemas Administrativos del Estado: SIAF, SIGA, SEACE de la PLADICOP<\/strong><\/em><\/a><\/p>\n\n\n\n<p><strong>CERTIFICACI\u00d3N OPCIONAL:<\/strong>&nbsp;S\/ 30 soles, a nombre del Centro de Altos Estudios Cietsi<\/p>\n\n\n\n<p><strong>Importante:<\/strong><\/p>\n\n\n\n<p>+ El certificado es f\u00edsico y digital con c\u00f3digo QR, que podr\u00e1 validarse a nivel nacional e internacional en nuestra web:&nbsp;<a href=\"https:\/\/www.cietsiperu.com\/validar\/\" target=\"_blank\" rel=\"noreferrer noopener\">https:\/\/www.cietsiperu.com\/validar\/<\/a><\/p>\n\n\n\n<p>+ El certificado digital se env\u00eda por correo electr\u00f3nico y en f\u00edsico lo puede recoger en nuestra sede Chiclayo: Calle Manuel Mar\u00eda Izaga 967.<\/p>\n\n\n\n<p>+ Solicitar informaci\u00f3n en caso desee certificarse a nombre del&nbsp;<em><strong>Colegio de Ingenieros del Per\u00fa CD Piura<\/strong><\/em>&nbsp;o con el&nbsp;<em><strong>Colegio de Licenciados en Administraci\u00f3n Regi\u00f3n Lambayeque<\/strong><\/em>.<\/p>\n\n\n\n<h3 class=\"wp-block-heading\">Dirigido<\/h3>\n\n\n\n<p><strong>Este seminario est\u00e1 dirigido a:<\/strong><\/p>\n\n\n\n<p>+ Estudiantes de \u00faltimos ciclos y egresados de Administraci\u00f3n, Contabilidad, Econom\u00eda, Ingenier\u00eda, Derecho, y carreras afines.<\/p>\n\n\n\n<p>+ T\u00e9cnicos, auxiliares y profesionales que trabajan en entidades del Estado.<\/p>\n\n\n\n<p>+ Postulantes a convocatorias p\u00fablicas y CAS que buscan fortalecer su perfil t\u00e9cnico.<\/p>\n\n\n\n<p>+ Personal de log\u00edstica, presupuesto o administraci\u00f3n en gobiernos locales, UGEL, hospitales, universidades, etc.<\/p>\n\n\n\n<p>+ P\u00fablico en general que desea ingresar al sector p\u00fablico o mejorar su desempe\u00f1o.<\/p>\n\n\n\n<h3 class=\"wp-block-heading\">Objetivos<\/h3>\n\n\n\n<p>+ Brindar una introducci\u00f3n pr\u00e1ctica al uso del SIAF desde la perspectiva de la gesti\u00f3n administrativa del Estado.<\/p>\n\n\n\n<p>+ Mostrar casos reales y frecuentes en los que se generan errores por un uso incorrecto del sistema.<\/p>\n\n\n\n<p>+ Destacar la importancia del conocimiento del SIAF para mejorar la empleabilidad y desempe\u00f1o en el sector p\u00fablico.<\/p>\n\n\n\n<p>+ Presentar el&nbsp;<a href=\"https:\/\/www.cietsiperu.com\/diplomado\/141\/diplomado-de-especializaciOn-en-los-sistemas-administrativos-del-estado-siaf--siga-y-seace-de-la-pladicop-2025\" target=\"_blank\" rel=\"noreferrer noopener\"><em><strong>Diplomado de Especializaci\u00f3n en SIAF, SIGA y SEACE de la Pladicop<\/strong><\/em><\/a>&nbsp;como la oportunidad para especializarse profesionalmente con respaldo oficial.<\/p>\n\n\n\n<h3 class=\"wp-block-heading\">Temario<\/h3>\n\n\n\n<p><strong>Introducci\u00f3n al SIAF y su rol en la gesti\u00f3n p\u00fablica&nbsp;<\/strong><\/p>\n\n\n\n<p>+ \u00bfQu\u00e9 es el SIAF y para qu\u00e9 sirve?<\/p>\n\n\n\n<p>+ Marco normativo: relaci\u00f3n con el MEF y otras entidades<\/p>\n\n\n\n<p>+ M\u00f3dulos clave: presupuestal, contable, financiero<\/p>\n\n\n\n<p><strong>Flujo pr\u00e1ctico del SIAF en una entidad p\u00fablica&nbsp;<\/strong><\/p>\n\n\n\n<p>+ \u00bfC\u00f3mo se ejecuta el presupuesto en el d\u00eda a d\u00eda?<\/p>\n\n\n\n<p>+ Registro de metas, certificados, devengados, girados<\/p>\n\n\n\n<p>+ Participaci\u00f3n de log\u00edstica, contabilidad y tesorer\u00eda<\/p>\n\n\n\n<p><strong>Casos reales y errores comunes&nbsp;<\/strong><\/p>\n\n\n\n<p>+ Ejemplos reales de errores al registrar en el SIAF<\/p>\n\n\n\n<p>+ Inconsistencias t\u00edpicas y c\u00f3mo evitarlas<\/p>\n\n\n\n<p>+ Sanciones o observaciones de auditor\u00eda por mal uso del sistema<\/p>\n\n\n\n<p><strong>Oportunidades laborales y c\u00f3mo especializarte en el uso del SIAF&nbsp;<\/strong><\/p>\n\n\n\n<p>+ \u00bfQui\u00e9nes usan SIAF en el Estado?<\/p>\n\n\n\n<p>+ Perfiles m\u00e1s requeridos por convocatorias p\u00fablicas<\/p>\n\n\n\n<p>+ Presentaci\u00f3n del Diplomado y beneficios clave<\/p>\n\n\n\n<p><strong>Ronda r\u00e1pida de preguntas y cierre&nbsp;<\/strong><\/p>\n\n\n\n<p>+ Interacci\u00f3n con participantes<\/p>\n\n\n\n<p>+ Enlace de inscripci\u00f3n y promociones del diplomado<\/p>\n\n\n\n<h3 class=\"wp-block-heading\">Ponente<\/h3>\n\n\n\n<p><strong>DR. ING. PABLO TOMAS VILCHEZ SUICO<\/strong><\/p>\n\n\n\n<p>Especialista en el \u00c1rea de Tesorer\u00eda del Fondo Nacional de Desarrollo Pesquero (FONDEPES). Fue consultor SIAF en el Ministerio de Econom\u00eda y Finanzas (MEF). Miembro del Colegio de Ingenieros del Per\u00fa. Se ha desempe\u00f1ado como especialista en presupuesto y tesorer\u00eda en diversas entidades como la Municipalidad de Lima, la Municipalidad de San Isidro y la DIGEMID. Doctorado en Administraci\u00f3n de Empresas y m\u00e1ster en Marketing y Comercio Internacional por la UIGV. Ingeniero electr\u00f3nico de la URP.<\/p>\n\n\n\n<p><strong>Informes y consultas:<\/strong><\/p>\n\n\n\n<p>(074) 637020, Celular\/WhatsApp: +51 968059963, +51 956272261, informes@cietsiperu.com, www.cietsiperu.com<\/p>\n","protected":false},"excerpt":{"rendered":"<div class=\"mh-excerpt\"><p>SEMINARIO GRATUITO GESTI\u00d3N P\u00daBLICA CON SIAF Casos pr\u00e1cticos del SIAF y c\u00f3mo prevenir errores frecuentes MODALIDAD VIRTUAL EN VIVO A NIVEL NACIONAL Fecha:&nbsp;Viernes, 1 de <a class=\"mh-excerpt-more\" href=\"https:\/\/cietsigubernamental.com\/blog\/seminario-gratuito-gestion-publica-con-siaf-2025-2793\/\" title=\"SEMINARIO GRATUITO GESTI\u00d3N P\u00daBLICA CON SIAF 2025\">[&#8230;]<\/a><\/p>\n<\/div>","protected":false},"author":1,"featured_media":2794,"comment_status":"open","ping_status":"open","sticky":false,"template":"","format":"standard","meta":{"jetpack_post_was_ever_published":false,"_jetpack_newsletter_access":"","_jetpack_dont_email_post_to_subs":false,"_jetpack_newsletter_tier_id":0,"_jetpack_memberships_contains_paywalled_content":false,"_jetpack_memberships_contains_paid_content":false,"footnotes":"","jetpack_publicize_message":"","jetpack_publicize_feature_enabled":true,"jetpack_social_post_already_shared":false,"jetpack_social_options":{"image_generator_settings":{"template":"highway","default_image_id":0,"font":"","enabled":false},"version":2}},"categories":[2,5,59,71,24,70,69,1,12],"tags":[150,143,142,155,145,147,152,139,137,153,148,144,149,151,138,140,146,154,141],"class_list":["post-2793","post","type-post","status-publish","format-standard","has-post-thumbnail","hentry","category-actualidad","category-cursos-talleres-cietsi","category-cursos-talleres-gratuitos","category-diplomados","category-gestion-publica","category-gubernamental","category-ingenierias","category-sin-categoria","category-tecnologias","tag-capacitacion-mef-2025","tag-capacitacion-servidores-publicos","tag-capacitacion-siaf-gratis","tag-capacitacion-siaf-para-sector-publico","tag-curso-de-siaf-para-funcionarios","tag-curso-gratuito-administracion-publica","tag-curso-practico-siaf-2025","tag-curso-siaf-online-gratis","tag-diplomado-gestion-publica-peru","tag-diplomado-siaf-y-gestion-publica","tag-evento-online-siaf-mef","tag-formacion-gestion-publica-2025","tag-gestion-publica-con-siaf","tag-seminario-especializado-siaf","tag-seminario-gratuito-gestion-publica","tag-seminario-siaf-2025","tag-seminario-virtual-siaf","tag-taller-de-gestion-publica-online","tag-taller-siaf-gratuito"],"jetpack_publicize_connections":[],"jetpack_featured_media_url":"https:\/\/i0.wp.com\/cietsigubernamental.com\/blog\/wp-content\/uploads\/2025\/08\/SEMINARIO-GRATUITO-GESTION-PUBLICA-CON-SIAF-2025-2.jpg?fit=1194%2C591&ssl=1","jetpack_sharing_enabled":true,"jetpack_shortlink":"https:\/\/wp.me\/p9RxCY-J3","jetpack-related-posts":[],"_links":{"self":[{"href":"https:\/\/cietsigubernamental.com\/blog\/wp-json\/wp\/v2\/posts\/2793","targetHints":{"allow":["GET"]}}],"collection":[{"href":"https:\/\/cietsigubernamental.com\/blog\/wp-json\/wp\/v2\/posts"}],"about":[{"href":"https:\/\/cietsigubernamental.com\/blog\/wp-json\/wp\/v2\/types\/post"}],"author":[{"embeddable":true,"href":"https:\/\/cietsigubernamental.com\/blog\/wp-json\/wp\/v2\/users\/1"}],"replies":[{"embeddable":true,"href":"https:\/\/cietsigubernamental.com\/blog\/wp-json\/wp\/v2\/comments?post=2793"}],"version-history":[{"count":1,"href":"https:\/\/cietsigubernamental.com\/blog\/wp-json\/wp\/v2\/posts\/2793\/revisions"}],"predecessor-version":[{"id":2795,"href":"https:\/\/cietsigubernamental.com\/blog\/wp-json\/wp\/v2\/posts\/2793\/revisions\/2795"}],"wp:featuredmedia":[{"embeddable":true,"href":"https:\/\/cietsigubernamental.com\/blog\/wp-json\/wp\/v2\/media\/2794"}],"wp:attachment":[{"href":"https:\/\/cietsigubernamental.com\/blog\/wp-json\/wp\/v2\/media?parent=2793"}],"wp:term":[{"taxonomy":"category","embeddable":true,"href":"https:\/\/cietsigubernamental.com\/blog\/wp-json\/wp\/v2\/categories?post=2793"},{"taxonomy":"post_tag","embeddable":true,"href":"https:\/\/cietsigubernamental.com\/blog\/wp-json\/wp\/v2\/tags?post=2793"}],"curies":[{"name":"wp","href":"https:\/\/api.w.org\/{rel}","templated":true}]}}