{"id":274,"date":"2016-02-25T02:48:19","date_gmt":"2016-02-25T02:48:19","guid":{"rendered":"http:\/\/cietsigubernamental.com\/blog\/?p=274"},"modified":"2016-02-25T02:51:55","modified_gmt":"2016-02-25T02:51:55","slug":"el-gobierno-empieza-a-emitir-el-pasaporte-electronico","status":"publish","type":"post","link":"https:\/\/cietsigubernamental.com\/blog\/el-gobierno-empieza-a-emitir-el-pasaporte-electronico-274\/","title":{"rendered":"El Gobierno empieza a emitir el pasaporte electr\u00f3nico"},"content":{"rendered":"<p>A partir de este jueves, la Superintendencia Nacional de Migraciones iniciar\u00e1 la emisi\u00f3n de pasaportes electr\u00f3nicos. Sin embargo, este podr\u00e1 tramitarse desde hoy. Esto ocurre tras dos meses de demora por problemas log\u00edsticos en la adjudicaci\u00f3n del contrato de elaboraci\u00f3n de estos documentos. El consorcio encargado de su emisi\u00f3n es el formado por la empresa holandesa Gemalto y la francesa Imprimiere Nationale.<\/p>\n<p>La emisi\u00f3n de <strong>pasaportes electr\u00f3nicos<\/strong> es un requisito fundamental para que se elimine la visa Schengen y los peruanos puedan ingresar a los 26 pa\u00edses europeos que forman parte de ese espacio. Sin embargo, la eliminaci\u00f3n del visado ser\u00e1 efectiva tras la firma del acuerdo entre el Per\u00fa y la Uni\u00f3n Europea, la cual est\u00e1 programada para marzo de este a\u00f1o.<\/p>\n<div>\n<p>El ministro del Interior, Jos\u00e9 Luis P\u00e9rez Guadalupe, inform\u00f3 ayer que inicialmente se entregar\u00e1n 250 pasaportes por d\u00eda. Este n\u00famero ir\u00e1 aumentando de forma progresiva hasta alcanzar los 40.000 mensuales. Migraciones proyecta que en los pr\u00f3ximos tres a\u00f1os se emitir\u00e1n 1\u2019200.000 pasaportes en todo el pa\u00eds. El costo ser\u00e1 de S\/98,50 (cerca de US$28), inferior al del resto de pa\u00edses de la regi\u00f3n que emiten este tipo de documentos [Ver infograf\u00eda]. El precio que se paga por la emisi\u00f3n del pasaporte mec\u00e1nico es de S\/39,30 (unos 11 d\u00f3lares).<\/p>\n<p><strong>\u00bfC\u00f3mo se tramita?<\/strong><br \/>\nPara tramitar el pasaporte electr\u00f3nico, los usuarios primero deben pagar S\/. 98.50 en el Banco de la Naci\u00f3n. Luego, deber\u00e1n ingresar a la web de Migraciones el n\u00famero de voucher para separar una cita de atenci\u00f3n.<\/p>\n<p>En la fecha de la cita, que ser\u00e1 a partir del jueves, las personas deben acudir portando su DNI vigente y el voucher del pago en el banco. Se le tomar\u00e1n los datos biom\u00e9tricos (rostro y huellas digitales) y el mismo d\u00eda se le entregar\u00e1 el pasaporte.<\/p>\n<p>Inicialmente, dijo Boris Potoz\u00e9n, este documento ser\u00e1 tramitado solo en la sede central de Migraciones (avenida Espa\u00f1a, Bre\u00f1a). Sin embargo, posteriormente se ir\u00e1n sumando nuevos puntos de emisi\u00f3n.<\/p>\n<p>Este documento tiene una vigencia de cinco a\u00f1os, pero en el caso de menores de 12 a\u00f1os la vigencia es de tres a\u00f1os. Estos pasaportes no admiten revalidaci\u00f3n porque la informaci\u00f3n del microchip se graba por \u00fanica vez. Por ello, cuando caduque, el usuario deber\u00e1 hacer un nuevo tr\u00e1mite y pago.<\/p>\n<p><img data-recalc-dims=\"1\" loading=\"lazy\" decoding=\"async\" data-attachment-id=\"276\" data-permalink=\"https:\/\/cietsigubernamental.com\/blog\/el-gobierno-empieza-a-emitir-el-pasaporte-electronico-274\/attachment\/1320867\/\" data-orig-file=\"https:\/\/i0.wp.com\/cietsigubernamental.com\/blog\/wp-content\/uploads\/2016\/02\/1320867.jpg?fit=960%2C657&amp;ssl=1\" data-orig-size=\"960,657\" data-comments-opened=\"1\" data-image-meta=\"{&quot;aperture&quot;:&quot;0&quot;,&quot;credit&quot;:&quot;&quot;,&quot;camera&quot;:&quot;&quot;,&quot;caption&quot;:&quot;&quot;,&quot;created_timestamp&quot;:&quot;0&quot;,&quot;copyright&quot;:&quot;&quot;,&quot;focal_length&quot;:&quot;0&quot;,&quot;iso&quot;:&quot;0&quot;,&quot;shutter_speed&quot;:&quot;0&quot;,&quot;title&quot;:&quot;&quot;,&quot;orientation&quot;:&quot;0&quot;}\" data-image-title=\"PASSPORT\" data-image-description=\"\" data-image-caption=\"\" data-large-file=\"https:\/\/i0.wp.com\/cietsigubernamental.com\/blog\/wp-content\/uploads\/2016\/02\/1320867.jpg?fit=960%2C657&amp;ssl=1\" class=\"alignnone  wp-image-276\" src=\"https:\/\/i0.wp.com\/cietsigubernamental.com\/blog\/wp-content\/uploads\/2016\/02\/1320867.jpg?resize=815%2C558&#038;ssl=1\" alt=\"PASSPORT\" width=\"815\" height=\"558\" srcset=\"https:\/\/i0.wp.com\/cietsigubernamental.com\/blog\/wp-content\/uploads\/2016\/02\/1320867.jpg?w=960&amp;ssl=1 960w, https:\/\/i0.wp.com\/cietsigubernamental.com\/blog\/wp-content\/uploads\/2016\/02\/1320867.jpg?resize=300%2C205&amp;ssl=1 300w\" sizes=\"auto, (max-width: 815px) 100vw, 815px\" \/><\/p>\n<p>Fuente: <a href=\"http:\/\/elcomercio.pe\/peru\/pais\/pasaporte-biometrico-se-puede-tramitar-desde-hoy-noticia-1881166\">El Comercio<\/a><\/p>\n<\/div>\n<p>&nbsp;<\/p>\n","protected":false},"excerpt":{"rendered":"<div class=\"mh-excerpt\"><p>A partir de este jueves, la Superintendencia Nacional de Migraciones iniciar\u00e1 la emisi\u00f3n de pasaportes electr\u00f3nicos. Sin embargo, este podr\u00e1 tramitarse desde hoy. Esto ocurre <a class=\"mh-excerpt-more\" href=\"https:\/\/cietsigubernamental.com\/blog\/el-gobierno-empieza-a-emitir-el-pasaporte-electronico-274\/\" title=\"El Gobierno empieza a emitir el pasaporte electr\u00f3nico\">[&#8230;]<\/a><\/p>\n<\/div>","protected":false},"author":1,"featured_media":275,"comment_status":"open","ping_status":"open","sticky":false,"template":"","format":"standard","meta":{"jetpack_post_was_ever_published":false,"_jetpack_newsletter_access":"","_jetpack_dont_email_post_to_subs":false,"_jetpack_newsletter_tier_id":0,"_jetpack_memberships_contains_paywalled_content":false,"_jetpack_memberships_contains_paid_content":false,"footnotes":"","jetpack_publicize_message":"","jetpack_publicize_feature_enabled":true,"jetpack_social_post_already_shared":false,"jetpack_social_options":{"image_generator_settings":{"template":"highway","default_image_id":0,"font":"","enabled":false},"version":2}},"categories":[1],"tags":[],"class_list":["post-274","post","type-post","status-publish","format-standard","has-post-thumbnail","hentry","category-sin-categoria"],"jetpack_publicize_connections":[],"jetpack_featured_media_url":"https:\/\/i0.wp.com\/cietsigubernamental.com\/blog\/wp-content\/uploads\/2016\/02\/Cb6L4F2WAAAe5t8.jpg?fit=880%2C492&ssl=1","jetpack_sharing_enabled":true,"jetpack_shortlink":"https:\/\/wp.me\/p9RxCY-4q","jetpack-related-posts":[],"_links":{"self":[{"href":"https:\/\/cietsigubernamental.com\/blog\/wp-json\/wp\/v2\/posts\/274","targetHints":{"allow":["GET"]}}],"collection":[{"href":"https:\/\/cietsigubernamental.com\/blog\/wp-json\/wp\/v2\/posts"}],"about":[{"href":"https:\/\/cietsigubernamental.com\/blog\/wp-json\/wp\/v2\/types\/post"}],"author":[{"embeddable":true,"href":"https:\/\/cietsigubernamental.com\/blog\/wp-json\/wp\/v2\/users\/1"}],"replies":[{"embeddable":true,"href":"https:\/\/cietsigubernamental.com\/blog\/wp-json\/wp\/v2\/comments?post=274"}],"version-history":[{"count":3,"href":"https:\/\/cietsigubernamental.com\/blog\/wp-json\/wp\/v2\/posts\/274\/revisions"}],"predecessor-version":[{"id":279,"href":"https:\/\/cietsigubernamental.com\/blog\/wp-json\/wp\/v2\/posts\/274\/revisions\/279"}],"wp:featuredmedia":[{"embeddable":true,"href":"https:\/\/cietsigubernamental.com\/blog\/wp-json\/wp\/v2\/media\/275"}],"wp:attachment":[{"href":"https:\/\/cietsigubernamental.com\/blog\/wp-json\/wp\/v2\/media?parent=274"}],"wp:term":[{"taxonomy":"category","embeddable":true,"href":"https:\/\/cietsigubernamental.com\/blog\/wp-json\/wp\/v2\/categories?post=274"},{"taxonomy":"post_tag","embeddable":true,"href":"https:\/\/cietsigubernamental.com\/blog\/wp-json\/wp\/v2\/tags?post=274"}],"curies":[{"name":"wp","href":"https:\/\/api.w.org\/{rel}","templated":true}]}}