{"id":2696,"date":"2025-02-05T21:43:39","date_gmt":"2025-02-05T21:43:39","guid":{"rendered":"https:\/\/cietsigubernamental.com\/blog\/?p=2696"},"modified":"2025-08-13T17:52:16","modified_gmt":"2025-08-13T17:52:16","slug":"programa-especializacion-direccion-gestion-proyectos-agiles-2025","status":"publish","type":"post","link":"https:\/\/cietsigubernamental.com\/blog\/programa-especializacion-direccion-gestion-proyectos-agiles-2025-2696\/","title":{"rendered":"PROGRAMA DE ESPECIALIZACI\u00d3N EN DIRECCI\u00d3N Y GESTI\u00d3N DE PROYECTOS \u00c1GILES 2025"},"content":{"rendered":"\n<p><strong>PROGRAMA DE ESPECIALIZACI\u00d3N EN DIRECCI\u00d3N Y GESTI\u00d3N DE PROYECTOS \u00c1GILES 2025<\/strong><\/p>\n<p><strong>ACCESO TOTALMENTE GRATUITO PARA LOS REGISTRADOS HASTA EL 4 DE MARZO DE 2025<\/strong><\/p>\n<p><strong>MODALIDAD VIRTUAL ONLINE A NIVEL NACIONAL E INTERNACIONAL<\/strong><\/p>\n<p><strong>Inicio:<\/strong>\u00a04 de marzo de 2025<\/p>\n<p><strong>Horario:<\/strong>\u00a0martes de 8:00 p.m. a 10:30 p.m.<\/p>\n<p><strong>Duraci\u00f3n:<\/strong>\u00a02 meses (4, 11, 18, 25 marzo; 1, 8, 15, 22, 29 abril; 6 mayo de 2025)<\/p>\n<p><strong>Lugar:<\/strong>\u00a0Zoom, YouTube y campus virtual Cietsi<\/p>\n<p>Las clases se transmiten en tiempo real, brind\u00e1ndote la oportunidad de interactuar directamente con el ponente. Adem\u00e1s, tendr\u00e1s acceso ilimitado al material y a las grabaciones a trav\u00e9s de nuestro campus virtual con la opci\u00f3n a descargar todas las clases.<\/p>\n<p><strong>PARA PARTICIPAR DEL PROGRAMA:<\/strong><\/p>\n<p>+ Formulario de registro:\u00a0<a href=\"https:\/\/docs.google.com\/forms\/d\/1wDzN0pRA7D7HnrXdYJPukFLsBR4icO_i-gKTnoB5cuk\/preview\" target=\"_blank\" rel=\"noopener\">https:\/\/bit.ly\/Agiles2025<\/a><\/p>\n<p>+ En caso no pueda registrarse, puedes enviarnos sus datos al Celular\/WhatsApp: 956272261 (<a href=\"https:\/\/api.whatsapp.com\/send?phone=51956272261&amp;text=Hola%20Cietsi,%20necesito%20informaci%C3%B3n%20del%20Programa%20en%20Direcci%C3%B3n%20y%20Gesti%C3%B3n%20de%20Proyectos%20%C3%81giles\" target=\"_blank\" rel=\"noopener\">https:\/\/bit.ly\/AgilesWsp<\/a>)<\/p>\n<p><strong>CERTIFICACI\u00d3N OPCIONAL EN PREVENTA:\u00a0<\/strong><\/p>\n<p><strong>Opci\u00f3n 1:<\/strong>\u00a0S\/ 199 soles, certificaci\u00f3n como Programa de Especializaci\u00f3n por 180 horas acad\u00e9micas, 11 cr\u00e9ditos a nombre del Centro de Altos Estudios Cietsi.<\/p>\n<p><strong>Opci\u00f3n 2:<\/strong>\u00a0S\/ 299 soles, certificaci\u00f3n como Diplomado de Especializaci\u00f3n por 200 horas acad\u00e9micas, 12 cr\u00e9ditos a nombre del Colegio de Licenciados en Administraci\u00f3n Regi\u00f3n Lambayeque y Centro de Altos Estudios Cietsi.<\/p>\n<p><strong>Importante:<\/strong><\/p>\n<p>+ Solicitar informaci\u00f3n en caso desee certificarse como CURSO a nombre de la Universidad Nacional de Trujillo.<\/p>\n<p>+ El certificado es f\u00edsico y digital con c\u00f3digo QR, que podr\u00e1 validarse a nivel nacional e internacional en nuestra web:\u00a0<a href=\"https:\/\/www.cietsiperu.com\/validar\/\" target=\"_blank\" rel=\"noopener\">https:\/\/www.cietsiperu.com\/validar\/<\/a><\/p>\n<p>+ El certificado digital se env\u00eda por correo electr\u00f3nico y en f\u00edsico lo puede recoger en nuestra sede Chiclayo: Ca. Manuel Mar\u00eda Izaga 967.<\/p>\n<p><strong>PARA SOLICITAR LA CERTIFICACI\u00d3N:<\/strong><\/p>\n<p>+ Mediante agente o transferencia bancaria:\u00a0<a href=\"https:\/\/www.cietsiperu.com\/forma-de-pago\" target=\"_blank\" rel=\"noopener\">https:\/\/cietsiperu.com\/forma-de-pago<\/a><\/p>\n<p>+ Tambi\u00e9n por Yape, Plin (956272261, 968059963) y PayPal, Western Union, Izipay o PayU (Aceptamos pagos con tarjetas de d\u00e9bito y cr\u00e9dito nacional e internacional (informes@cietsiperu.com)\u00a0<\/p>\n<p>Una vez realizado el pago comunicarse con nosotros enviando un email a informes@cietsiperu.com o al WhatsApp: 956272261 o 968059963, con los siguientes datos: Nombres completos, DNI, tel\u00e9fono\/celular, correo y como asunto\u00a0<strong>CERTIFICADO DIRECCI\u00d3N Y GESTI\u00d3N DE PROYECTOS \u00c1GILES<\/strong>, adjuntando el comprobante de pago, luego de validar nos comunicaremos con usted a la brevedad.<\/p>\n<div class=\"widget-title\">\n<h3>Dirigido<\/h3>\n<\/div>\n<p>Dirigido a profesionales que est\u00e1n interesados o participan en la gesti\u00f3n de un proyecto de conocimientos. Por ejemplo:<\/p>\n<p>+ Proyectos de ingenier\u00eda y desarrollo de software.<\/p>\n<p>+ Proyecto de dise\u00f1o de un producto complejo, como un autom\u00f3vil.<\/p>\n<p>+ Proyectos de an\u00e1lisis de viabilidad.<\/p>\n<p>+ Proyectos de consultor\u00eda.<\/p>\n<p>+ Proyectos de investigaci\u00f3n m\u00e9dica.<\/p>\n<p>+ Proyectos de transformaci\u00f3n digital.<\/p>\n<p>+ Etc.<\/p>\n<p><strong>Prerrequisito:<\/strong>\u00a0De preferencia conocer alguna metodolog\u00eda o marco \u00e1gil como: Lean, Kanban, Scrum, etc.<\/p>\n<div class=\"widget-title\">\n<h3>Objetivos<\/h3>\n<\/div>\n<p>Al finalizar el programa de especializaci\u00f3n, el participante ser\u00e1 capaz de tener las habilidades necesarias para poder gestionar cualquier tipo de proyecto con un enfoque adaptativo. En el cual podr\u00e1n combinar las principales metodolog\u00edas y marcos \u00e1giles (Lean, Kanban, Scrum, etc.) para poder obtener los resultados esperados.<\/p>\n<div class=\"widget-title\">\n<h3>Temario<\/h3>\n<\/div>\n<p><strong>Enfoque predictivo vs Enfoque adaptativo.<\/strong><\/p>\n<p>+ Propuesta \u00e1gil.<\/p>\n<p>+ \u00bfPor qu\u00e9 ser \u00e1gil?.<\/p>\n<p>+ \u00c1gil vs Tradicional.<\/p>\n<p>+ Caso pr\u00e1ctico.<\/p>\n<p><strong>Proceso \u00e1gil de gesti\u00f3n de proyectos<\/strong><\/p>\n<p>+ El proceso de trabajo \u00e1gil para proyectos.<\/p>\n<p>+ Gesti\u00f3n de cambios.<\/p>\n<p>+ Caracter\u00edsticas del enfoque \u00e1gil.<\/p>\n<p>+ Caso pr\u00e1ctico.<\/p>\n<p><strong>Visi\u00f3n del proyecto<\/strong><\/p>\n<p>+ Elevator Pitch.<\/p>\n<p>+ Product Box.<\/p>\n<p>+ Visi\u00f3n unificada del proyecto.<\/p>\n<p>+ T\u00e9cnica de personas.<\/p>\n<p>+ Caso pr\u00e1ctico.<\/p>\n<p><strong>Backlog del proyecto<\/strong><\/p>\n<p>+ Historias de usuario.<\/p>\n<p>+ Divisi\u00f3n de requisitos.<\/p>\n<p>+ Gesti\u00f3n \u00e1gil de requisitos.<\/p>\n<p>+ Caso pr\u00e1ctico.<\/p>\n<p><strong>Estimaci\u00f3n \u00e1gil<\/strong><\/p>\n<p>+ Planificaci\u00f3n adaptativa.<\/p>\n<p>+ Estimaci\u00f3n \u00e1gil de requisitos.<\/p>\n<p>+ Velocidad, timebox y ajuste del proceso.<\/p>\n<p>+ Roadmap.<\/p>\n<p>+ Caso pr\u00e1ctico.<\/p>\n<p><strong>Planes de Entrega e Iteraci\u00f3n Cero<\/strong><\/p>\n<p>+ Planificaci\u00f3n de entregas.<\/p>\n<p>+ Integraci\u00f3n del Backlog, Roadmap y Release plan.<\/p>\n<p>+ Roadmap y Release plan vs Diagrama de Gantt.<\/p>\n<p>+ Iteraci\u00f3n Cero.<\/p>\n<p>+ Velocidad Sostenible.<\/p>\n<p>+ Caso pr\u00e1ctico.<\/p>\n<p><strong>Definici\u00f3n de terminado<\/strong><\/p>\n<p>+ Detallar el contenido de la Iteraci\u00f3n.<\/p>\n<p>+ Determinar los plazos, costes y personas.<\/p>\n<p>+ Caso pr\u00e1ctico.<\/p>\n<p><strong>Kanban<\/strong><\/p>\n<p>+ Kanban.<\/p>\n<p>+ Dise\u00f1o y uso del tablero Kanban.<\/p>\n<p>+ Caso pr\u00e1ctico.<\/p>\n<p><strong>Seguimiento y proyecciones<\/strong><\/p>\n<p>+ Seguimiento del equipo de trabajo.<\/p>\n<p>+ C\u00f3mo lograr equipos de alto rendimiento.<\/p>\n<p>+ Valor Ganado.<\/p>\n<p>+ Caso pr\u00e1ctico.<\/p>\n<p><strong>Pr\u00e1cticas de Gesti\u00f3n y Cierre del Proyecto<\/strong><\/p>\n<p>+ Seguimiento del trabajo.<\/p>\n<p>+ Radiadores de informaci\u00f3n.<\/p>\n<p>+ Cierre del proyecto.<\/p>\n<p>+ Demo y retrospectiva.<\/p>\n<div class=\"widget-title\">\n<h3>Ponente<\/h3>\n<\/div>\n<p><strong>Ing. Ian Pastor Mendoza<\/strong><\/p>\n<p>Experiencia en la Direcci\u00f3n y gesti\u00f3n de proyectos con enfoque predictivo y adaptativo. Coordinaci\u00f3n y manejo de equipos de desarrollos de software. Soy Ing. en Computaci\u00f3n e Inform\u00e1tica con una maestr\u00eda en la Direcci\u00f3n y Gesti\u00f3n de Proyectos \u00c1giles en EIG Business School en Granada, Madrid. Certificado en Gesti\u00f3n de Proyectos y Servicios bajo el Enfoque \u00c1gil de Scrum y m\u00e1s de 10 a\u00f1os de experiencia en el desarrollo de aplicaciones de escritorio, Web, M\u00f3vil y RPA. Actualmente trabajo en AFP Integra del Grupo Sura, en el \u00e1rea de Sistemas gestionando proyectos para el \u00e1rea de Inversiones y proyectos de transformaci\u00f3n digital.<\/p>\n<p><em><strong>\u00a1Solicita tu certificado hoy mismo y accede a la preventa<\/strong><\/em><\/p>\n<p><em><strong>\u00a1Aprendizaje 100% garantizado!<\/strong><\/em><\/p>\n<p><em><strong>\u00a1Vacantes limitadas!<\/strong><\/em><\/p>\n","protected":false},"excerpt":{"rendered":"<div class=\"mh-excerpt\"><p>PROGRAMA DE ESPECIALIZACI\u00d3N EN DIRECCI\u00d3N Y GESTI\u00d3N DE PROYECTOS \u00c1GILES 2025 ACCESO TOTALMENTE GRATUITO PARA LOS REGISTRADOS HASTA EL 4 DE MARZO DE 2025 MODALIDAD <a class=\"mh-excerpt-more\" href=\"https:\/\/cietsigubernamental.com\/blog\/programa-especializacion-direccion-gestion-proyectos-agiles-2025-2696\/\" title=\"PROGRAMA DE ESPECIALIZACI\u00d3N EN DIRECCI\u00d3N Y GESTI\u00d3N DE PROYECTOS \u00c1GILES 2025\">[&#8230;]<\/a><\/p>\n<\/div>","protected":false},"author":1,"featured_media":2697,"comment_status":"open","ping_status":"open","sticky":false,"template":"","format":"standard","meta":{"jetpack_post_was_ever_published":false,"_jetpack_newsletter_access":"","_jetpack_dont_email_post_to_subs":false,"_jetpack_newsletter_tier_id":0,"_jetpack_memberships_contains_paywalled_content":false,"_jetpack_memberships_contains_paid_content":false,"footnotes":"","jetpack_publicize_message":"","jetpack_publicize_feature_enabled":true,"jetpack_social_post_already_shared":true,"jetpack_social_options":{"image_generator_settings":{"template":"highway","default_image_id":0,"font":"","enabled":false},"version":2}},"categories":[2,5,59,71,24,70,69,1,12],"tags":[436,442,441,433,444,438,432,434,437,431,440,439,430,435,443],"class_list":["post-2696","post","type-post","status-publish","format-standard","has-post-thumbnail","hentry","category-actualidad","category-cursos-talleres-cietsi","category-cursos-talleres-gratuitos","category-diplomados","category-gestion-publica","category-gubernamental","category-ingenierias","category-sin-categoria","category-tecnologias","tag-agile-project-management","tag-certificacion-en-gestion-agil","tag-desarrollo-agil","tag-direccion-de-proyectos","tag-formacion-en-metodologias-agiles","tag-gestion-de-equipos-agiles","tag-gestion-de-proyectos-agiles","tag-kanban","tag-liderazgo-de-proyectos","tag-metodologias-agiles","tag-planificacion-agil","tag-product-owner","tag-programa-de-especializacion-en-direccion-y-gestion-de-proyectos-agiles-2025","tag-scrum","tag-scrum-master"],"jetpack_publicize_connections":[],"jetpack_featured_media_url":"https:\/\/i0.wp.com\/cietsigubernamental.com\/blog\/wp-content\/uploads\/2025\/02\/PROGRAMA-DE-ESPECIALIZACION-EN-DIRECCION-Y-GESTION-DE-PROYECTOS-AGILES-2025-2.jpg?fit=1184%2C588&ssl=1","jetpack_sharing_enabled":true,"jetpack_shortlink":"https:\/\/wp.me\/p9RxCY-Hu","jetpack-related-posts":[],"_links":{"self":[{"href":"https:\/\/cietsigubernamental.com\/blog\/wp-json\/wp\/v2\/posts\/2696","targetHints":{"allow":["GET"]}}],"collection":[{"href":"https:\/\/cietsigubernamental.com\/blog\/wp-json\/wp\/v2\/posts"}],"about":[{"href":"https:\/\/cietsigubernamental.com\/blog\/wp-json\/wp\/v2\/types\/post"}],"author":[{"embeddable":true,"href":"https:\/\/cietsigubernamental.com\/blog\/wp-json\/wp\/v2\/users\/1"}],"replies":[{"embeddable":true,"href":"https:\/\/cietsigubernamental.com\/blog\/wp-json\/wp\/v2\/comments?post=2696"}],"version-history":[{"count":1,"href":"https:\/\/cietsigubernamental.com\/blog\/wp-json\/wp\/v2\/posts\/2696\/revisions"}],"predecessor-version":[{"id":2698,"href":"https:\/\/cietsigubernamental.com\/blog\/wp-json\/wp\/v2\/posts\/2696\/revisions\/2698"}],"wp:featuredmedia":[{"embeddable":true,"href":"https:\/\/cietsigubernamental.com\/blog\/wp-json\/wp\/v2\/media\/2697"}],"wp:attachment":[{"href":"https:\/\/cietsigubernamental.com\/blog\/wp-json\/wp\/v2\/media?parent=2696"}],"wp:term":[{"taxonomy":"category","embeddable":true,"href":"https:\/\/cietsigubernamental.com\/blog\/wp-json\/wp\/v2\/categories?post=2696"},{"taxonomy":"post_tag","embeddable":true,"href":"https:\/\/cietsigubernamental.com\/blog\/wp-json\/wp\/v2\/tags?post=2696"}],"curies":[{"name":"wp","href":"https:\/\/api.w.org\/{rel}","templated":true}]}}