{"id":2596,"date":"2024-09-06T17:34:51","date_gmt":"2024-09-06T17:34:51","guid":{"rendered":"https:\/\/cietsigubernamental.com\/blog\/?p=2596"},"modified":"2025-08-13T18:05:11","modified_gmt":"2025-08-13T18:05:11","slug":"curso-especializado-planeamiento-estrategico-sector-publico","status":"publish","type":"post","link":"https:\/\/cietsigubernamental.com\/blog\/curso-especializado-planeamiento-estrategico-sector-publico-2596\/","title":{"rendered":"CURSO ESPECIALIZADO PLANEAMIENTO ESTRAT\u00c9GICO EN EL SECTOR P\u00daBLICO 2024"},"content":{"rendered":"\n<p><strong>CURSO ESPECIALIZADO PLANEAMIENTO ESTRAT\u00c9GICO EN EL SECTOR P\u00daBLICO<\/strong><\/p>\n\n\n\n<p><strong>ACCESO GRATUITO POR YOUTUBE<\/strong><\/p>\n\n\n\n<p><strong>MODALIDAD VIRTUAL ONLINE (EN VIVO)<\/strong><\/p>\n\n\n\n<p><strong>Fechas:<\/strong>&nbsp;9 y 11 de septiembre de 2024<\/p>\n\n\n\n<p><strong>Horario:<\/strong>&nbsp;7:00 p.m. a 9:00 p.m.<\/p>\n\n\n\n<p><strong>Lugar:<\/strong>&nbsp;Transmisi\u00f3n en vivo por YouTube<\/p>\n\n\n\n<p><strong>PARA PARTICIPAR DEL CURSO:<\/strong><\/p>\n\n\n\n<p>+ Reg\u00edstrate aqu\u00ed:&nbsp;<a href=\"https:\/\/docs.google.com\/forms\/d\/e\/1FAIpQLScDbMOCnq-VU5HKe34dupgazO3PiOq-JTEmnEY8Hx8y9qnMUw\/viewform\" target=\"_blank\" rel=\"noreferrer noopener\">https:\/\/bit.ly\/GesPub<\/a><\/p>\n\n\n\n<p>+ En caso no puedas registrarte, puedes contactarnos al Celular\/WhatsApp: 956272261 (<a href=\"https:\/\/api.whatsapp.com\/send?phone=51956272261&amp;text=Hola%20Cietsi,%20deseo%20informes%20del%20Curso%20Planeamiento%20Estrat%C3%A9gico%20en%20el%20Sector%20P%C3%BAblico\" target=\"_blank\" rel=\"noreferrer noopener\">https:\/\/bit.ly\/PlanEsPub<\/a>)<\/p>\n\n\n\n<p><strong>CERTIFICACI\u00d3N OPCIONAL: S\/ 59 Soles<\/strong>&nbsp;(Promoci\u00f3n valida hasta el 11\/09\/2024, luego costar\u00e1 S\/ 99 Soles)<\/p>\n\n\n\n<p><strong>Beneficios incluidos para los que se certifiquen:<\/strong><\/p>\n\n\n\n<p>+ Certificado f\u00edsico y digital con c\u00f3digo QR a nombre del Centro de Altos Estudios Cietsi por 48 horas acad\u00e9micas, equivalente a 3 cr\u00e9ditos que podr\u00e1 validarse a nivel nacional e internacional en nuestra web:&nbsp;<a href=\"https:\/\/www.cietsiperu.com\/validar\/\" target=\"_blank\" rel=\"noreferrer noopener\">https:\/\/www.cietsiperu.com\/validar\/<\/a><\/p>\n\n\n\n<p>+ Acceso a la clase por Zoom, YouTube y Campus virtual.<\/p>\n\n\n\n<p>+ Podr\u00e1s interactuar directamente con el ponente y acceder al material compartido en clase.<\/p>\n\n\n\n<p>+ Si eres estudiante del&nbsp;<a href=\"https:\/\/cietsiperu.com\/diplomado\/123\/diplomado-de-especializaciOn-en-gestiOn-pUblica-y-los-sistemas-administrativos-siaf---siga-----seace-2024\" target=\"_blank\" rel=\"noreferrer noopener\"><em><strong>Diplomado de Especializaci\u00f3n en Gesti\u00f3n P\u00fablica y los Sistemas Administrativos (Siaf &#8211; Siga \u2013 Seace)<\/strong><\/em><\/a>&nbsp;el costo del certificado es de S\/ 40 Soles.<\/p>\n\n\n\n<p>+ El certificado digital se env\u00eda por correo electr\u00f3nico y en f\u00edsico lo puede recoger en nuestra sede Chiclayo: Ca. Manuel Mar\u00eda Izaga 967 (Ref. Altura con Av. S\u00e1enz Pe\u00f1a).<\/p>\n\n\n\n<p>+ Solicitar informaci\u00f3n en caso desee certificarse a nombre del Colegio de Licenciados en Administraci\u00f3n Regi\u00f3n Lambayeque.<\/p>\n\n\n\n<p><strong>PARA SOLICITAR LA CERTIFICACI\u00d3N:<\/strong><\/p>\n\n\n\n<p>+ Mediante agente o transferencia bancaria:&nbsp;<a href=\"https:\/\/cietsiperu.com\/forma-de-pago\" target=\"_blank\" rel=\"noreferrer noopener\">https:\/\/cietsiperu.com\/forma-de-pago<\/a><\/p>\n\n\n\n<p>+ Tambi\u00e9n por Yape y Plin (956272261, 968059963), PayU y PayPal: informes@cietsiperu.com<\/p>\n\n\n\n<p>Una vez realizado el pago comunicarse con nosotros enviando un email a informes@cietsiperu.com o al WhatsApp: 956272261 o 968059963, con los siguientes datos (nombres completos, DNI, tel\u00e9fono\/celular, como asunto:&nbsp;<strong>CERTIFICADO CURSO PLANEAMIENTO ESTRAT\u00c9GICO EN EL SECTOR P\u00daBLICO<\/strong>), adjuntando el comprobante de pago, luego de validar nos comunicaremos con usted a la brevedad.<\/p>\n\n\n\n<p><em><strong>\u00a1TE BRINDAMOS LA FACILIDAD DE INTEGRARTE AL&nbsp;<a href=\"https:\/\/cietsiperu.com\/diplomado\/123\/diplomado-de-especializaciOn-en-gestiOn-pUblica-y-los-sistemas-administrativos-siaf---siga-----seace-2024\" target=\"_blank\" rel=\"noreferrer noopener\">DIPLOMADO DE ESPECIALIZACI\u00d3N EN GESTI\u00d3N P\u00daBLICA Y LOS SISTEMAS ADMINISTRATIVOS (SIAF &#8211; SIGA \u2013 SEACE)<\/a>!<\/strong><\/em><\/p>\n\n\n\n<p><em><strong>\u00a0\u00a1\u00a1APRENDIZAJE 100% GARANTIZADO!!\u00a0<\/strong><\/em><\/p>\n\n\n\n<h3 class=\"wp-block-heading\">Dirigido<\/h3>\n\n\n\n<p>+ Profesionales de Contabilidad, Econom\u00eda, Administraci\u00f3n, Derecho u otros; interesados en potenciar sus capacidades y especializarse en Gesti\u00f3n P\u00fablica.<\/p>\n\n\n\n<p>+ Servidores de las entidades p\u00fablicas que registran informaci\u00f3n en el SIAF, SIGA MEF, que principalmente son de las \u00e1reas de: Presupuesto, Contabilidad, Tesorer\u00eda, Log\u00edstica, Almacenes, Patrimonio y las \u00e1reas usuarias (centros de costos).<\/p>\n\n\n\n<p>+ Los profesionales y t\u00e9cnicos que trabajan como operadores log\u00edsticos (Usuarios de Entidades P\u00fablicas Contratantes).<\/p>\n\n\n\n<p>+ Proveedores que prestan servicios a las Entidades P\u00fablicas, que deseen adquirir bases conceptuales, normativas y procedimientos en la Gesti\u00f3n P\u00fablica.\u00a0<\/p>\n\n\n\n<h3 class=\"wp-block-heading\">Objetivos<\/h3>\n\n\n\n<p>Este curso tiene como objetivo proporcionar a los participantes un entendimiento del Planeamiento Estrat\u00e9gico de Desarrollo Nacional al 2050, abordando los objetivos nacionales y los retos estructurales que enfrenta el pa\u00eds. Los participantes aprender\u00e1n a articular pol\u00edticas y planes estrat\u00e9gicos, entender\u00e1n el ciclo de planeamiento estrat\u00e9gico y su implementaci\u00f3n efectiva, y explorar\u00e1n la intervenci\u00f3n del Estado en los procesos econ\u00f3micos y sociales, para contribuir de manera integral a la gesti\u00f3n p\u00fablica eficiente.<\/p>\n\n\n\n<h3 class=\"wp-block-heading\">Temario<\/h3>\n\n\n\n<p><strong>PLANEAMIENTO ESTRAT\u00c9GICO DE DESARROLLO NACIONAL AL 2050<\/strong><\/p>\n\n\n\n<p>+ Objetivos Nacionales.<\/p>\n\n\n\n<p>+ Retos Estructurales del PEDN al 2050.<\/p>\n\n\n\n<p>+ Implementaci\u00f3n del PEDN al 2050.<\/p>\n\n\n\n<p>+ Pol\u00edticas Nacionales.<\/p>\n\n\n\n<p><strong>PLANEAMIENTO ESTRAT\u00c9GICO<\/strong><\/p>\n\n\n\n<p>+ Articulaci\u00f3n de las Pol\u00edticas y los Planes.<\/p>\n\n\n\n<p>+ Ciclo del Planeamiento Estrat\u00e9gico.<\/p>\n\n\n\n<p>&#8211; Fases del Planeamiento Estrat\u00e9gico.<\/p>\n\n\n\n<p>&#8211; Estructura del PEI.<\/p>\n\n\n\n<p>&#8211; Estructura del POI.<\/p>\n\n\n\n<p>+ Intervenci\u00f3n del Estado en los procesos econ\u00f3micos y sociales.<\/p>\n\n\n\n<p>&#8211; Elementos que deben tomarse en cuenta para la gesti\u00f3n p\u00fablica.<\/p>\n\n\n\n<p>&#8211; Concepto de producci\u00f3n p\u00fablica.<\/p>\n\n\n\n<p>&#8211; Cadena de valor p\u00fablico.<\/p>\n\n\n\n<p>Evaluaci\u00f3n del curso.<\/p>\n\n\n\n<h3 class=\"wp-block-heading\">Ponente<\/h3>\n\n\n\n<p><strong>MG. CPC. CEDILIA VICTORIA AKEMI<\/strong><\/p>\n\n\n\n<p>Contadora P\u00fablica Colegiada de la Universidad Particular Ricardo Palma, con Maestr\u00eda en Gesti\u00f3n P\u00fablica, egresada de la MBA, y otros Diplomados relacionadas a la administraci\u00f3n de los sistemas de planeamiento, presupuesto, finanzas p\u00fablicas, entre otros, especialista en Gesti\u00f3n P\u00fablica con \u00e9nfasis en Presupuesto P\u00fablico.<\/p>\n\n\n\n<p>Cuenta con m\u00e1s de 30 a\u00f1os de experiencia en el sector p\u00fablico, en Gobierno Nacional y Subnacional; as\u00ed como entidades del grupo FONAFE, siendo Gerente de Presupuesto y Formulaci\u00f3n de inversiones de la SUNAT, Directora General de Planeamiento, Presupuesto y Modernizaci\u00f3n en 2 ocasiones del Ministerios de Salud; as\u00ed como Directora General de Planeamiento y Presupuesto del Ministerio de Defensa, Gerente Central de Planeamiento y Presupuesto de ESSALUD, entre otros cargos Directivos.<\/p>\n\n\n\n<p>Miembro del Concejo Directivo de SANIPES en representaci\u00f3n del Sector Salud, Docente de Centrum y otras Instituciones en temas de Planificaci\u00f3n y Presupuesto P\u00fablico.<\/p>\n\n\n\n<p><strong>Informes y consultas:<\/strong><\/p>\n\n\n\n<p>(074) 637020, Celular\/WhatsApp: +51 968059963, +51 956272261, informes@cietsiperu.com, www.cietsiperu.com<\/p>\n","protected":false},"excerpt":{"rendered":"<div class=\"mh-excerpt\"><p>CURSO ESPECIALIZADO PLANEAMIENTO ESTRAT\u00c9GICO EN EL SECTOR P\u00daBLICO ACCESO GRATUITO POR YOUTUBE MODALIDAD VIRTUAL ONLINE (EN VIVO) Fechas:&nbsp;9 y 11 de septiembre de 2024 Horario:&nbsp;7:00 <a class=\"mh-excerpt-more\" href=\"https:\/\/cietsigubernamental.com\/blog\/curso-especializado-planeamiento-estrategico-sector-publico-2596\/\" title=\"CURSO ESPECIALIZADO PLANEAMIENTO ESTRAT\u00c9GICO EN EL SECTOR P\u00daBLICO 2024\">[&#8230;]<\/a><\/p>\n<\/div>","protected":false},"author":1,"featured_media":2597,"comment_status":"open","ping_status":"open","sticky":false,"template":"","format":"standard","meta":{"jetpack_post_was_ever_published":false,"_jetpack_newsletter_access":"","_jetpack_dont_email_post_to_subs":false,"_jetpack_newsletter_tier_id":0,"_jetpack_memberships_contains_paywalled_content":false,"_jetpack_memberships_contains_paid_content":false,"footnotes":"","jetpack_publicize_message":"","jetpack_publicize_feature_enabled":true,"jetpack_social_post_already_shared":true,"jetpack_social_options":{"image_generator_settings":{"template":"highway","default_image_id":0,"font":"","enabled":false},"version":2}},"categories":[2,5,59,71,24,70,69,1,12],"tags":[484,668,488,660,669,667,647,517,663,661,664,665,666,662],"class_list":["post-2596","post","type-post","status-publish","format-standard","has-post-thumbnail","hentry","category-actualidad","category-cursos-talleres-cietsi","category-cursos-talleres-gratuitos","category-diplomados","category-gestion-publica","category-gubernamental","category-ingenierias","category-sin-categoria","category-tecnologias","tag-administracion-publica","tag-capacitacion-en-planeamiento-publico","tag-curso-de-gestion-publica","tag-curso-especializado-planeamiento-estrategico-en-el-sector-publico","tag-desarrollo-institucional","tag-formulacion-de-planes-estrategicos","tag-gestion-por-resultados","tag-gestion-publica-2","tag-herramientas-de-planeamiento-estrategico","tag-planeamiento-estrategico","tag-planificacion-estrategica-gubernamental","tag-planificacion-institucional","tag-planificacion-y-gestion-de-recursos","tag-politicas-publicas"],"jetpack_publicize_connections":[],"jetpack_featured_media_url":"https:\/\/i0.wp.com\/cietsigubernamental.com\/blog\/wp-content\/uploads\/2024\/09\/CURSO-PLANEAMIENTO-ESTRATEGICO-EN-EL-SECTOR-PUBLICO-2024-2.jpg?fit=1257%2C597&ssl=1","jetpack_sharing_enabled":true,"jetpack_shortlink":"https:\/\/wp.me\/p9RxCY-FS","jetpack-related-posts":[],"_links":{"self":[{"href":"https:\/\/cietsigubernamental.com\/blog\/wp-json\/wp\/v2\/posts\/2596","targetHints":{"allow":["GET"]}}],"collection":[{"href":"https:\/\/cietsigubernamental.com\/blog\/wp-json\/wp\/v2\/posts"}],"about":[{"href":"https:\/\/cietsigubernamental.com\/blog\/wp-json\/wp\/v2\/types\/post"}],"author":[{"embeddable":true,"href":"https:\/\/cietsigubernamental.com\/blog\/wp-json\/wp\/v2\/users\/1"}],"replies":[{"embeddable":true,"href":"https:\/\/cietsigubernamental.com\/blog\/wp-json\/wp\/v2\/comments?post=2596"}],"version-history":[{"count":1,"href":"https:\/\/cietsigubernamental.com\/blog\/wp-json\/wp\/v2\/posts\/2596\/revisions"}],"predecessor-version":[{"id":2598,"href":"https:\/\/cietsigubernamental.com\/blog\/wp-json\/wp\/v2\/posts\/2596\/revisions\/2598"}],"wp:featuredmedia":[{"embeddable":true,"href":"https:\/\/cietsigubernamental.com\/blog\/wp-json\/wp\/v2\/media\/2597"}],"wp:attachment":[{"href":"https:\/\/cietsigubernamental.com\/blog\/wp-json\/wp\/v2\/media?parent=2596"}],"wp:term":[{"taxonomy":"category","embeddable":true,"href":"https:\/\/cietsigubernamental.com\/blog\/wp-json\/wp\/v2\/categories?post=2596"},{"taxonomy":"post_tag","embeddable":true,"href":"https:\/\/cietsigubernamental.com\/blog\/wp-json\/wp\/v2\/tags?post=2596"}],"curies":[{"name":"wp","href":"https:\/\/api.w.org\/{rel}","templated":true}]}}