{"id":2583,"date":"2024-08-15T17:26:24","date_gmt":"2024-08-15T17:26:24","guid":{"rendered":"https:\/\/cietsigubernamental.com\/blog\/?p=2583"},"modified":"2025-08-13T18:06:08","modified_gmt":"2025-08-13T18:06:08","slug":"seminario-gratuito-impacto-presupuesto-gestion-publica-peru","status":"publish","type":"post","link":"https:\/\/cietsigubernamental.com\/blog\/seminario-gratuito-impacto-presupuesto-gestion-publica-peru-2583\/","title":{"rendered":"SEMINARIO GRATUITO IMPACTO DEL PRESUPUESTO EN LA GESTI\u00d3N P\u00daBLICA DEL PER\u00da"},"content":{"rendered":"\n<p><strong>SEMINARIO GRATUITO IMPACTO DEL PRESUPUESTO EN LA GESTI\u00d3N P\u00daBLICA DEL PER\u00da<\/strong><\/p>\n<p><strong>MODALIDAD VIRTUAL EN VIVO A NIVEL NACIONAL<\/strong><\/p>\n<p><strong>Fecha:<\/strong>\u00a0jueves 22 de agosto de 2024<\/p>\n<p><strong>Hora:<\/strong>\u00a07:00 p.m.<\/p>\n<p><strong>Lugar:<\/strong>\u00a0Transmisi\u00f3n en vivo por Zoom, YouTube y<a href=\"https:\/\/institutocietsi.com\/\" target=\"_blank\" rel=\"noopener\"><strong>\u00a0campus virtual Cietsi<\/strong><\/a><\/p>\n<p><strong>PARA PARTICIPAR DEL SEMINARIO:<\/strong><\/p>\n<p>+ Reg\u00edstrate aqu\u00ed:\u00a0<a href=\"https:\/\/docs.google.com\/forms\/d\/e\/1FAIpQLSeYp0FLn9k1N1K51WQZT1lM1WT8hmUT6j3x6juQCsJPCGWu0g\/viewform\" target=\"_blank\" rel=\"noopener\">https:\/\/bit.ly\/SeipGP<\/a><\/p>\n<p>+ En caso no puedas registrarte, puedes enviarnos tus datos al Celular\/WhatsApp: 956272261 (<a href=\"https:\/\/api.whatsapp.com\/send?phone=51956272261&amp;text=Hola%20Cietsi,%20deseo%20registrarme%20en%20el%20Seminario%20Gratuito%20Impacto%20del%20Presupuesto%20en%20la%20Gesti%C3%B3n%20P%C3%BAblica\" target=\"_blank\" rel=\"noopener\">https:\/\/bit.ly\/SeipGPw<\/a>)<\/p>\n<p>En este evento brindaremos promociones exclusivas para participar del<a href=\"https:\/\/www.cietsiperu.com\/diplomado\/123\/diplomado-de-especializaciOn-en-gestiOn-pUblica-y-los-sistemas-administrativos-siaf---siga-----seace-2024\" target=\"_blank\" rel=\"noopener\"><strong>\u00a0DIPLOMADO DE ESPECIALIZACI\u00d3N EN GESTI\u00d3N P\u00daBLICA Y LOS SISTEMAS ADMINISTRATIVOS (SIAF &#8211; SIGA \u2013 SEACE)<\/strong><\/a><\/p>\n<p><strong>CERTIFICADO OPCIONAL:<\/strong>\u00a0S\/ 30 soles, a nombre del Centro de Altos Estudios Cietsi<\/p>\n<p><strong>Importante:<\/strong><\/p>\n<p>+ El certificado es f\u00edsico y digital con c\u00f3digo QR, que podr\u00e1 validarse a nivel nacional e internacional en nuestra web:\u00a0<a href=\"https:\/\/www.cietsiperu.com\/validar\/\" target=\"_blank\" rel=\"noopener\">https:\/\/www.cietsiperu.com\/validar\/<\/a><\/p>\n<p>+ El certificado digital se env\u00eda por correo electr\u00f3nico y en f\u00edsico lo puede recoger en nuestra sede Chiclayo: Ca. Manuel Mar\u00eda Izaga 967.\u00a0<\/p>\n<p>+ Consultar costos en caso desee certificarse a nombre del Colegio de Licenciados en Administraci\u00f3n Regi\u00f3n Lambayeque.<\/p>\n<div class=\"widget-title\">\n<h3>Dirigido<\/h3>\n<\/div>\n<p>+ Profesionales de Contabilidad, Econom\u00eda, Administraci\u00f3n, Derecho u otros; interesados en potenciar sus capacidades y especializarse en Gesti\u00f3n P\u00fablica.<\/p>\n<p>+ Servidores de las entidades p\u00fablicas que registran informaci\u00f3n en el SIAF, SIGA MEF, que principalmente son de las \u00e1reas de: Presupuesto, Contabilidad, Tesorer\u00eda, Log\u00edstica, Almacenes, Patrimonio y las \u00e1reas usuarias (centros de costos).<\/p>\n<p>+ Los profesionales y t\u00e9cnicos que trabajan como operadores log\u00edsticos (Usuarios de Entidades P\u00fablicas Contratantes).<\/p>\n<p>+ Proveedores que prestan servicios a las Entidades P\u00fablicas, que deseen adquirir bases conceptuales, normativas y procedimientos en la Gesti\u00f3n P\u00fablica.\u00a0<\/p>\n<p>+ Estudiantes y p\u00fablico en general.<\/p>\n<div class=\"widget-title\">\n<h3>Objetivos<\/h3>\n<\/div>\n<p>Brindar a los participantes una comprensi\u00f3n profunda sobre el impacto del presupuesto en la gesti\u00f3n p\u00fablica del Per\u00fa, explorando c\u00f3mo la planificaci\u00f3n y ejecuci\u00f3n presupuestaria afectan la eficiencia y efectividad de las pol\u00edticas p\u00fablicas, y capacitar a los asistentes en el uso de herramientas clave para la optimizaci\u00f3n de recursos en el sector p\u00fablico.<\/p>\n<div class=\"widget-title\">\n<h3>Temario<\/h3>\n<\/div>\n<p>+ Definici\u00f3n y tipos de presupuesto en el sector p\u00fablico.<\/p>\n<p>+ Principales componentes del ciclo presupuestario en el Per\u00fa.<\/p>\n<p>+ Importancia de la transparencia y la rendici\u00f3n de cuentas.<\/p>\n<p>+ An\u00e1lisis del impacto del presupuesto en la ejecuci\u00f3n de pol\u00edticas p\u00fablicas.<\/p>\n<p>+ Desaf\u00edos comunes en la gesti\u00f3n presupuestaria.<\/p>\n<p>+ Herramientas y pr\u00e1cticas para mejorar la eficiencia en la asignaci\u00f3n de recursos.<\/p>\n<p>+ C\u00f3mo el presupuesto influye en la planificaci\u00f3n de proyectos a nivel nacional y subnacional.<\/p>\n<p>+ Evaluaci\u00f3n de resultados y ajuste de pol\u00edticas seg\u00fan la ejecuci\u00f3n presupuestaria.<\/p>\n<p>+ Resoluci\u00f3n de dudas de los asistentes sobre el seminario y presentaci\u00f3n del diplomado en gesti\u00f3n p\u00fablica y los sistemas administrativos (SIAF SIGA SEACE).\u00a0<\/p>\n<p>+ Informaci\u00f3n sobre inscripciones y promociones especiales para los asistentes al seminario.<\/p>\n<div class=\"widget-title\">\n<h3>Ponente<\/h3>\n<\/div>\n<p><strong>MG. CPC. CEDILIA VICTORIA AKEMI<\/strong><\/p>\n<p>Contadora P\u00fablica Colegiada de la Universidad Particular Ricardo Palma, con Maestr\u00eda en Gesti\u00f3n P\u00fablica, egresada de la MBA, y otros Diplomados relacionadas a la administraci\u00f3n de los sistemas de planeamiento, presupuesto, finanzas p\u00fablicas, entre otros, especialista en Gesti\u00f3n P\u00fablica con \u00e9nfasis en Presupuesto P\u00fablico.<\/p>\n<p>Cuenta con m\u00e1s de 30 a\u00f1os de experiencia en el sector p\u00fablico, en Gobierno Nacional y Subnacional; as\u00ed como entidades del grupo FONAFE, siendo Gerente de Presupuesto y Formulaci\u00f3n de inversiones de la SUNAT, Directora General de Planeamiento, Presupuesto y Modernizaci\u00f3n en 2 ocasiones del Ministerios de Salud; as\u00ed como Directora General de Planeamiento y Presupuesto del Ministerio de Defensa, Gerente Central de Planeamiento y Presupuesto de ESSALUD, entre otros cargos Directivos.<\/p>\n<p>Miembro del Concejo Directivo de SANIPES en representaci\u00f3n del Sector Salud, Docente de Centrum y otras Instituciones en temas de Planificaci\u00f3n y Presupuesto P\u00fablico.<\/p>\n","protected":false},"excerpt":{"rendered":"<div class=\"mh-excerpt\"><p>SEMINARIO GRATUITO IMPACTO DEL PRESUPUESTO EN LA GESTI\u00d3N P\u00daBLICA DEL PER\u00da MODALIDAD VIRTUAL EN VIVO A NIVEL NACIONAL Fecha:\u00a0jueves 22 de agosto de 2024 Hora:\u00a07:00 <a class=\"mh-excerpt-more\" href=\"https:\/\/cietsigubernamental.com\/blog\/seminario-gratuito-impacto-presupuesto-gestion-publica-peru-2583\/\" title=\"SEMINARIO GRATUITO IMPACTO DEL PRESUPUESTO EN LA GESTI\u00d3N P\u00daBLICA DEL PER\u00da\">[&#8230;]<\/a><\/p>\n<\/div>","protected":false},"author":1,"featured_media":2585,"comment_status":"open","ping_status":"open","sticky":false,"template":"","format":"standard","meta":{"jetpack_post_was_ever_published":false,"_jetpack_newsletter_access":"","_jetpack_dont_email_post_to_subs":false,"_jetpack_newsletter_tier_id":0,"_jetpack_memberships_contains_paywalled_content":false,"_jetpack_memberships_contains_paid_content":false,"footnotes":"","jetpack_publicize_message":"","jetpack_publicize_feature_enabled":true,"jetpack_social_post_already_shared":true,"jetpack_social_options":{"image_generator_settings":{"template":"highway","default_image_id":0,"font":"","enabled":false},"version":2}},"categories":[2,5,59,71,24,70,69,1,12],"tags":[691,689,692,698,693,696,697,694,662,643,699,138,690,695],"class_list":["post-2583","post","type-post","status-publish","format-standard","has-post-thumbnail","hentry","category-actualidad","category-cursos-talleres-cietsi","category-cursos-talleres-gratuitos","category-diplomados","category-gestion-publica","category-gubernamental","category-ingenierias","category-sin-categoria","category-tecnologias","tag-administracion-publica-peru","tag-capacitacion-en-gestion-publica","tag-economia-del-sector-publico","tag-finanzas-publicas","tag-gestion-de-recursos-publicos","tag-gestion-presupuestaria","tag-impacto-del-presupuesto","tag-planificacion-gubernamental","tag-politicas-publicas","tag-presupuesto-por-resultados","tag-presupuesto-publico","tag-seminario-gratuito-gestion-publica","tag-seminario-online-presupuesto","tag-transparencia-fiscal"],"jetpack_publicize_connections":[],"jetpack_featured_media_url":"https:\/\/i0.wp.com\/cietsigubernamental.com\/blog\/wp-content\/uploads\/2024\/08\/SEMINARIO-GRATUITO-IMPACTO-DEL-PRESUPUESTO-EN-LA-GESTION-PUBLICA-DEL-PERU-2.jpg?fit=1207%2C597&ssl=1","jetpack_sharing_enabled":true,"jetpack_shortlink":"https:\/\/wp.me\/p9RxCY-FF","jetpack-related-posts":[],"_links":{"self":[{"href":"https:\/\/cietsigubernamental.com\/blog\/wp-json\/wp\/v2\/posts\/2583","targetHints":{"allow":["GET"]}}],"collection":[{"href":"https:\/\/cietsigubernamental.com\/blog\/wp-json\/wp\/v2\/posts"}],"about":[{"href":"https:\/\/cietsigubernamental.com\/blog\/wp-json\/wp\/v2\/types\/post"}],"author":[{"embeddable":true,"href":"https:\/\/cietsigubernamental.com\/blog\/wp-json\/wp\/v2\/users\/1"}],"replies":[{"embeddable":true,"href":"https:\/\/cietsigubernamental.com\/blog\/wp-json\/wp\/v2\/comments?post=2583"}],"version-history":[{"count":1,"href":"https:\/\/cietsigubernamental.com\/blog\/wp-json\/wp\/v2\/posts\/2583\/revisions"}],"predecessor-version":[{"id":2586,"href":"https:\/\/cietsigubernamental.com\/blog\/wp-json\/wp\/v2\/posts\/2583\/revisions\/2586"}],"wp:featuredmedia":[{"embeddable":true,"href":"https:\/\/cietsigubernamental.com\/blog\/wp-json\/wp\/v2\/media\/2585"}],"wp:attachment":[{"href":"https:\/\/cietsigubernamental.com\/blog\/wp-json\/wp\/v2\/media?parent=2583"}],"wp:term":[{"taxonomy":"category","embeddable":true,"href":"https:\/\/cietsigubernamental.com\/blog\/wp-json\/wp\/v2\/categories?post=2583"},{"taxonomy":"post_tag","embeddable":true,"href":"https:\/\/cietsigubernamental.com\/blog\/wp-json\/wp\/v2\/tags?post=2583"}],"curies":[{"name":"wp","href":"https:\/\/api.w.org\/{rel}","templated":true}]}}