{"id":2557,"date":"2024-06-13T22:35:34","date_gmt":"2024-06-13T22:35:34","guid":{"rendered":"https:\/\/cietsigubernamental.com\/blog\/?p=2557"},"modified":"2025-08-13T18:07:47","modified_gmt":"2025-08-13T18:07:47","slug":"diplomado-especializacion-gestion-publica-siaf-siga-seace","status":"publish","type":"post","link":"https:\/\/cietsigubernamental.com\/blog\/diplomado-especializacion-gestion-publica-siaf-siga-seace-2557\/","title":{"rendered":"DIPLOMADO DE ESPECIALIZACI\u00d3N EN GESTI\u00d3N P\u00daBLICA Y LOS SISTEMAS ADMINISTRATIVOS (SIAF &#8211; SIGA \u2013 SEACE) 2024"},"content":{"rendered":"\n<p style=\"text-align: center;\"><strong>DIPLOMADO DE ESPECIALIZACI\u00d3N EN GESTI\u00d3N P\u00daBLICA Y LOS SISTEMAS ADMINISTRATIVOS (SIAF &#8211; SIGA \u2013 SEACE)<\/strong><\/p>\n<p><strong>MODALIDAD VIRTUAL EN VIVO A NIVEL NACIONAL<\/strong><\/p>\n<p><strong>Inicio:<\/strong>\u00a028 de agosto de 2024<\/p>\n<p><strong>Horario:<\/strong>\u00a0lunes y mi\u00e9rcoles de 7:00 p.m. a 9:00 p.m.<\/p>\n<p><strong>Duraci\u00f3n:<\/strong>\u00a04 meses<\/p>\n<p><strong>Lugar:<\/strong>\u00a0Zoom y campus virtual Cietsi\u00a0<\/p>\n<p>Las clases se transmiten en vivo, tendr\u00e1s acceso a las grabaciones y material en el campus virtual de forma ilimitada; Te incluyen horas de networking zoom los fines de semana, para que puedas interactuar con tus compa\u00f1eros de clases.<\/p>\n<div class=\"widget-title\">\n<h3>Dirigido<\/h3>\n<\/div>\n<p>+ Profesionales de Contabilidad, Econom\u00eda, Administraci\u00f3n, Derecho u otros; interesados en potenciar sus capacidades y especializarse en Gesti\u00f3n P\u00fablica.<\/p>\n<p>+ Servidores de las entidades p\u00fablicas que registran informaci\u00f3n en el SIAF, SIGA MEF, que principalmente son de las \u00e1reas de: Presupuesto, Contabilidad, Tesorer\u00eda, Log\u00edstica, Almacenes, Patrimonio y las \u00e1reas usuarias (centros de costos).<\/p>\n<p>+ Los profesionales y t\u00e9cnicos que trabajan como operadores log\u00edsticos (Usuarios de Entidades P\u00fablicas Contratantes).<\/p>\n<p>+ Proveedores que prestan servicios a las Entidades P\u00fablicas, que deseen adquirir bases conceptuales, normativas y procedimientos en la Gesti\u00f3n P\u00fablica.\u00a0<\/p>\n<p>+ Estudiantes y p\u00fablico en general.<\/p>\n<div class=\"widget-title\">\n<h3>Objetivos<\/h3>\n<\/div>\n<p>+ Conocer la base legal en que se desenvuelve la<strong>\u00a0gesti\u00f3n p\u00fablica<\/strong>, entre ello, la\u00a0<strong>estructura, organizaci\u00f3n y funcionamiento del Estado<\/strong>,<strong>\u00a0la modernizaci\u00f3n y reforma del Estado<\/strong>, la interrelaci\u00f3n con la\u00a0<strong>pol\u00edtica p\u00fablica y gesti\u00f3n por procesos y los sistemas administrativos.<\/strong><\/p>\n<p>+ Tendr\u00e1s una\u00a0<strong>visi\u00f3n global<\/strong>\u00a0y coordinada de los procesos y actividades a desarrollar en la\u00a0<strong>formulaci\u00f3n, evaluaci\u00f3n y gesti\u00f3n de proyectos p\u00fablicos<\/strong>.<\/p>\n<p>+ Conocer\u00e1n los procesos y herramientas que se vinculan actualmente en el Estado, as\u00ed como las<strong>\u00a0pol\u00edticas de modernizaci\u00f3n<\/strong>\u00a0bajo un enfoque econ\u00f3mico-social e inclusivo; permitiendo as\u00ed articular los distintos\u00a0<strong>sistemas administrativos del Estado<\/strong>\u00a0a trav\u00e9s de una metodolog\u00eda adecuada y aplicada a casos reales de la<strong>\u00a0administraci\u00f3n p\u00fablica nacional<\/strong>.<\/p>\n<div class=\"widget-title\">\n<h3>Aprendizaje<\/h3>\n<\/div>\n<p>El Diplomado ha sido dise\u00f1ado de acuerdo al enfoque de\u00a0<strong>gesti\u00f3n por resultados<\/strong>\u00a0considerando como\u00a0 base fundamental, el marco normativo en el que se desenvuelve e involucra la gesti\u00f3n\u00a0 p\u00fablica, pues tiene por finalidad desarrollar y ampliar los conocimientos, competencias y capacidades de los participantes en aspectos vinculados al quehacer de la gesti\u00f3n p\u00fablica desde el papel del Estado, su\u00a0<strong>Estructura, Organizaci\u00f3n, Funcionamiento, La Modernizaci\u00f3n del Estado, La Planificaci\u00f3n y Presupuesto, La Pol\u00edtica P\u00fablica, La Programaci\u00f3n Multianual y Gesti\u00f3n de Inversiones, La Gesti\u00f3n de Recursos Humanos, Los Sistemas Administrativos<\/strong>, es decir interrelacionar la gesti\u00f3n sustantiva institucional alineados a los respectivos objetivos y fines que se correspondan con la atenci\u00f3n del Estado al ciudadano y la sociedad. El Diplomado contribuye con la profesionalizaci\u00f3n del servicio p\u00fablico y el desempe\u00f1o profesional, pues combina la teor\u00eda y casu\u00edstica de manera din\u00e1mica con explicaciones y sus respectivos ejercicios en cada sesi\u00f3n y con el soporte del intercambio de opini\u00f3n y retroalimentaci\u00f3n de conocimiento.<\/p>\n<p><strong>El presente Diplomado comprende diez (10) m\u00f3dulos, seg\u00fan se detalla:<\/strong><\/p>\n<p>1.-\u00a0Modernizaci\u00f3n de la Gesti\u00f3n P\u00fablica y la Reforma del Estado.<\/p>\n<p>2.-\u00a0Gesti\u00f3n por Procesos en la Gesti\u00f3n P\u00fablica.<\/p>\n<p>3.-\u00a0Planeamiento Estrat\u00e9gico en el Sector P\u00fablico.<\/p>\n<p>4.-\u00a0Presupuesto P\u00fablico por Resultados PPR.<\/p>\n<p>5.-\u00a0Sistema Nacional de Programaci\u00f3n Multianual y Gesti\u00f3n de Inversiones \u2013 Invierte.pe.<\/p>\n<p>6.-\u00a0Sistema de Gesti\u00f3n de Recursos Humanos y los Reg\u00edmenes Laborales.<\/p>\n<p>7.-\u00a0Sistema Integrado de Administraci\u00f3n Financiera -SIAF SP.<\/p>\n<p>8.-\u00a0Sistema Integrado de Gesti\u00f3n Administrativa &#8211; SIGA MEF.<\/p>\n<p>9.-\u00a0Sistema de Abastecimiento, Contrataciones P\u00fablicas y Sistema Electr\u00f3nico de Contrataciones del Estado \u2013 SEACE.<\/p>\n<p>10.-\u00a0Sistema de Control Interno en las Entidades P\u00fablicas y Sanciones para Funcionarios y Servidores P\u00fablicos.<\/p>\n<p><strong>METODOLOG\u00cdA:<\/strong><\/p>\n<p>El presente Diplomado tiene una metodolog\u00eda basada en la resoluci\u00f3n de casos pr\u00e1cticos y la exposici\u00f3n de teor\u00eda espec\u00edfica, as\u00ed como tambi\u00e9n el intercambio de experiencias formativas y profesionales. Por esta raz\u00f3n se propone una activa participaci\u00f3n del estudiante en clase para el desarrollo de las capacidades de an\u00e1lisis y s\u00edntesis en las diferentes actividades planteadas, por lo que se recomienda la lectura previa del material entregado.<\/p>\n<div class=\"widget-title\">\n<h3>Ponentes<\/h3>\n<\/div>\n<p><strong>ABG. BORIS POTOZEN BRACO<\/strong><\/p>\n<p>Abogado por la Universidad de Lima; con estudios de maestr\u00eda en Derecho del Trabajo y de doctorado en Derecho, ambos por la Universidad Nacional Mayor de San Marcos. Cuenta con cursos de especializaci\u00f3n en direcci\u00f3n, gesti\u00f3n, planeamiento estrat\u00e9gico, contabilidad y -finanzas, simplificaci\u00f3n administrativa.\u00a0<\/p>\n<p>Ha desempe\u00f1ado importantes cargos p\u00fablicos, destacando: el de Superintendente Nacional de Migraciones, director general de la Oficina de Asesor\u00eda Jur\u00eddica de la Presidencia del Consejo de Ministros, Secretario General de SUNARP, entre otros.\u00a0<\/p>\n<p>Cuenta con amplia experiencia en gesti\u00f3n p\u00fablica, as\u00ed como en la implementaci\u00f3n de procesos de reforma y modernizaci\u00f3n del Estado; incluyendo los de simplificaci\u00f3n administrativa que le han merecido el reconocimiento y premiaci\u00f3n de entidades como la C\u00e1mara de Comercio de Lima y Ciudadanos al D\u00eda.<\/p>\n<p><strong>MG. CPC. CEDILIA VICTORIA AKEMI<\/strong><\/p>\n<p>Contadora P\u00fablica Colegiada de la Universidad Particular Ricardo Palma, con Maestr\u00eda en Gesti\u00f3n P\u00fablica, egresada de la MBA, y otros Diplomados relacionadas a la administraci\u00f3n de los sistemas de planeamiento, presupuesto, finanzas p\u00fablicas, entre otros, especialista en Gesti\u00f3n P\u00fablica con \u00e9nfasis en Presupuesto P\u00fablico.<\/p>\n<p>Cuenta con m\u00e1s de 30 a\u00f1os de experiencia en el sector p\u00fablico, en Gobierno Nacional y Subnacional; as\u00ed como entidades del grupo FONAFE, siendo Gerente de Presupuesto y Formulaci\u00f3n de inversiones de la SUNAT, Directora General de Planeamiento, Presupuesto y Modernizaci\u00f3n en 2 ocasiones del Ministerios de Salud; as\u00ed como Directora General de Planeamiento y Presupuesto del Ministerio de Defensa, Gerente Central de Planeamiento y Presupuesto de ESSALUD, entre otros cargos Directivos.<\/p>\n<p>Miembro del Concejo Directivo de SANIPES en representaci\u00f3n del Sector Salud, Docente de Centrum y otras Instituciones en temas de Planificaci\u00f3n y Presupuesto P\u00fablico.<\/p>\n<p><strong>DR. ECON. NELSON CRISTHIAN ECHEVARRIA CAPCHA<\/strong><\/p>\n<p>Doctor en Econom\u00eda por la Universidad Nacional Federico Villareal, Magister en Econom\u00eda Agr\u00edcola por la Universidad Nacional Agraria La Molina, tiene estudios en la CEPAL en sus sedes de Chile, Colombia y M\u00e9xico, estudios de especializaci\u00f3n en servicios ambientales en el CATIE &#8211; Costa Rica. Experto en formulaci\u00f3n, evaluaci\u00f3n y gesti\u00f3n de proyectos de inversi\u00f3n en el marco del SNIP e INVIERTE.PE en m\u00e1s de 12 a\u00f1os.\u00a0<\/p>\n<p>Cuenta con Experiencia laboral en el BID, BM, GIZ, CTB, PNUD, MEF, MINAM, MVCS, MINCETUR, MINCUL, MINAGRI, INIA, PNIA, SERVIR, OEFA, Gobiernos Regionales y Gobiernos Locales del Estado Peruano.\u00a0<\/p>\n<p>Asimismo, labor\u00f3 como Ejecutivo en Proyectos de Inversi\u00f3n en la Direcci\u00f3n General de Programaci\u00f3n e Inversiones del ente rector del INVIERTE.PE (MEF), posteriormente en la Oficina de Inversiones del MINAM.<\/p>\n<p>Se ha desempe\u00f1ado como docente en la maestr\u00eda de gesti\u00f3n p\u00fablica y doctorado en gesti\u00f3n p\u00fablica y gobernabilidad y a nivel de post grado en proyectos de inversi\u00f3n en la Universidad del Pacifico, Agraria La Molina, Continental, Callao, entre otras.<\/p>\n<p>Actualmente, Asesor del Programa Nacional de Infraestructura de Salud y consultor en proyectos de inversi\u00f3n de SEDAPAL y GIZ.<\/p>\n<p><strong>MG. ABG. JOS\u00c9 LUIS JARA BAUTISTA<\/strong><\/p>\n<p>Abogado por la Universidad San Pedro. Mag\u00edster en Derecho del Trabajo por la UNMSM, especialista en Derecho Administrativo por la Universidad Continental. Se ha desempe\u00f1ado en entidades como gobiernos locales, regionales, SERVIR y MINCETUR, autor de libros y revistas especializadas. Cuenta con reconocimientos por los Colegios de Abogados\u00a0 de Huaura, Tumbes, Pasco, Ica. Especialista en temas de Derecho Laboral P\u00fablico.<\/p>\n<p><strong>CPC. LADY MILAGROS S\u00c1NCHEZ CULQUICONDOR<\/strong><\/p>\n<p>Contador P\u00fablico Colegiado por la Universidad Nacional \u201cPedro Ruiz Gallo\u201d, egresado de la Maestr\u00eda en Ciencias con Menci\u00f3n en Control y Auditor\u00eda por la Escuela de Post Grado de la Universidad Nacional \u201cPedro Ruiz Gallo\u201d, Certificado como Auditor Independiente por el Colegio de Contadores P\u00fablicos de Lambayeque, capacitaci\u00f3n en \u201cImplementaci\u00f3n del Sistema de Control Interno y Gesti\u00f3n de Riesgos, en Gobiernos Subnacionales\u201d en Basel Institute On Governance &#8211; Confederaci\u00f3n Suiza, Curso \u201cControl Previo Financiero\u201d CAFAE &#8211; Ministerio de Econom\u00eda y Finanzas<\/p>\n<p>Cuenta con amplia experiencia en el Sector p\u00fablico, habi\u00e9ndose desempe\u00f1ado como Sub Gerente de Contabilidad en la Municipalidad Provincial de Lambayeque, Sub Gerente de Contabilidad en la Municipalidad Distrital De Jos\u00e9 Leonardo Ortiz, Integrador Contable en la Unidad Ejecutora 028 II Direcci\u00f3n Territorial Policial Chiclayo.<\/p>\n<p>Actualmente se desempe\u00f1a como Auditor Contador de la Gerencia Regional de Educaci\u00f3n de Lambayeque Auditor Contador, y experto en el manejo de los distintos sistemas Administrativos del Sector P\u00fablico, como: SIAF, SIGA y otros.<\/p>\n<p><strong>ING. RONALD ALEX VASQUEZ GUERRA<\/strong><\/p>\n<p>Ingeniero de Sistemas, Promotor del Gobierno Electr\u00f3nico a trav\u00e9s del uso intensivo de las Tecnolog\u00edas de Informaci\u00f3n y Comunicaci\u00f3n (TIC) como soporte a los procesos de planificaci\u00f3n, producci\u00f3n y gesti\u00f3n en toda Entidad permitiendo a su vez consolidar propuestas de gobierno abierto.\u00a0<\/p>\n<p>Con m\u00e1s de 10 a\u00f1os de experiencia en el sector p\u00fablico en lo relacionado al Proceso Presupuestario, Proceso Log\u00edstico, Procesos Inform\u00e1ticos e implantador del Sistema Integrado de Gesti\u00f3n Administrativa \u2013 SIGA, Sistema de Personal \u2013 SISPER, manejo y conocimiento a nivel t\u00e9cnico del SIAF &#8211; SP.<\/p>\n<p>Ha laborado en distintos sectores como: Educaci\u00f3n, Relaciones Exteriores, Procesos Electorales, Transportes y Comunicaciones, actualmente se desempe\u00f1\u00f3 como Coordinador de Soluciones de Tecnolog\u00edas de la Informaci\u00f3n.<\/p>\n<p>Capacitador a nivel nacional a funcionarios de Entidades P\u00fablicas de los diversos \u00e1mbitos Nacional, Regional y Local en la correcta utilizaci\u00f3n del Sistema Integrado de Gesti\u00f3n Administrativa &#8211; SIGA a todo nivel, con una perspectiva orientada a Procesos, actualmente docente en el Centro de Extensi\u00f3n Universitaria y Proyecci\u00f3n Social &#8211; CEUPS de la Facultad de Ciencias Contables de la Universidad Nacional Mayor de San Marcos, Instituto San Ignacio de Loyola y Escuela ADEX.<\/p>\n<p><strong>ABG. JOS\u00c9 ENRIQUE CASTRO HIGA<\/strong><\/p>\n<p>Abogado graduado por la Universidad Nacional Federico Villarreal (UNFV), especialista en contrataciones p\u00fablicas, manejo operativo del Sistema Electr\u00f3nico de Contrataciones -SEACE y capacitador acreditado por la Escuela Nacional de Control de la Contralor\u00eda General de la Rep\u00fablica.<\/p>\n<p>Ha laborado en el estudio Abanto Verastegui Abogados S.C.R.L, cuenta con m\u00e1s de diez (10) a\u00f1os de experiencia laboral en el Organismo Supervisor de Contrataciones del Estado &#8211; OSCE y m\u00e1s de dos (02) a\u00f1os de experiencia como Capacitador OSCE.<\/p>\n<p>Actualmente labora como Especialista en atenci\u00f3n SEACE en el Organismo Supervisor de Contrataciones del Estado \u2013 OSCE, capacitador en la Escuela Nacional de Control y asesor en contrataciones p\u00fablicas a nivel de consultor\u00eda externa.<\/p>\n<p><strong>MG. ABG. V\u00cdCTOR J. LIZ\u00c1RRAGA GUERRA<\/strong><\/p>\n<p>M\u00e1ster en \u00abLiderazgo y Direcci\u00f3n P\u00fablica\u00bb por la Universidad Internacional Men\u00e9ndez Pelayo\/Instituto Nacional de Administraci\u00f3n P\u00fablica, INAP-Espa\u00f1a, con estudios de doctorado en el Instituto Universitario de Investigaci\u00f3n Ortega y Gasset en Econom\u00eda y Gobierno, egresado de la Maestr\u00eda en Derecho Procesal por la Universidad Nacional Mayor de San Marcos \u2013 UNMSM, cuenta con un Post T\u00edtulo en Derecho Constitucional por la Pontificia Universidad Cat\u00f3lica del Per\u00fa (PUCP), Becario Top por la Universidad Nacional de Litoral de Argentina y la Organizaci\u00f3n de Estados Americanos (OEA). Especialista en Gesti\u00f3n P\u00fablica y Derecho Administrativo, por la Universidad ESAN, con certificaciones oficiales en el Centro de Estudios Constitucionales &#8211; CEC y el Banco Interamericano de Desarrollo.<\/p>\n<p>Cuenta con amplia experiencia laboral, se ha desempe\u00f1ado como asesor y consultor especializado en diversas entidades p\u00fablicas y privadas. Docente de la Universidad Continental, en las \u00e1reas de derecho administrativo y gesti\u00f3n p\u00fablica.<\/p>\n<p>Autor de libros e importantes ensayos y art\u00edculos en revistas nacionales e internacionales tales como: \u201cFundamentos de la inaplicaci\u00f3n del non bis in \u00eddem en el derecho disciplinario\u201d, \u201cLas relaciones especiales de sujeci\u00f3n en el Per\u00fa\u201d, \u201cDerecho a la comunicaci\u00f3n previa y detallada en el procedimiento administrativo disciplinario\u201d, \u201cEl estatutos jur\u00eddico del denunciante en el procedimiento administrativo disciplinario\u201d, \u201cEl r\u00e9gimen disciplinario en la ley del servicio civil\u201d, \u201cLa condici\u00f3n de funcionario p\u00fablico en las empresas del Estado\u201d, \u00abDe la responsabilidad legal a la responsabilidad por el rendimiento\u00bb, entre otros art\u00edculos y ensayos. Ha dictado conferencias a nivel nacional e internacional en materia de gesti\u00f3n p\u00fablica y derecho administrativo.<\/p>\n<p><strong>T\u00c9RMINOS Y CONDICIONES:<\/strong><\/p>\n<p>+ Matr\u00edcula en\u00a0<strong>PREVENTA EXCLUSIVA<\/strong>: S\/ 109 Soles (v\u00e1lida hasta el 30 de junio de 2024 o hasta completar vacantes)<\/p>\n<p>+ No se paga mensualidad (Acceso total al diplomado)<\/p>\n<p>+ Certificaci\u00f3n opcional (Se puede cancelar hasta finalizar el diplomado)<\/p>\n<p><strong>Nota:<\/strong><\/p>\n<p>+ Las certificaciones son opcionales y puede elegir certificarse como DIPLOMADO, PROGRAMA DE ESPECIALIZACI\u00d3N y\/o cada m\u00f3dulo como CURSO ESPECIALIZADO, puede cancelar a medida que lleva el diplomado o hasta 15 d\u00edas antes de culminar.<\/p>\n<p>+ Consultas por las promociones exclusivas pronto pago.<\/p>\n<p>+ Consultar en caso desee certificarse con la Universidad Nacional de Trujillo, Colegio de Licenciados en Administraci\u00f3n CD Lambayeque y\/o Colegio de Ingenieros del Per\u00fa CD Piura.<\/p>\n<p><strong>PARA RESERVAR VACANTE:<\/strong><\/p>\n<p>+ Formulario:\u00a0<a href=\"https:\/\/docs.google.com\/forms\/d\/e\/1FAIpQLSep_rV6qVqQdSBa9EWQrv8FEa9Ixd8WG5jx1t3qPW-z6bmDFQ\/viewform\" target=\"_blank\" rel=\"noopener\">https:\/\/bit.ly\/DGPySA2024<\/a><\/p>\n<p>+ En caso no puedas registrarte, puedes enviarnos tus datos al Celular\/WhatsApp: 956272261 (<a href=\"https:\/\/api.whatsapp.com\/send?phone=51956272261&amp;text=Hola%20Cietsi,%20necesito%20informaci%C3%B3n%20del%20Diplomado%20en%20Gesti%C3%B3n%20P%C3%BAblica%20y%20los%20Sistemas%20Administrativos%20SIAF%20SIGA%20SEACE\" target=\"_blank\" rel=\"noopener\">https:\/\/bit.ly\/DGPySAwsp1<\/a>)<\/p>\n<p><strong>PARA PARTICIPAR DEL DIPLOMADO:<\/strong><\/p>\n<p>+ Mediante agente o transferencia bancaria:\u00a0<a href=\"https:\/\/www.cietsiperu.com\/forma-de-pago\" target=\"_blank\" rel=\"noopener\">https:\/\/www.cietsiperu.com\/forma-de-pago<\/a><\/p>\n<p>+ Mediante aplicaci\u00f3n electr\u00f3nica Yape y Plin (956272261 y 968059963) y PayPal (informes@cietsiperu.com)<\/p>\n<p>+ Aceptamos todas las tarjetas de d\u00e9bito y cr\u00e9dito por PayU, Izipay(consultar por interno)<\/p>\n<p>Una vez realizado el pago comunicarse con nosotros enviando un email a informes@cietsiperu.com o al WhatsApp: 956272261, con los siguientes datos (nombres completos, DNI, tel\u00e9fono\/celular, como asunto:\u00a0<strong>DIPLOMADO EN GESTI\u00d3N P\u00daBLICA Y LOS SISTEMAS ADMINISTRATIVOS (SIAF &#8211; SIGA \u2013 SEACE)<\/strong>, adjuntando el comprobante de pago, luego de validar nos comunicaremos con usted a la brevedad.<\/p>\n<p><em><strong>\u00a1\u00a1RESERVA TU VACANTE AHORA Y ACCEDE A UN DESCUENTO EXCLUSIVO!!<\/strong><\/em><\/p>\n<p><em><strong>\u00a1\u00a1APRENDIZAJE 100% GARANTIZADO!!<\/strong><\/em><\/p>\n<p><em><strong>\u00a1\u00a1CONSULTA DESCUENTO CORPORATIVO A PARTIR DE 3 PARTICIPANTES!!<\/strong><\/em><\/p>\n","protected":false},"excerpt":{"rendered":"<div class=\"mh-excerpt\"><p>DIPLOMADO DE ESPECIALIZACI\u00d3N EN GESTI\u00d3N P\u00daBLICA Y LOS SISTEMAS ADMINISTRATIVOS (SIAF &#8211; SIGA \u2013 SEACE) MODALIDAD VIRTUAL EN VIVO A NIVEL NACIONAL Inicio:\u00a028 de agosto <a class=\"mh-excerpt-more\" href=\"https:\/\/cietsigubernamental.com\/blog\/diplomado-especializacion-gestion-publica-siaf-siga-seace-2557\/\" title=\"DIPLOMADO DE ESPECIALIZACI\u00d3N EN GESTI\u00d3N P\u00daBLICA Y LOS SISTEMAS ADMINISTRATIVOS (SIAF &#8211; SIGA \u2013 SEACE) 2024\">[&#8230;]<\/a><\/p>\n<\/div>","protected":false},"author":1,"featured_media":2558,"comment_status":"open","ping_status":"open","sticky":false,"template":"","format":"standard","meta":{"jetpack_post_was_ever_published":false,"_jetpack_newsletter_access":"","_jetpack_dont_email_post_to_subs":false,"_jetpack_newsletter_tier_id":0,"_jetpack_memberships_contains_paywalled_content":false,"_jetpack_memberships_contains_paid_content":false,"footnotes":"","jetpack_publicize_message":"","jetpack_publicize_feature_enabled":true,"jetpack_social_post_already_shared":true,"jetpack_social_options":{"image_generator_settings":{"template":"highway","default_image_id":0,"font":"","enabled":false},"version":2}},"categories":[2,5,59,71,24,70,69,1,12],"tags":[484,744,754,755,748,749,750,638,753,741,752,751,547,493,494,747],"class_list":["post-2557","post","type-post","status-publish","format-standard","has-post-thumbnail","hentry","category-actualidad","category-cursos-talleres-cietsi","category-cursos-talleres-gratuitos","category-diplomados","category-gestion-publica","category-gubernamental","category-ingenierias","category-sin-categoria","category-tecnologias","tag-administracion-publica","tag-capacitacion-sector-publico","tag-cursos-para-funcionarios-publicos","tag-diplomado-en-administracion-publica","tag-diplomado-gestion-publica","tag-diplomado-siaf-siga-seace","tag-especializacion-gestion-publica","tag-formacion-en-gestion-publica","tag-gestion-de-sistemas-administrativos","tag-gestion-gubernamental","tag-gestion-publica-peru-2","tag-modernizacion-del-estado","tag-seace","tag-siaf","tag-siga","tag-sistemas-administrativos-del-estado"],"jetpack_publicize_connections":[],"jetpack_featured_media_url":"https:\/\/i0.wp.com\/cietsigubernamental.com\/blog\/wp-content\/uploads\/2024\/06\/DIPLOMADO-EN-GESTION-PUBLICA-Y-SIAF-SIGA-SEACE-2024-2.jpg?fit=1260%2C600&ssl=1","jetpack_sharing_enabled":true,"jetpack_shortlink":"https:\/\/wp.me\/p9RxCY-Ff","jetpack-related-posts":[],"_links":{"self":[{"href":"https:\/\/cietsigubernamental.com\/blog\/wp-json\/wp\/v2\/posts\/2557","targetHints":{"allow":["GET"]}}],"collection":[{"href":"https:\/\/cietsigubernamental.com\/blog\/wp-json\/wp\/v2\/posts"}],"about":[{"href":"https:\/\/cietsigubernamental.com\/blog\/wp-json\/wp\/v2\/types\/post"}],"author":[{"embeddable":true,"href":"https:\/\/cietsigubernamental.com\/blog\/wp-json\/wp\/v2\/users\/1"}],"replies":[{"embeddable":true,"href":"https:\/\/cietsigubernamental.com\/blog\/wp-json\/wp\/v2\/comments?post=2557"}],"version-history":[{"count":1,"href":"https:\/\/cietsigubernamental.com\/blog\/wp-json\/wp\/v2\/posts\/2557\/revisions"}],"predecessor-version":[{"id":2559,"href":"https:\/\/cietsigubernamental.com\/blog\/wp-json\/wp\/v2\/posts\/2557\/revisions\/2559"}],"wp:featuredmedia":[{"embeddable":true,"href":"https:\/\/cietsigubernamental.com\/blog\/wp-json\/wp\/v2\/media\/2558"}],"wp:attachment":[{"href":"https:\/\/cietsigubernamental.com\/blog\/wp-json\/wp\/v2\/media?parent=2557"}],"wp:term":[{"taxonomy":"category","embeddable":true,"href":"https:\/\/cietsigubernamental.com\/blog\/wp-json\/wp\/v2\/categories?post=2557"},{"taxonomy":"post_tag","embeddable":true,"href":"https:\/\/cietsigubernamental.com\/blog\/wp-json\/wp\/v2\/tags?post=2557"}],"curies":[{"name":"wp","href":"https:\/\/api.w.org\/{rel}","templated":true}]}}