{"id":25,"date":"2015-07-18T22:19:10","date_gmt":"2015-07-18T22:19:10","guid":{"rendered":"http:\/\/cietsigubernamental.com\/blog\/?p=25"},"modified":"2015-07-18T22:24:05","modified_gmt":"2015-07-18T22:24:05","slug":"curso-taller-ingenieria-de-soporte-tecnico-para-el-siaf-v-15-03-2da-edicion-2015-chiclayo","status":"publish","type":"post","link":"https:\/\/cietsigubernamental.com\/blog\/curso-taller-ingenieria-de-soporte-tecnico-para-el-siaf-v-15-03-2da-edicion-2015-chiclayo-25\/","title":{"rendered":"Gobierno designa nuevo superintendente nacional de Migraciones"},"content":{"rendered":"<p>La norma que crea la Superintendencia Nacional de Migraciones establece que el Superintendente Nacional de la Superintendencia Nacional de Migraciones es designado por elPresidente de la Rep\u00fablica mediante resoluci\u00f3n suprema, a propuesta del Ministro del Interior, siendo un cargo de confianza.<br \/>\nLa norma lleva la r\u00fabrica del presidente de la Rep\u00fablica, Ollanta Humala Tasso, y del ministro del Interior, Jos\u00e9 Luis P\u00e9rez Guadalupe.<br \/>\nLa noticia fue recibida y celebrada por nuestros participantes en el Diplomado de Alta Especializaci\u00f3n en Administraci\u00f3n y Gesti\u00f3n P\u00fablica de Gobiernos Locales y Regionaleseste s\u00e1bado 28 de marzo.<br \/>\nFuente: Andina<\/p>\n","protected":false},"excerpt":{"rendered":"<div class=\"mh-excerpt\"><p>La norma que crea la Superintendencia Nacional de Migraciones establece que el Superintendente Nacional de la Superintendencia Nacional de Migraciones es designado por elPresidente de <a class=\"mh-excerpt-more\" href=\"https:\/\/cietsigubernamental.com\/blog\/curso-taller-ingenieria-de-soporte-tecnico-para-el-siaf-v-15-03-2da-edicion-2015-chiclayo-25\/\" title=\"Gobierno designa nuevo superintendente nacional de Migraciones\">[&#8230;]<\/a><\/p>\n<\/div>","protected":false},"author":1,"featured_media":24,"comment_status":"open","ping_status":"open","sticky":false,"template":"","format":"standard","meta":{"jetpack_post_was_ever_published":false,"_jetpack_newsletter_access":"","_jetpack_dont_email_post_to_subs":false,"_jetpack_newsletter_tier_id":0,"_jetpack_memberships_contains_paywalled_content":false,"_jetpack_memberships_contains_paid_content":false,"footnotes":"","jetpack_publicize_message":"","jetpack_publicize_feature_enabled":true,"jetpack_social_post_already_shared":false,"jetpack_social_options":{"image_generator_settings":{"template":"highway","default_image_id":0,"font":"","enabled":false},"version":2}},"categories":[5],"tags":[],"class_list":["post-25","post","type-post","status-publish","format-standard","has-post-thumbnail","hentry","category-cursos-talleres-cietsi"],"jetpack_publicize_connections":[],"jetpack_featured_media_url":"https:\/\/i0.wp.com\/cietsigubernamental.com\/blog\/wp-content\/uploads\/2015\/07\/CURSO-TALLER-INGENIERIA-DE-SOPORTE-T%C3%89CNICO-PARA-EL-SIAF-V-15.03.jpg?fit=620%2C410&ssl=1","jetpack_sharing_enabled":true,"jetpack_shortlink":"https:\/\/wp.me\/p9RxCY-p","jetpack-related-posts":[],"_links":{"self":[{"href":"https:\/\/cietsigubernamental.com\/blog\/wp-json\/wp\/v2\/posts\/25","targetHints":{"allow":["GET"]}}],"collection":[{"href":"https:\/\/cietsigubernamental.com\/blog\/wp-json\/wp\/v2\/posts"}],"about":[{"href":"https:\/\/cietsigubernamental.com\/blog\/wp-json\/wp\/v2\/types\/post"}],"author":[{"embeddable":true,"href":"https:\/\/cietsigubernamental.com\/blog\/wp-json\/wp\/v2\/users\/1"}],"replies":[{"embeddable":true,"href":"https:\/\/cietsigubernamental.com\/blog\/wp-json\/wp\/v2\/comments?post=25"}],"version-history":[{"count":3,"href":"https:\/\/cietsigubernamental.com\/blog\/wp-json\/wp\/v2\/posts\/25\/revisions"}],"predecessor-version":[{"id":32,"href":"https:\/\/cietsigubernamental.com\/blog\/wp-json\/wp\/v2\/posts\/25\/revisions\/32"}],"wp:featuredmedia":[{"embeddable":true,"href":"https:\/\/cietsigubernamental.com\/blog\/wp-json\/wp\/v2\/media\/24"}],"wp:attachment":[{"href":"https:\/\/cietsigubernamental.com\/blog\/wp-json\/wp\/v2\/media?parent=25"}],"wp:term":[{"taxonomy":"category","embeddable":true,"href":"https:\/\/cietsigubernamental.com\/blog\/wp-json\/wp\/v2\/categories?post=25"},{"taxonomy":"post_tag","embeddable":true,"href":"https:\/\/cietsigubernamental.com\/blog\/wp-json\/wp\/v2\/tags?post=25"}],"curies":[{"name":"wp","href":"https:\/\/api.w.org\/{rel}","templated":true}]}}