{"id":2457,"date":"2024-02-07T21:11:58","date_gmt":"2024-02-07T21:11:58","guid":{"rendered":"https:\/\/cietsigubernamental.com\/blog\/?p=2457"},"modified":"2024-02-07T21:11:59","modified_gmt":"2024-02-07T21:11:59","slug":"seminario-atencion-incidencias-siga-mef","status":"publish","type":"post","link":"https:\/\/cietsigubernamental.com\/blog\/seminario-atencion-incidencias-siga-mef-2457\/","title":{"rendered":"SEMINARIO GRATUITO ATENCI\u00d3N DE INCIDENCIAS EN EL SIGA MEF 2024"},"content":{"rendered":"\n\n\n<p><strong>SEMINARIO GRATUITO ATENCI\u00d3N DE INCIDENCIAS EN EL SIGA MEF<\/strong><\/p>\n<p><strong>MODALIDAD VIRTUAL EN VIVO<\/strong><\/p>\n<p><strong>Fecha:<\/strong>\u00a0s\u00e1bado 10 de febrero de 2024<\/p>\n<p><strong>Hora:<\/strong>\u00a010:00 a.m.<\/p>\n<p><strong>Lugar:<\/strong>\u00a0Transmisi\u00f3n en vivo por Zoom, YouTube y campus virtual<\/p>\n<div class=\"widget-title\">\n<h3>Dirigido<\/h3>\n<\/div>\n<p>+ Profesionales en general que laboren o deseen laborar para el sector p\u00fablico como administradores, economistas, ingenieros, contadores y afines.<\/p>\n<p>+ Estudiantes y p\u00fablico en general que deseen especializarse en el Sistema Integrado de Gesti\u00f3n Administrativa del Ministerio de Econom\u00eda y Finanzas \u00abSIGA MEF\u00bb.<\/p>\n<div class=\"widget-title\">\n<h3>Objetivos<\/h3>\n<\/div>\n<p>Capacitar a los participantes en las mejores pr\u00e1cticas y estrategias para la gesti\u00f3n eficiente de incidencias utilizando el marco de trabajo\u00a0<strong>Siga MEF<\/strong>, brindando comprensi\u00f3n sobre la importancia de las actividades de\u00a0<strong>soporte<\/strong>\u00a0como herramienta de apoyo al usuario del SIGA MEF y el<strong>\u00a0procedimiento de implementaci\u00f3n<\/strong>\u00a0ante la presencia de\u00a0<strong>incidencias<\/strong>\u00a0durante su utilizaci\u00f3n.<\/p>\n<div class=\"widget-title\">\n<h3>Ponente<\/h3>\n<\/div>\n<p><strong>RONALD ALEX VASQUEZ GUERRA<\/strong><\/p>\n<p>Profesional de la Carrera de Sistemas, Promotor del Gobierno Electr\u00f3nico a trav\u00e9s del uso intensivo de las Tecnolog\u00edas de Informaci\u00f3n y Comunicaci\u00f3n (TIC) como soporte a los procesos de planificaci\u00f3n, producci\u00f3n y gesti\u00f3n en toda Entidad permitiendo a su vez consolidar propuestas de gobierno abierto.\u00a0<\/p>\n<p>Con m\u00e1s de 10 a\u00f1os de experiencia en el sector p\u00fablico en lo relacionado al Proceso Presupuestario, Proceso Log\u00edstico, Procesos Inform\u00e1ticos e implantador del Sistema Integrado de Gesti\u00f3n Administrativa \u2013 SIGA, Sistema de Personal \u2013 SISPER, manejo y conocimiento a nivel t\u00e9cnico del SIAF &#8211; SP.<\/p>\n<p>Ha laborado en distintos sectores como: Educaci\u00f3n, Relaciones Exteriores, Procesos Electorales, Transportes y Comunicaciones, actualmente se desempe\u00f1\u00f3 como Coordinador de Soluciones de Tecnolog\u00edas de la Informaci\u00f3n.<\/p>\n<p>Capacitador a nivel nacional a funcionarios de Entidades P\u00fablicas de los diversos \u00e1mbitos Nacional, Regional y Local en la correcta utilizaci\u00f3n del Sistema Integrado de Gesti\u00f3n Administrativa &#8211; SIGA a todo nivel, con una perspectiva orientada a Procesos, actualmente docente en el Centro de Extensi\u00f3n Universitaria y Proyecci\u00f3n Social &#8211; CEUPS de la Facultad de Ciencias Contables de la Universidad Nacional Mayor de San Marcos, Instituto San Ignacio de Loyola y Escuela ADEX.<\/p>\n<p><strong>PARA PARTICIPAR DEL SEMINARIO:<\/strong><\/p>\n<p>+ Reg\u00edstrate aqu\u00ed:\u00a0<a href=\"https:\/\/docs.google.com\/forms\/d\/e\/1FAIpQLSdPvtl_ydmledI0JXEWh74NXaIsufa0ZYVjqHummzmfRCECmw\/viewform\" target=\"_blank\" rel=\"noopener\">https:\/\/bit.ly\/sisiga<\/a><\/p>\n<p>+ En caso no puedas registrarte, puedes enviarnos tus datos al Celular\/WhatsApp: 956272261 (<a href=\"https:\/\/api.whatsapp.com\/send?phone=51956272261&amp;text=Hola%20Cietsi,%20deseo%20participar%20del%20Seminario%20Gratuito%20Atenci%C3%B3n%20de%20Incidencias%20en%20el%20SIGA%20MEF\" target=\"_blank\" rel=\"noopener\">https:\/\/bit.ly\/sisigawsp<\/a>)<\/p>\n<p>En este evento brindaremos promociones exclusivas para participar del Diplomado de especializaci\u00f3n en los Sistemas Gubernamentales de Gesti\u00f3n P\u00fablica: SIAF SIGA SEACE 2024.<\/p>\n<p><strong>CERTIFICACI\u00d3N OPCIONAL:<\/strong>\u00a0S\/ 30 soles, a nombre del Centro de Altos Estudios Cietsi.<\/p>\n<p><strong>Importante:<\/strong><\/p>\n<p>+ El certificado es f\u00edsico y digital con c\u00f3digo QR, que podr\u00e1 validarse a nivel nacional e internacional en nuestra web:\u00a0<a href=\"https:\/\/www.cietsiperu.com\/validar\/\" target=\"_blank\" rel=\"noopener\">https:\/\/www.cietsiperu.com\/validar\/<\/a><\/p>\n<p>+ El certificado digital se env\u00eda por correo electr\u00f3nico y en f\u00edsico lo puede recoger en nuestra sede Chiclayo: Calle Manuel Mar\u00eda Izaga 967.<\/p>\n<p>+ Solicitar informaci\u00f3n en caso desee certificarse a nombre del Colegio de Ingenieros del Per\u00fa CD Piura o el Colegio de Licenciados en Administraci\u00f3n Regi\u00f3n Lambayque.<\/p>\n<p><em><strong>\u00a1\u00a1Edici\u00f3n exclusiva 2024!!<\/strong><\/em><\/p>\n","protected":false},"excerpt":{"rendered":"<div class=\"mh-excerpt\"><p>SEMINARIO GRATUITO ATENCI\u00d3N DE INCIDENCIAS EN EL SIGA MEF MODALIDAD VIRTUAL EN VIVO Fecha:\u00a0s\u00e1bado 10 de febrero de 2024 Hora:\u00a010:00 a.m. Lugar:\u00a0Transmisi\u00f3n en vivo por <a class=\"mh-excerpt-more\" href=\"https:\/\/cietsigubernamental.com\/blog\/seminario-atencion-incidencias-siga-mef-2457\/\" title=\"SEMINARIO GRATUITO ATENCI\u00d3N DE INCIDENCIAS EN EL SIGA MEF 2024\">[&#8230;]<\/a><\/p>\n<\/div>","protected":false},"author":1,"featured_media":2458,"comment_status":"open","ping_status":"open","sticky":false,"template":"","format":"standard","meta":{"jetpack_post_was_ever_published":false,"_jetpack_newsletter_access":"","_jetpack_dont_email_post_to_subs":false,"_jetpack_newsletter_tier_id":0,"_jetpack_memberships_contains_paywalled_content":false,"_jetpack_memberships_contains_paid_content":false,"footnotes":"","jetpack_publicize_message":"","jetpack_publicize_feature_enabled":true,"jetpack_social_post_already_shared":true,"jetpack_social_options":{"image_generator_settings":{"template":"highway","default_image_id":0,"font":"","enabled":false},"version":2}},"categories":[2,5,59,71,24,70,69,1,12],"tags":[],"class_list":["post-2457","post","type-post","status-publish","format-standard","has-post-thumbnail","hentry","category-actualidad","category-cursos-talleres-cietsi","category-cursos-talleres-gratuitos","category-diplomados","category-gestion-publica","category-gubernamental","category-ingenierias","category-sin-categoria","category-tecnologias"],"jetpack_publicize_connections":[],"jetpack_featured_media_url":"https:\/\/i0.wp.com\/cietsigubernamental.com\/blog\/wp-content\/uploads\/2024\/02\/SEMINARIO-SIGA-MEF-INCIDENCIAS-2024-2.jpg?fit=1182%2C588&ssl=1","jetpack_sharing_enabled":true,"jetpack_shortlink":"https:\/\/wp.me\/p9RxCY-DD","jetpack-related-posts":[],"_links":{"self":[{"href":"https:\/\/cietsigubernamental.com\/blog\/wp-json\/wp\/v2\/posts\/2457","targetHints":{"allow":["GET"]}}],"collection":[{"href":"https:\/\/cietsigubernamental.com\/blog\/wp-json\/wp\/v2\/posts"}],"about":[{"href":"https:\/\/cietsigubernamental.com\/blog\/wp-json\/wp\/v2\/types\/post"}],"author":[{"embeddable":true,"href":"https:\/\/cietsigubernamental.com\/blog\/wp-json\/wp\/v2\/users\/1"}],"replies":[{"embeddable":true,"href":"https:\/\/cietsigubernamental.com\/blog\/wp-json\/wp\/v2\/comments?post=2457"}],"version-history":[{"count":1,"href":"https:\/\/cietsigubernamental.com\/blog\/wp-json\/wp\/v2\/posts\/2457\/revisions"}],"predecessor-version":[{"id":2459,"href":"https:\/\/cietsigubernamental.com\/blog\/wp-json\/wp\/v2\/posts\/2457\/revisions\/2459"}],"wp:featuredmedia":[{"embeddable":true,"href":"https:\/\/cietsigubernamental.com\/blog\/wp-json\/wp\/v2\/media\/2458"}],"wp:attachment":[{"href":"https:\/\/cietsigubernamental.com\/blog\/wp-json\/wp\/v2\/media?parent=2457"}],"wp:term":[{"taxonomy":"category","embeddable":true,"href":"https:\/\/cietsigubernamental.com\/blog\/wp-json\/wp\/v2\/categories?post=2457"},{"taxonomy":"post_tag","embeddable":true,"href":"https:\/\/cietsigubernamental.com\/blog\/wp-json\/wp\/v2\/tags?post=2457"}],"curies":[{"name":"wp","href":"https:\/\/api.w.org\/{rel}","templated":true}]}}