{"id":241,"date":"2016-01-09T21:20:39","date_gmt":"2016-01-09T21:20:39","guid":{"rendered":"http:\/\/cietsigubernamental.com\/blog\/?p=241"},"modified":"2016-01-09T21:20:39","modified_gmt":"2016-01-09T21:20:39","slug":"afp-ejecutivo-observo-proyecto-que-permite-retiro-de-fondos-a-los-65-anos","status":"publish","type":"post","link":"https:\/\/cietsigubernamental.com\/blog\/afp-ejecutivo-observo-proyecto-que-permite-retiro-de-fondos-a-los-65-anos-241\/","title":{"rendered":"AFP: Ejecutivo observ\u00f3 proyecto que permite retiro de fondos a los 65 a\u00f1os"},"content":{"rendered":"<p>El gobierno\u00a0decidi\u00f3 observar la aut\u00f3grafa de la ley aprobada por el Congreso que permite a los afiliados de las <strong>AFP<\/strong> retirar hasta el 95.5% de sus fondos a la edad de jubilaci\u00f3n.<\/p>\n<p>El Poder Ejecutivo\u00a0esper\u00f3 hasta el \u00faltimo d\u00eda del plazo que le otorga la ley\u00a0para hacer oficial su decisi\u00f3n, que ya hab\u00eda sido adelantada por el ministro de Econom\u00eda, Alonso Segura, el 30 de diciembre.\u00a0Aquella vez, Segura hab\u00eda dicho que la decisi\u00f3n del Congreso hab\u00eda sido apresurada\u00a0y que, de todas maneras, se observar\u00eda el proyecto.<\/p>\n<p>El documento de 23 p\u00e1ginas, enviado por el presidente Ollanta Humala al titular del Congreso, Luis Iberico, se\u00f1ala que la norma es antit\u00e9cnica, inconstitucional e implicar\u00eda el incumplimiento de tratados internacionales sobre derechos humanos ratificados por el Per\u00fa. Adem\u00e1s, dice que se generar\u00eda un perjuicio al afiliado, al trasladarle el riesgo de longevidad y el riesgo de retorno.<\/p>\n<p>\u201cEl art\u00edculo 10 de la Constituci\u00f3n reconoce el derecho universal y progresivo de toda persona a la seguridad social [\u2026] Tambi\u00e9n el art\u00edculo 12 se\u00f1ala que los fondos de la seguridad social son intangibles. Asimismo, el Tribunal Constitucional ha pronunciado que la pensi\u00f3n se recibe a trav\u00e9s de un monto de pago peri\u00f3dico\u201d, agrega.<\/p>\n<p>El 11 de noviembre del a\u00f1o pasado, la Comisi\u00f3n de Econom\u00eda del Congreso\u00a0hab\u00eda aprobado el proyecto\u00a0de libre disponibilidad de los fondos, eliminando la salvedad inicial que permit\u00eda el retiro s\u00f3lo si \u00e9stos eran menores a S\/.30,000. El 4 de diciembre, el Pleno del Congreso ratific\u00f3 esa decisi\u00f3n para todos los afiliados de las <strong>AFP<\/strong>.<\/p>\n<p>El congresista Yonhy Lescano anunci\u00f3 en su cuenta de Twitter que el lunes las bancadas del Congreso solicitar\u00e1n una sesi\u00f3n extra del Pleno para que la norma sea aprobada por insistencia.<\/p>\n<blockquote class=\"twitter-tweet\" lang=\"es\">\n<p dir=\"ltr\" lang=\"es\">Gobierno observo devoluci\u00f3n del 95.5% aportes de <a href=\"https:\/\/twitter.com\/hashtag\/AFP?src=hash\">#AFP<\/a>. Lunes bancadas pedir\u00e1n pleno extra para insistir en ley<\/p>\n<p>\u2014 Yonhy Lescano (@yonhy_lescano) <a href=\"https:\/\/twitter.com\/yonhy_lescano\/status\/685610795355496449\">enero 8, 2016<\/a><\/p><\/blockquote>\n<p>Fuente: <a href=\"http:\/\/semanaeconomica.com\/article\/mercados-y-finanzas\/previsional\/176851-afp-ejecutivo-observo-proyecto-que-permite-retiro-de-fondos-a-los-65-anos\/\" target=\"_blank\">Semana Economica<\/a><\/p>\n","protected":false},"excerpt":{"rendered":"<div class=\"mh-excerpt\"><p>El gobierno\u00a0decidi\u00f3 observar la aut\u00f3grafa de la ley aprobada por el Congreso que permite a los afiliados de las AFP retirar hasta el 95.5% de <a class=\"mh-excerpt-more\" href=\"https:\/\/cietsigubernamental.com\/blog\/afp-ejecutivo-observo-proyecto-que-permite-retiro-de-fondos-a-los-65-anos-241\/\" title=\"AFP: Ejecutivo observ\u00f3 proyecto que permite retiro de fondos a los 65 a\u00f1os\">[&#8230;]<\/a><\/p>\n<\/div>","protected":false},"author":1,"featured_media":242,"comment_status":"open","ping_status":"open","sticky":false,"template":"","format":"standard","meta":{"jetpack_post_was_ever_published":false,"_jetpack_newsletter_access":"","_jetpack_dont_email_post_to_subs":false,"_jetpack_newsletter_tier_id":0,"_jetpack_memberships_contains_paywalled_content":false,"_jetpack_memberships_contains_paid_content":false,"footnotes":"","jetpack_publicize_message":"","jetpack_publicize_feature_enabled":true,"jetpack_social_post_already_shared":false,"jetpack_social_options":{"image_generator_settings":{"template":"highway","default_image_id":0,"font":"","enabled":false},"version":2}},"categories":[2],"tags":[],"class_list":["post-241","post","type-post","status-publish","format-standard","has-post-thumbnail","hentry","category-actualidad"],"jetpack_publicize_connections":[],"jetpack_featured_media_url":"https:\/\/i0.wp.com\/cietsigubernamental.com\/blog\/wp-content\/uploads\/2016\/01\/retiro-fondos-afp.jpg?fit=733%2C413&ssl=1","jetpack_sharing_enabled":true,"jetpack_shortlink":"https:\/\/wp.me\/p9RxCY-3T","jetpack-related-posts":[],"_links":{"self":[{"href":"https:\/\/cietsigubernamental.com\/blog\/wp-json\/wp\/v2\/posts\/241","targetHints":{"allow":["GET"]}}],"collection":[{"href":"https:\/\/cietsigubernamental.com\/blog\/wp-json\/wp\/v2\/posts"}],"about":[{"href":"https:\/\/cietsigubernamental.com\/blog\/wp-json\/wp\/v2\/types\/post"}],"author":[{"embeddable":true,"href":"https:\/\/cietsigubernamental.com\/blog\/wp-json\/wp\/v2\/users\/1"}],"replies":[{"embeddable":true,"href":"https:\/\/cietsigubernamental.com\/blog\/wp-json\/wp\/v2\/comments?post=241"}],"version-history":[{"count":2,"href":"https:\/\/cietsigubernamental.com\/blog\/wp-json\/wp\/v2\/posts\/241\/revisions"}],"predecessor-version":[{"id":244,"href":"https:\/\/cietsigubernamental.com\/blog\/wp-json\/wp\/v2\/posts\/241\/revisions\/244"}],"wp:featuredmedia":[{"embeddable":true,"href":"https:\/\/cietsigubernamental.com\/blog\/wp-json\/wp\/v2\/media\/242"}],"wp:attachment":[{"href":"https:\/\/cietsigubernamental.com\/blog\/wp-json\/wp\/v2\/media?parent=241"}],"wp:term":[{"taxonomy":"category","embeddable":true,"href":"https:\/\/cietsigubernamental.com\/blog\/wp-json\/wp\/v2\/categories?post=241"},{"taxonomy":"post_tag","embeddable":true,"href":"https:\/\/cietsigubernamental.com\/blog\/wp-json\/wp\/v2\/tags?post=241"}],"curies":[{"name":"wp","href":"https:\/\/api.w.org\/{rel}","templated":true}]}}