{"id":2387,"date":"2023-12-04T18:16:07","date_gmt":"2023-12-04T18:16:07","guid":{"rendered":"https:\/\/cietsigubernamental.com\/blog\/?p=2387"},"modified":"2025-08-13T18:17:23","modified_gmt":"2025-08-13T18:17:23","slug":"curso-gratuito-sistema-de-gestion-de-recursos-humanos-y-los-regimenes-laborales-2023","status":"publish","type":"post","link":"https:\/\/cietsigubernamental.com\/blog\/curso-gratuito-sistema-de-gestion-de-recursos-humanos-y-los-regimenes-laborales-2023-2387\/","title":{"rendered":"CURSO GRATUITO SISTEMA DE GESTI\u00d3N DE RECURSOS HUMANOS Y LOS REG\u00cdMENES LABORALES 2023"},"content":{"rendered":"\n\n\n<p style=\"text-align: center;\"><strong>CURSO ESPECIALIZADO SISTEMA DE GESTI\u00d3N DE RECURSOS HUMANOS Y LOS REG\u00cdMENES LABORALES<\/strong><\/p>\n<p><strong>MODALIDAD VIRTUAL ONLINE<\/strong><\/p>\n<p><strong>Fechas:<\/strong>\u00a04 y 6 de diciembre de 2023<\/p>\n<p><strong>Horario:<\/strong>\u00a07:00 p.m. a 9:00 p.m.<\/p>\n<p><strong>Lugar:<\/strong>\u00a0Transmisi\u00f3n en vivo por YouTube<\/p>\n<p><strong>PARA PARTICIPAR DEL CURSO:<\/strong><\/p>\n<p>+ Reg\u00edstrate aqu\u00ed:\u00a0<a href=\"https:\/\/docs.google.com\/forms\/d\/e\/1FAIpQLSf9WY89a3c3OMzYmQVLS1ZjiR1Be91hMJTQ4m9j2j6QfAltdQ\/viewform\" target=\"_blank\" rel=\"noopener\">https:\/\/bit.ly\/CGRRHH<\/a><\/p>\n<p>+ En caso no puedas registrarte, puedes contactarnos al Celular\/WhatsApp: 956272261 (<a href=\"https:\/\/api.whatsapp.com\/send?phone=51956272261&amp;text=Hola%20Cietsi,%20deseo%20informaci%C3%B3n%20del%20Curso%20Sistema%20de%20Gesti%C3%B3n%20de%20Recursos%20Humanos%20y%20los%20Reg%C3%ADmenes%20Laborales\" target=\"_blank\" rel=\"noopener\">https:\/\/bit.ly\/CRRHHwsp<\/a>)<\/p>\n<div class=\"widget-title\">\n<h3><i class=\"fa fa-laptop\"><\/i>Dirigido<\/h3>\n<\/div>\n<p>Profesionales del \u00e1rea de recursos humanos, gesti\u00f3n de personal, empleadores, emprendedores y cualquier persona interesada en comprender y mejorar la gesti\u00f3n de los recursos humanos en el \u00e1mbito laboral.<\/p>\n<div class=\"widget-title\">\n<h3>Objetivos<\/h3>\n<\/div>\n<p>+ Comprender los conceptos de la gesti\u00f3n por competencias y la relaci\u00f3n con el desempe\u00f1o de las personas, con \u00e9nfasis en la necesidad de vincular los comportamientos asociados a los niveles de competencias.<\/p>\n<div class=\"widget-title\">\n<h3>Temario<\/h3>\n<\/div>\n<p>+ Sistema Administrativo de Recursos Humanos y la Autoridad Nacional de Servicio Civil.<\/p>\n<p>+ Derechos y obligaciones del personal del servicio civil, as\u00ed como los derechos colectivos del servidor civil.<\/p>\n<p>+ Reg\u00edmenes laborales de car\u00e1cter general en la administraci\u00f3n p\u00fablica y las carreras especiales.<\/p>\n<p>+ Modalidades contractuales en las entidades de la administraci\u00f3n p\u00fablica.<\/p>\n<p>+ Faltas de car\u00e1cter disciplinario, sanciones aplicables y el procedimiento administrativo disciplinario.<\/p>\n<p>+ Teletrabajo.<\/p>\n<div class=\"widget-title\">\n<h3>Ponente<\/h3>\n<\/div>\n<p><strong>MG. ING. CARLOS C\u00c1RDENAS VALDIVIA<\/strong><\/p>\n<p><strong><img data-recalc-dims=\"1\" decoding=\"async\" src=\"https:\/\/i0.wp.com\/cietsiperu.com\/images\/paginas\/web\/Ing._Carlos_A_._C%C3%A1rdenas_Valdivia_.jpg?ssl=1\" alt=\"\" \/><\/strong><\/p>\n<p>M\u00e1ster en Gesti\u00f3n P\u00fablica por la EUCIM Business School. Ingeniero de sistemas por la Universidad Cat\u00f3lica de Santa Mar\u00eda, 20 a\u00f1os de experiencia profesional en gesti\u00f3n de recursos humanos y modernizaci\u00f3n del Estado. Diplomaturas en Gesti\u00f3n del Talento Humano \u2013 ESAN y Gesti\u00f3n de Proyectos en la UNMSM. Certificado como PMP por el PMI y como especialista en procesos OCEB por el OMG.\u00a0<\/p>\n<p>Actualmente se desempe\u00f1a como especialista de monitoreo y evaluaci\u00f3n en la Autoridad Nacional del Servicio Civil \u2013 SERVIR.<\/p>\n<p><strong>CERTIFICACI\u00d3N OPCIONAL: S\/ 50 Soles<\/strong>\u00a0(Promoci\u00f3n valida hasta el 6\/12\/2023, luego costar\u00e1 S\/ 99 Soles)<\/p>\n<p><em><strong>Beneficios incluidos para los que se certifiquen:<\/strong><\/em><\/p>\n<p>+ Certificado f\u00edsico y digital con c\u00f3digo QR a nombre del Centro de Altos Estudios Cietsi por 40 horas acad\u00e9micas, equivalente a 2.5 cr\u00e9ditos que podr\u00e1 validarse a nivel nacional e internacional en nuestra web:\u00a0<a href=\"https:\/\/www.cietsiperu.com\/validar\/\" target=\"_blank\" rel=\"noopener\">https:\/\/www.cietsiperu.com\/validar\/<\/a><\/p>\n<p>+ Acceso a la clase por Zoom y YouTube.<\/p>\n<p>+ Podr\u00e1s interactuar directamente con el ponente y tendr\u00e1s acceso ilimitado al material y a las grabaciones del curso a trav\u00e9s de nuestro campus virtual con la opci\u00f3n a descargar las clases.<\/p>\n<p>+ Si eres estudiante del Diplomado en Gesti\u00f3n P\u00fablica el costo del certificado es de S\/ 30 Soles.<\/p>\n<p>+ El certificado digital se env\u00eda por correo electr\u00f3nico y en f\u00edsico lo puede recoger en nuestra sede Chiclayo: Ca. Manuel Mar\u00eda Izaga 967 (Ref. Altura con Av. S\u00e1enz Pe\u00f1a).<\/p>\n<p>+ Solicitar informaci\u00f3n en caso desee certificarse a nombre del Colegio de Licenciados en Administraci\u00f3n Regi\u00f3n Lambayeque.<\/p>\n<p><strong>PROFONDOS:\u00a0<\/strong><\/p>\n<p><strong>CHOCOLATADA NAVIDE\u00d1A Y CANASTAS DE V\u00cdVERES EN A.H. NUEVO JAYANCA, JAYANCA, LAMBAYEQUE, PER\u00da<\/strong><\/p>\n<p><strong>\u00bfDeseas colaborar en la proyecci\u00f3n social?<\/strong><\/p>\n<p>+ Est\u00e1s colaborando al certificarte en el seminario.<\/p>\n<p>+ En caso no desees certificarte tambi\u00e9n puedes contribuir de forma voluntaria en nuestra actividad social (Donando juguetes, v\u00edveres no perecibles o con tu talento para el show infantil), puedes comunicarte por interno con nuestro equipo: 956272261, 074-637020, Calle Manuel Mar\u00eda Izaga, 967, Chiclayo.<\/p>\n<p><strong>PARA SOLICITAR LA CERTIFICACI\u00d3N:<\/strong><\/p>\n<p>+ Mediante agente o transferencia bancaria:\u00a0<a href=\"https:\/\/cietsiperu.com\/forma-de-pago\" target=\"_blank\" rel=\"noopener\">https:\/\/cietsiperu.com\/forma-de-pago<\/a><\/p>\n<p>+ Tambi\u00e9n por Yape y Plin (956272261, 968059963), PayU y PayPal: informes@cietsiperu.com<\/p>\n<p>Una vez realizado el pago comunicarse con nosotros enviando un email a informes@cietsiperu.com o al WhatsApp: 956272261 o 968059963, con los siguientes datos (nombres completos, DNI, tel\u00e9fono\/celular, como asunto: CERTIFICADO CURSO SISTEMA DE GESTI\u00d3N DE RECURSOS HUMANOS Y LOS REG\u00cdMENES LABORALES), adjuntando el comprobante de pago, luego de validar nos comunicaremos con usted a la brevedad.<\/p>\n<p><em><strong>\u00a1TE BRINDAMOS LA FACILIDAD DE INTEGRARTE AL\u00a0<a href=\"https:\/\/cietsiperu.com\/diplomado\/114\/diplomado-de-especializaciOn-en-gestiOn-pUblica-2023\" target=\"_blank\" rel=\"noopener\">DIPLOMADO DE ESPECIALIZACI\u00d3N EN GESTI\u00d3N P\u00daBLICA<\/a>!<\/strong><\/em><\/p>\n<p><em><strong>\u00a1\u00a1APRENDIZAJE 100% GARANTIZADO!!<\/strong><\/em><\/p>\n","protected":false},"excerpt":{"rendered":"<div class=\"mh-excerpt\"><p>CURSO ESPECIALIZADO SISTEMA DE GESTI\u00d3N DE RECURSOS HUMANOS Y LOS REG\u00cdMENES LABORALES MODALIDAD VIRTUAL ONLINE Fechas:\u00a04 y 6 de diciembre de 2023 Horario:\u00a07:00 p.m. a <a class=\"mh-excerpt-more\" href=\"https:\/\/cietsigubernamental.com\/blog\/curso-gratuito-sistema-de-gestion-de-recursos-humanos-y-los-regimenes-laborales-2023-2387\/\" title=\"CURSO GRATUITO SISTEMA DE GESTI\u00d3N DE RECURSOS HUMANOS Y LOS REG\u00cdMENES LABORALES 2023\">[&#8230;]<\/a><\/p>\n<\/div>","protected":false},"author":1,"featured_media":2388,"comment_status":"open","ping_status":"open","sticky":false,"template":"","format":"standard","meta":{"jetpack_post_was_ever_published":false,"_jetpack_newsletter_access":"","_jetpack_dont_email_post_to_subs":false,"_jetpack_newsletter_tier_id":0,"_jetpack_memberships_contains_paywalled_content":false,"_jetpack_memberships_contains_paid_content":false,"footnotes":"","jetpack_publicize_message":"","jetpack_publicize_feature_enabled":true,"jetpack_social_post_already_shared":true,"jetpack_social_options":{"image_generator_settings":{"template":"highway","default_image_id":0,"font":"","enabled":false},"version":2}},"categories":[2,5,59,71,24,70,69,1,12],"tags":[1155,1145,1150,1157,1149,1144,1152,1146,594,1148,1142,608,1153,1154,1156,1143,1151,1158,1147],"class_list":["post-2387","post","type-post","status-publish","format-standard","has-post-thumbnail","hentry","category-actualidad","category-cursos-talleres-cietsi","category-cursos-talleres-gratuitos","category-diplomados","category-gestion-publica","category-gubernamental","category-ingenierias","category-sin-categoria","category-tecnologias","tag-administracion-de-rrhh","tag-administracion-laboral-2023","tag-capacitacion-gratis-gestion-de-recursos-humanos","tag-capacitacion-laboral-gratuita","tag-contratacion-publica-y-privada","tag-curso-gratis-gestion-de-personal","tag-curso-gratis-relaciones-laborales","tag-curso-gratuito-recursos-humanos","tag-derechos-y-deberes-laborales","tag-gestion-de-nominas","tag-gestion-de-personal","tag-gestion-del-talento-humano","tag-legislacion-laboral-peruana","tag-leyes-laborales-2023","tag-manejo-de-planillas","tag-marco-legal-laboral","tag-normativa-laboral-peruana","tag-recursos-humanos-sector-publico","tag-regimenes-laborales"],"jetpack_publicize_connections":[],"jetpack_featured_media_url":"https:\/\/i0.wp.com\/cietsigubernamental.com\/blog\/wp-content\/uploads\/2023\/12\/CURSO-SISTEMA-DE-GESTION-DE-RECURSOS-HUMANOS-2023-2.jpg?fit=954%2C539&ssl=1","jetpack_sharing_enabled":true,"jetpack_shortlink":"https:\/\/wp.me\/p9RxCY-Cv","jetpack-related-posts":[],"_links":{"self":[{"href":"https:\/\/cietsigubernamental.com\/blog\/wp-json\/wp\/v2\/posts\/2387","targetHints":{"allow":["GET"]}}],"collection":[{"href":"https:\/\/cietsigubernamental.com\/blog\/wp-json\/wp\/v2\/posts"}],"about":[{"href":"https:\/\/cietsigubernamental.com\/blog\/wp-json\/wp\/v2\/types\/post"}],"author":[{"embeddable":true,"href":"https:\/\/cietsigubernamental.com\/blog\/wp-json\/wp\/v2\/users\/1"}],"replies":[{"embeddable":true,"href":"https:\/\/cietsigubernamental.com\/blog\/wp-json\/wp\/v2\/comments?post=2387"}],"version-history":[{"count":1,"href":"https:\/\/cietsigubernamental.com\/blog\/wp-json\/wp\/v2\/posts\/2387\/revisions"}],"predecessor-version":[{"id":2389,"href":"https:\/\/cietsigubernamental.com\/blog\/wp-json\/wp\/v2\/posts\/2387\/revisions\/2389"}],"wp:featuredmedia":[{"embeddable":true,"href":"https:\/\/cietsigubernamental.com\/blog\/wp-json\/wp\/v2\/media\/2388"}],"wp:attachment":[{"href":"https:\/\/cietsigubernamental.com\/blog\/wp-json\/wp\/v2\/media?parent=2387"}],"wp:term":[{"taxonomy":"category","embeddable":true,"href":"https:\/\/cietsigubernamental.com\/blog\/wp-json\/wp\/v2\/categories?post=2387"},{"taxonomy":"post_tag","embeddable":true,"href":"https:\/\/cietsigubernamental.com\/blog\/wp-json\/wp\/v2\/tags?post=2387"}],"curies":[{"name":"wp","href":"https:\/\/api.w.org\/{rel}","templated":true}]}}