{"id":2328,"date":"2023-10-06T17:04:36","date_gmt":"2023-10-06T17:04:36","guid":{"rendered":"https:\/\/cietsigubernamental.com\/blog\/?p=2328"},"modified":"2023-10-06T17:04:37","modified_gmt":"2023-10-06T17:04:37","slug":"curso-dimensionamiento-de-ductos-de-aire-acondicionado-y-ventilacion","status":"publish","type":"post","link":"https:\/\/cietsigubernamental.com\/blog\/curso-dimensionamiento-de-ductos-de-aire-acondicionado-y-ventilacion-2328\/","title":{"rendered":"CURSO DE ESPECIALIZACI\u00d3N DIMENSIONAMIENTO DE DUCTOS DE AIRE ACONDICIONADO Y VENTILACI\u00d3N 2023"},"content":{"rendered":"\n\n\n<p><strong>CURSO DE ESPECIALIZACI\u00d3N DIMENSIONAMIENTO DE DUCTOS DE AIRE ACONDICIONADO Y VENTILACI\u00d3N<\/strong><\/p>\n<p><strong>MODALIDAD VIRTUAL ONLINE A NIVEL NACIONAL E INTERNACIONAL<\/strong><\/p>\n<p><strong>Inicio:<\/strong>\u00a04 de noviembre de 2023<\/p>\n<p><strong>Horario:<\/strong>\u00a0s\u00e1bados de 3:30 p.m. a 7:00 p.m.<\/p>\n<p><strong>Duraci\u00f3n:<\/strong>\u00a05 semanas (4, 11, 18, 25 noviembre y 2 de diciembre de 2023)<\/p>\n<p><strong>Lugar:<\/strong>\u00a0Zoom y campus virtual Cietsi:\u00a0<a href=\"https:\/\/institutocietsi.com\/\" target=\"_blank\" rel=\"noopener\">https:\/\/institutocietsi.com<\/a><\/p>\n<p>Las clases se transmiten en tiempo real, brind\u00e1ndote la oportunidad de interactuar directamente con el ponente. Adem\u00e1s, tendr\u00e1s acceso ilimitado al material y a las grabaciones del curso a trav\u00e9s de nuestro campus virtual con la opci\u00f3n a descargar todas las clases.<\/p>\n<div class=\"widget-title\">\n<h3>Dirigido<\/h3>\n<\/div>\n<p>+ T\u00e9cnicos e ingenieros mec\u00e1nicos, bachilleres de ingenier\u00eda y estudiantes de \u00faltimos ciclos de ingenier\u00eda mec\u00e1nica.<\/p>\n<p>+ Profesionales y p\u00fablico en general interesado en profundizar conocimientos en aire acondicionado y ventilaci\u00f3n.<\/p>\n<div class=\"widget-title\">\n<h3>Objetivos<\/h3>\n<\/div>\n<p><strong>El presente Curso tiene por objetivos:<\/strong><\/p>\n<p>+ Aplicar criterios de dise\u00f1o de conductos.<\/p>\n<p>+ Comprender la teor\u00eda y los fundamentos.<\/p>\n<p>+ Utilizar los pasos del proceso de dise\u00f1o de conductos.<\/p>\n<p>+ Tama\u00f1o de conductos con una tabla o calculadora de fricci\u00f3n o ductulador.<\/p>\n<p>+ Aplicaci\u00f3n de un ejemplo de fricci\u00f3n igual.<\/p>\n<div class=\"widget-title\">\n<h3>Temario<\/h3>\n<\/div>\n<p><strong>Sesi\u00f3n 1 &#8211; 2<\/strong><\/p>\n<p>+ Criterios de dise\u00f1o.\u00a0<\/p>\n<p>+ Teor\u00eda y fundamentos.<\/p>\n<p>+ Clasificaci\u00f3n de la plancha seg\u00fan el tipo de instalaci\u00f3n.<\/p>\n<p>+ Armados de ductos seg\u00fan la SMACNA.<\/p>\n<p>+ M\u00e9todo de c\u00e1lculo del # de renovaciones.<\/p>\n<p><strong>Sesi\u00f3n 3 &#8211; 4<\/strong><\/p>\n<p>+ M\u00e9todo de c\u00e1lculo de ca\u00edda de presi\u00f3n est\u00e1tica.<\/p>\n<p>+ Calculo y Selecci\u00f3n de ventiladores con uso de software.<\/p>\n<p>+ M\u00e9todo de C\u00e1lculo de rejillas y difusores.<\/p>\n<p>+ Distribuci\u00f3n de ductos de aire.<\/p>\n<p>+ Proceso de dise\u00f1o y designaci\u00f3n de la ruta cr\u00edtica.<\/p>\n<p><strong>Sesi\u00f3n 5 &#8211; 6<\/strong><\/p>\n<p>+ C\u00e1lculo y selecci\u00f3n de rejillas y difusores (Ejemplo Pr\u00e1ctico).<\/p>\n<p>+ C\u00e1lculo de Ca\u00edda de presi\u00f3n en ductos. (Ejemplo Pr\u00e1ctico).<\/p>\n<p>+ C\u00e1lculo de sistema de Extracci\u00f3n (Ejemplo de Ba\u00f1os de un Centro Comercial).<\/p>\n<p>+ C\u00e1lculo de sistema de extracci\u00f3n e inyecci\u00f3n (Ejemplo de Cuarto de Bombas).<\/p>\n<p>+ C\u00e1lculo de sistema de inyecci\u00f3n y extracci\u00f3n de aire (Ejemplo de Subestaci\u00f3n El\u00e9ctrica de 1 MVA).<\/p>\n<p><strong>Sesi\u00f3n 7 &#8211; 8<\/strong><\/p>\n<p>+ C\u00e1lculo de sistema inyecci\u00f3n y extracci\u00f3n en cocina (Ejemplo de Cocina Industrial).<\/p>\n<p>+ C\u00e1lculo de filtro de aire para inyecci\u00f3n de aire para equipos de presurizaci\u00f3n.<\/p>\n<p>+ C\u00e1lculo de peso y aislamiento en ductos de aire acondicionado y ventilaci\u00f3n (Ejemplos pr\u00e1cticos).<\/p>\n<p>+ Tipo de ventiladores.<\/p>\n<p>+ Ley de semejanzas de ventiladores.<\/p>\n<p><strong>Sesi\u00f3n 9 &#8211; 10<\/strong><\/p>\n<p>+ Configuraci\u00f3n de equipos seg\u00fan la AMCA.<\/p>\n<p>+ Lectura e interpretaci\u00f3n de la curva de operaci\u00f3n de ventiladores.<\/p>\n<p>+ Utilizaci\u00f3n de software para la selecci\u00f3n de ventiladores.<\/p>\n<p>+ Trabajo 1 y Trabajo 2.<\/p>\n<p>+ Examen Final.<\/p>\n<div class=\"widget-title\">\n<h3>Ponente<\/h3>\n<\/div>\n<p><strong>ING. CIP ALAN ABRAHAM SARAVIA CUEVA<\/strong><\/p>\n<p><strong>1.Formaci\u00f3n<\/strong><\/p>\n<p>-Ing. Mec\u00e1nico Electricista por la Universidad Nacional Pedro Ruiz Gallo.<\/p>\n<p>-Ingeniero Colegido con REG CIP N\u00b0 130235.<\/p>\n<p>-Maestr\u00eda en Ingenier\u00eda El\u00e9ctrica en Menci\u00f3n a la Gerencia de Proyectos de Ingenier\u00eda \u2013 Universidad Nacional del Callao.<\/p>\n<p>-Maestrante en generaci\u00f3n de energ\u00edas renovables \u2013 universidad Nacional de C\u00f3rdova (Per\u00fa).<\/p>\n<p>-Maestrante en Generaci\u00f3n de Energ\u00edas Renovables -Universidad Nacional de Cordova (Argentina).<\/p>\n<p>-Inspector Especializado RITSE N\u00b0 2521 con resoluci\u00f3n Ministerial N\u00b0 041-2023-VIVIENDA\/VMCS-DGPRCS.<\/p>\n<p><strong>INVERSI\u00d3N EN PREVENTA HASTA EL 21 DE OCTUBRE 2023:<\/strong><\/p>\n<p><strong>Opci\u00f3n 1: S\/ 99 Soles<\/strong>, incluye certificado como Curso de especializaci\u00f3n por 125 horas acad\u00e9micas a nombre del Centro de Altos Estudios Cietsi.<\/p>\n<p><strong>Opci\u00f3n 2: S\/ 179 Soles<\/strong>, incluye certificado como Curso de especializaci\u00f3n por 125 horas acad\u00e9micas a nombre del Colegio de Ingenieros del Per\u00fa CD Piura y Centro de Altos Estudios Cietsi.<\/p>\n<p><strong>Opci\u00f3n 3: S\/ 479 Soles<\/strong>, incluye certificado como Curso por 125 horas acad\u00e9micas a nombre de la Universidad Nacional de Trujillo y Centro de Altos Estudios Cietsi.<\/p>\n<p>Inscr\u00edbete hasta el 21 de octubre en nuestro\u00a0<strong>Curso Dimensionamiento de Ductos de Aire Acondicionado y Ventilaci\u00f3n<\/strong>\u00a0y recibe\u00a0<strong>GRATIS<\/strong>\u00a0el\u00a0<a href=\"https:\/\/cietsiperu.com\/curso\/539\/curso-de-especializaciOn-en-instalaciones-elEctricas-2023\" target=\"_blank\" rel=\"noopener\"><strong>Curso de Instalaciones El\u00e9ctricas<\/strong>\u00a0<\/a>con certificado a nombre de Cietsi por 60 horas acad\u00e9micas.<\/p>\n<p><strong>Importante:<\/strong><\/p>\n<p>+ El certificado es f\u00edsico y digital con c\u00f3digo QR, que podr\u00e1 validarse a nivel nacional e internacional en nuestra web:\u00a0<a href=\"https:\/\/www.cietsiperu.com\/validar\/\" target=\"_blank\" rel=\"noopener\">https:\/\/www.cietsiperu.com\/validar\/<\/a><\/p>\n<p>+ Certificados v\u00e1lidos para convocatorias laborales del sector p\u00fablico y privado de acuerdo a la normatividad vigente.<\/p>\n<p>+ El certificado digital se env\u00eda por correo electr\u00f3nico y puedes recoger el certificado f\u00edsico en nuestra sede Chiclayo: Calle Manuel Mar\u00eda Izaga 967. Tambi\u00e9n, ofrecemos servicios de env\u00edo a nivel nacional mediante Olva Courier.<\/p>\n<p>+ Solicitar informaci\u00f3n en caso desee certificarse como\u00a0<strong>Programa de especializaci\u00f3n<\/strong>\u00a0a nombre del Colegio de Ingenieros del Per\u00fa CD Piura.<\/p>\n<p><strong>PARA RESERVAR VACANTE:<\/strong><\/p>\n<p>+ Formulario:\u00a0<a href=\"https:\/\/docs.google.com\/forms\/d\/e\/1FAIpQLSdfD4h0waQiNavXDvEw2m-ojuw3yElnGvUyZezeQ3nbRA3ZIQ\/viewform\" target=\"_blank\" rel=\"noopener\">https:\/\/bit.ly\/FAcond<\/a><\/p>\n<p>+ En caso no puedas registrarte, puedes contactarnos al Celular\/WhatsApp: 956272261 (<a href=\"https:\/\/api.whatsapp.com\/send?phone=51956272261&amp;text=Hola%20Cietsi,%20deseo%20informaci%C3%B3n%20del%20Curso%20Dimensionamiento%20de%20Ductos%20de%20Aire%20Acondicionado%20y%20Ventilaci%C3%B3n\" target=\"_blank\" rel=\"noopener\">https:\/\/bit.ly\/CDAAcond<\/a>)<\/p>\n<p><strong>PARA INSCRIBIRSE AL CURSO:<\/strong><\/p>\n<p>+ Mediante agente o transferencia bancaria:\u00a0<a href=\"https:\/\/cietsiperu.com\/forma-de-pago\" target=\"_blank\" rel=\"noopener\">https:\/\/cietsiperu.com\/forma-de-pago<\/a><\/p>\n<p>+ Tambi\u00e9n por Yape y Plin (956272261, 968059963), PayU y PayPal: informes@cietsiperu.com<\/p>\n<p>Una vez realizado el pago comunicarse con nosotros enviando un email a informes@cietsiperu.com o al WhatsApp: 956272261 o 968059963, con los siguientes datos (nombres completos, DNI, tel\u00e9fono\/celular, como asunto:<strong>\u00a0CURSO AIRE ACONDICIONADO Y VENTILACI\u00d3N<\/strong>), adjuntando el comprobante de pago, luego de validar nos comunicaremos con usted a la brevedad.<\/p>\n<p><strong>\u00a1\u00a1APRENDIZAJE 100% GARANTIZADO!!<\/strong><\/p>\n<p><strong>\u00a1DESCUENTO CORPORATIVO!<\/strong><\/p>\n<p><strong>\u00a1EDICI\u00d3N EXCLUSIVA!<\/strong><\/p>\n","protected":false},"excerpt":{"rendered":"<div class=\"mh-excerpt\"><p>CURSO DE ESPECIALIZACI\u00d3N DIMENSIONAMIENTO DE DUCTOS DE AIRE ACONDICIONADO Y VENTILACI\u00d3N MODALIDAD VIRTUAL ONLINE A NIVEL NACIONAL E INTERNACIONAL Inicio:\u00a04 de noviembre de 2023 Horario:\u00a0s\u00e1bados <a class=\"mh-excerpt-more\" href=\"https:\/\/cietsigubernamental.com\/blog\/curso-dimensionamiento-de-ductos-de-aire-acondicionado-y-ventilacion-2328\/\" title=\"CURSO DE ESPECIALIZACI\u00d3N DIMENSIONAMIENTO DE DUCTOS DE AIRE ACONDICIONADO Y VENTILACI\u00d3N 2023\">[&#8230;]<\/a><\/p>\n<\/div>","protected":false},"author":1,"featured_media":2329,"comment_status":"open","ping_status":"open","sticky":false,"template":"","format":"standard","meta":{"jetpack_post_was_ever_published":false,"_jetpack_newsletter_access":"","_jetpack_dont_email_post_to_subs":false,"_jetpack_newsletter_tier_id":0,"_jetpack_memberships_contains_paywalled_content":false,"_jetpack_memberships_contains_paid_content":false,"footnotes":"","jetpack_publicize_message":"","jetpack_publicize_feature_enabled":true,"jetpack_social_post_already_shared":true,"jetpack_social_options":{"image_generator_settings":{"template":"highway","default_image_id":0,"font":"","enabled":false},"version":2}},"categories":[2,5,59,71,24,70,69,1,12],"tags":[],"class_list":["post-2328","post","type-post","status-publish","format-standard","has-post-thumbnail","hentry","category-actualidad","category-cursos-talleres-cietsi","category-cursos-talleres-gratuitos","category-diplomados","category-gestion-publica","category-gubernamental","category-ingenierias","category-sin-categoria","category-tecnologias"],"jetpack_publicize_connections":[],"jetpack_featured_media_url":"https:\/\/i0.wp.com\/cietsigubernamental.com\/blog\/wp-content\/uploads\/2023\/10\/CURSO-DE-ESPECIALIZACION-DIMENSIONAMIENTO-DE-DUCTOS-DE-AIRE-ACONDICIONADO-Y-VENTILACION-2023-2.jpg?fit=945%2C535&ssl=1","jetpack_sharing_enabled":true,"jetpack_shortlink":"https:\/\/wp.me\/p9RxCY-By","jetpack-related-posts":[],"_links":{"self":[{"href":"https:\/\/cietsigubernamental.com\/blog\/wp-json\/wp\/v2\/posts\/2328","targetHints":{"allow":["GET"]}}],"collection":[{"href":"https:\/\/cietsigubernamental.com\/blog\/wp-json\/wp\/v2\/posts"}],"about":[{"href":"https:\/\/cietsigubernamental.com\/blog\/wp-json\/wp\/v2\/types\/post"}],"author":[{"embeddable":true,"href":"https:\/\/cietsigubernamental.com\/blog\/wp-json\/wp\/v2\/users\/1"}],"replies":[{"embeddable":true,"href":"https:\/\/cietsigubernamental.com\/blog\/wp-json\/wp\/v2\/comments?post=2328"}],"version-history":[{"count":1,"href":"https:\/\/cietsigubernamental.com\/blog\/wp-json\/wp\/v2\/posts\/2328\/revisions"}],"predecessor-version":[{"id":2330,"href":"https:\/\/cietsigubernamental.com\/blog\/wp-json\/wp\/v2\/posts\/2328\/revisions\/2330"}],"wp:featuredmedia":[{"embeddable":true,"href":"https:\/\/cietsigubernamental.com\/blog\/wp-json\/wp\/v2\/media\/2329"}],"wp:attachment":[{"href":"https:\/\/cietsigubernamental.com\/blog\/wp-json\/wp\/v2\/media?parent=2328"}],"wp:term":[{"taxonomy":"category","embeddable":true,"href":"https:\/\/cietsigubernamental.com\/blog\/wp-json\/wp\/v2\/categories?post=2328"},{"taxonomy":"post_tag","embeddable":true,"href":"https:\/\/cietsigubernamental.com\/blog\/wp-json\/wp\/v2\/tags?post=2328"}],"curies":[{"name":"wp","href":"https:\/\/api.w.org\/{rel}","templated":true}]}}