{"id":2296,"date":"2023-09-15T16:59:29","date_gmt":"2023-09-15T16:59:29","guid":{"rendered":"https:\/\/cietsigubernamental.com\/blog\/?p=2296"},"modified":"2024-07-12T00:31:14","modified_gmt":"2024-07-12T00:31:14","slug":"curso-de-especializacion-en-gestion-publica-2023","status":"publish","type":"post","link":"https:\/\/cietsigubernamental.com\/blog\/curso-de-especializacion-en-gestion-publica-2023-2296\/","title":{"rendered":"CURSO DE ESPECIALIZACI\u00d3N EN GESTI\u00d3N P\u00daBLICA 2023"},"content":{"rendered":"\n<p><strong>CURSO DE ESPECIALIZACI\u00d3N EN GESTI\u00d3N P\u00daBLICA 2023<\/strong><\/p>\n<p><strong>CAPACITACI\u00d3N DE PRIMER NIVEL<\/strong><\/p>\n<p><strong>MODALIDAD VIRTUAL ONLINE A NIVEL NACIONAL<\/strong><\/p>\n<p><strong>Inicio:<\/strong>\u00a030 de octubre de 2023<\/p>\n<p><strong>Horario:\u00a0<\/strong>\u00a0lunes y mi\u00e9rcoles de 7:00 p.m. a 9:00 p.m.\u00a0<\/p>\n<p><strong>Duraci\u00f3n:<\/strong>\u00a07 semanas<\/p>\n<p><strong>Lugar:<\/strong>\u00a0Zoom y campus virtual Cietsi:\u00a0<a href=\"https:\/\/institutocietsi.com\/\" target=\"_blank\" rel=\"noopener\">https:\/\/institutocietsi.com<\/a><\/p>\n<p>Las clases se transmiten en tiempo real, brind\u00e1ndote la oportunidad de interactuar directamente con los ponentes. Adem\u00e1s, tendr\u00e1s acceso ilimitado al material y a las grabaciones del curso a trav\u00e9s de nuestro campus virtual con la opci\u00f3n a descargar todas las clases.<\/p>\n<div class=\"widget-title\">\n<h3>Dirigido<\/h3>\n<\/div>\n<p><strong>El Curso en Gesti\u00f3n P\u00fablica est\u00e1 dirigido a:<\/strong><\/p>\n<p>+ Funcionarios, directivos y servidores p\u00fablicos.<\/p>\n<p>+ Profesionales interesados en conocer y fortalecer conocimientos sobre el funcionamiento del sector p\u00fablico y los principales instrumentos que gu\u00edan la gesti\u00f3n p\u00fablica.<\/p>\n<p>+ P\u00fablico en general interesado en temas e instrumentos vinculados con la gesti\u00f3n p\u00fablica.<\/p>\n<div class=\"widget-title\">\n<h3>Objetivos<\/h3>\n<\/div>\n<p><strong>Al finalizar el Curso, el participante ser\u00e1 capaz de:<\/strong><\/p>\n<p>+ Entender los paradigmas de la modernizaci\u00f3n; el rol y la estructura y organizaci\u00f3n del Estado; el impacto de las rector\u00edas de sistemas administrativos, funcionales y sectoriales; los principales contenidos de la nueva\u00a0<strong>pol\u00edtica nacional de modernizaci\u00f3n de la gesti\u00f3n p\u00fablica al 2030<\/strong>.<\/p>\n<p>+ Comprender en forma hol\u00edstica la aplicaci\u00f3n del concepto de<strong>\u00a0pol\u00edtica p\u00fablica<\/strong>\u00a0y la vinculaci\u00f3n con el sistema de\u00a0<strong>planeamiento estrat\u00e9gico<\/strong>.<\/p>\n<p>+ Conocer y comprender los procesos t\u00e9cnicos para la formulaci\u00f3n del\u00a0<strong>presupuesto p\u00fablico<\/strong>\u00a0orientado al logro de resultados que proceden del cumplimiento de objetivos de pol\u00edtica p\u00fablica; la vinculaci\u00f3n, bajo la perspectiva presupuestaria, del sistema de presupuesto p\u00fablico con el sistema de planeamiento, de inversiones y de abastecimiento; y, el proceso de formulaci\u00f3n de programas presupuestales y su v\u00ednculo con las\u00a0<strong>pol\u00edticas nacionales<\/strong>\u00a0y los instrumentos de\u00a0<strong>planeamiento del SINAPLAN<\/strong>.<\/p>\n<p>+ Entender la relevancia de la\u00a0<strong>Programaci\u00f3n multianual y gesti\u00f3n de inversiones<\/strong>\u00a0para el crecimiento y desarrollo del pa\u00eds y conocer los conceptos relativos a la inversi\u00f3n p\u00fablica, su marco normativo y, sobre todo, c\u00f3mo mejorar las posibilidades de implementarla oportunamente y adecuadamente.<\/p>\n<p>+ Fortalecer los conocimientos de los procesos t\u00e9cnicos de los componentes que comprenden la\u00a0<strong>cadena de abastecimiento<\/strong>, incluyendo las actividades involucradas en la gesti\u00f3n de adquisiciones y administraci\u00f3n de bienes, servicios y ejecuci\u00f3n de obras para el cumplimiento de la provisi\u00f3n oportuna de servicios y logro de resultados, en las entidades del sector p\u00fablico.<\/p>\n<p>+ Comprender los conceptos de la gesti\u00f3n por competencias y la relaci\u00f3n con el d<strong>esempe\u00f1o de las personas<\/strong>, con \u00e9nfasis en la necesidad de vincular los comportamientos asociados a los niveles de competencias.<\/p>\n<p>+ Entender el enfoque de las contralor\u00edas modernas, en la experiencia comparada con enfoque de<strong>\u00a0rendici\u00f3n de cuentas<\/strong>\u00a0y medici\u00f3n del\u00a0<strong>desempe\u00f1o institucional<\/strong>; As\u00ed, se resalta la importancia de comprender el rol del\u00a0<strong>control gubernamental<\/strong>\u00a0como un ejercicio que coadyuve a la mejora del funcionamiento de las entidades p\u00fablicas y al logro de resultados de pol\u00edtica p\u00fablica.<\/p>\n<p>+ Promover una cultura de\u00a0<strong>integridad y \u00e9tica<\/strong>\u00a0en los servidores civiles y en la ciudadan\u00eda.<\/p>\n<div class=\"widget-title\">\n<h3>Aprendizaje<\/h3>\n<\/div>\n<p><strong>CIETSI<\/strong>\u00a0ha dise\u00f1ado el presente curso de acuerdo al enfoque de gesti\u00f3n por resultados considerando como base fundamental el marco normativo en el que se desenvuelve la gesti\u00f3n p\u00fablica, busca la\u00a0<strong>profesionalizaci\u00f3n del servicio p\u00fablico<\/strong>\u00a0con la finalidad de contribuir a la\u00a0<strong>mejora del desempe\u00f1o del sector p\u00fablico en los diferentes niveles de gobierno<\/strong>.\u00a0 \u00a0 \u00a0 \u00a0 \u00a0 \u00a0 \u00a0 \u00a0 \u00a0 \u00a0\u00a0<\/p>\n<p>El presente curso, estar\u00e1 a cargo de\u00a0<strong>profesionales expertos en materia de Gesti\u00f3n P\u00fablica<\/strong>, quienes en su metodolog\u00eda combinan la teor\u00eda y casu\u00edstica de manera din\u00e1mica y con el soporte del intercambio de opini\u00f3n y retroalimentaci\u00f3n de conocimiento.<\/p>\n<p><strong>Metodolog\u00eda:<\/strong><\/p>\n<p>El presente curso tiene una metodolog\u00eda basada en la resoluci\u00f3n de\u00a0<strong>casos pr\u00e1cticos y la exposici\u00f3n<\/strong>\u00a0de teor\u00eda espec\u00edfica, as\u00ed como tambi\u00e9n el\u00a0<strong>intercambio de experiencias formativas y profesionales<\/strong>\u00a0<strong>expertos en Gesti\u00f3n P\u00fablica<\/strong>. Por esta raz\u00f3n se propone una activa participaci\u00f3n del estudiante en clase para el desarrollo de las capacidades de an\u00e1lisis y s\u00edntesis en las diferentes actividades planteadas, por lo que se recomienda la lectura previa del material entregado.<\/p>\n<p>Propuesta acad\u00e9mica moderna que permite aprender desde cualquier ubicaci\u00f3n geogr\u00e1fica y a su propio ritmo; tendr\u00e1n un usuario y contrase\u00f1a donde acceder\u00e1s a la clase en tu horario en vivo o ver la clase grabada, acceso las 24 horas del d\u00eda, asimismo podr\u00e1 realizar sus ex\u00e1menes en el campus virtual.<\/p>\n<p><strong>PLAN DE ESTUDIOS:<\/strong><\/p>\n<p>1.- Modernizaci\u00f3n de la gesti\u00f3n p\u00fablica y la reforma del estado.<\/p>\n<p>2.- Pol\u00edticas p\u00fablicas y planeamiento estrat\u00e9gico en el estado.<\/p>\n<p>3.- Presupuesto p\u00fablico.<\/p>\n<p>4.- Programaci\u00f3n multianual y gesti\u00f3n de inversiones.<\/p>\n<p>5.- Sistema de abastecimiento y las contrataciones en el Estado<\/p>\n<p>6.- Sistema de gesti\u00f3n de recursos humanos y los reg\u00edmenes laborales.<\/p>\n<p>7.- Control Gubernamental y la \u00c9tica en el ejercicio de la funci\u00f3n p\u00fablica.<\/p>\n<p><strong>INVERSI\u00d3N:<\/strong><\/p>\n<p><strong>Opci\u00f3n 1: S\/ 139 Soles<\/strong>, incluye certificado como Curso por 200 horas acad\u00e9micas, 12 cr\u00e9ditos, a nombre del Centro de Altos Estudios Cietsi.<\/p>\n<p><strong>Opci\u00f3n 2: S\/ 250 Soles<\/strong>, incluye certificado como Curso por 200 horas acad\u00e9micas, 12 cr\u00e9ditos a nombre de la Universidad Nacional de Trujillo y Centro de Altos Estudios Cietsi. (No disponible)<\/p>\n<p><em>Inscr\u00edbete hasta el 29 de septiembre en nuestro\u00a0<strong>Curso en Gesti\u00f3n P\u00fablica<\/strong>\u00a0y recibe\u00a0<strong>GRATIS<\/strong>\u00a0un\u00a0<strong>Curso completo de<\/strong>\u00a0<strong>Ofim\u00e1tica<\/strong>\u00a0con certificado a nombre de Cietsi por 75 horas acad\u00e9micas.<\/em><\/p>\n<p><strong>\u00a0Importante:<\/strong><\/p>\n<p>+ El certificado es f\u00edsico y digital con c\u00f3digo QR, que podr\u00e1 validarse a nivel nacional e internacional en nuestra web:\u00a0<a href=\"https:\/\/www.cietsiperu.com\/validar\/\">https:\/\/www.cietsiperu.com\/validar\/<\/a><\/p>\n<p>+ Certificados v\u00e1lidos para convocatorias laborales del sector p\u00fablico y privado de acuerdo a la normatividad vigente.<\/p>\n<p>+ El certificado digital se env\u00eda por correo electr\u00f3nico y puedes recoger el certificado f\u00edsico en nuestra sede Chiclayo: Calle Manuel Mar\u00eda Izaga 967. Tambi\u00e9n, ofrecemos servicios de env\u00edo a nivel nacional mediante Olva Courier.<\/p>\n<p>+ Solicitar informaci\u00f3n en caso desee certificarse como\u00a0<strong>Curso<\/strong>\u00a0o\u00a0<strong>Programa de especializaci\u00f3n<\/strong>\u00a0a nombre del Colegio de Licenciados en Administraci\u00f3n Regi\u00f3n Lambayeque.<\/p>\n<p><strong>PARA RESERVAR VACANTE:<\/strong><\/p>\n<p>+ Formulario:\u00a0<a href=\"https:\/\/docs.google.com\/forms\/d\/e\/1FAIpQLSf1IJ7fom9-WQ9rDGFydMx2UIjg5SjvD69GF4zktRohOncrIA\/viewform\" target=\"_blank\" rel=\"noopener\">https:\/\/bit.ly\/CGPublica<\/a><\/p>\n<p>+ En caso no puedas registrarte, puedes contactarnos al Celular\/WhatsApp: 956272261 (<a href=\"https:\/\/api.whatsapp.com\/send?phone=51956272261&amp;text=Hola%20Cietsi,%20deseo%20informaci%C3%B3n%20del%20Curso%20de%20especializaci%C3%B3n%20en%20Gesti%C3%B3n%20P%C3%BAblica\" target=\"_blank\" rel=\"noopener\">https:\/\/bit.ly\/CGPublicaw<\/a>)<\/p>\n<p><strong>PARA INSCRIBIRSE AL CURSO:<\/strong><\/p>\n<p>+ Mediante agente o transferencia bancaria:\u00a0<a href=\"https:\/\/cietsiperu.com\/forma-de-pago\" target=\"_blank\" rel=\"noopener\">https:\/\/cietsiperu.com\/forma-de-pago<\/a><\/p>\n<p>+ Tambi\u00e9n por Yape y Plin (956272261, 968059963), PayU y PayPal: informes@cietsiperu.com<\/p>\n<p>Una vez realizado el pago comunicarse con nosotros enviando un email a informes@cietsiperu.com o al WhatsApp: 956272261 o 968059963, con los siguientes datos (nombres completos, DNI, tel\u00e9fono\/celular, como asunto: CURSO GESTI\u00d3N P\u00daBLICA), adjuntando el comprobante de pago, luego de validar nos comunicaremos con usted a la brevedad.<\/p>\n<p><em><strong>\u00a1\u00a1APRENDIZAJE 100% GARANTIZADO!!<\/strong><\/em><\/p>\n<p><em><strong>\u00a1DESCUENTO CORPORATIVO!<\/strong><\/em><\/p>\n","protected":false},"excerpt":{"rendered":"<div class=\"mh-excerpt\"><p>CURSO DE ESPECIALIZACI\u00d3N EN GESTI\u00d3N P\u00daBLICA 2023 CAPACITACI\u00d3N DE PRIMER NIVEL MODALIDAD VIRTUAL ONLINE A NIVEL NACIONAL Inicio:\u00a030 de octubre de 2023 Horario:\u00a0\u00a0lunes y mi\u00e9rcoles <a class=\"mh-excerpt-more\" href=\"https:\/\/cietsigubernamental.com\/blog\/curso-de-especializacion-en-gestion-publica-2023-2296\/\" title=\"CURSO DE ESPECIALIZACI\u00d3N EN GESTI\u00d3N P\u00daBLICA 2023\">[&#8230;]<\/a><\/p>\n<\/div>","protected":false},"author":1,"featured_media":2297,"comment_status":"open","ping_status":"open","sticky":false,"template":"","format":"standard","meta":{"jetpack_post_was_ever_published":false,"_jetpack_newsletter_access":"","_jetpack_dont_email_post_to_subs":false,"_jetpack_newsletter_tier_id":0,"_jetpack_memberships_contains_paywalled_content":false,"_jetpack_memberships_contains_paid_content":false,"footnotes":"","jetpack_publicize_message":"","jetpack_publicize_feature_enabled":true,"jetpack_social_post_already_shared":true,"jetpack_social_options":{"image_generator_settings":{"template":"highway","default_image_id":0,"font":"","enabled":false},"version":2}},"categories":[2,5,59,71,24,70,69,1,12],"tags":[],"class_list":["post-2296","post","type-post","status-publish","format-standard","has-post-thumbnail","hentry","category-actualidad","category-cursos-talleres-cietsi","category-cursos-talleres-gratuitos","category-diplomados","category-gestion-publica","category-gubernamental","category-ingenierias","category-sin-categoria","category-tecnologias"],"jetpack_publicize_connections":[],"jetpack_featured_media_url":"https:\/\/i0.wp.com\/cietsigubernamental.com\/blog\/wp-content\/uploads\/2023\/09\/CURSO-GESTION-PUBLICA-2023-2.jpg?fit=1196%2C596&ssl=1","jetpack_sharing_enabled":true,"jetpack_shortlink":"https:\/\/wp.me\/p9RxCY-B2","jetpack-related-posts":[],"_links":{"self":[{"href":"https:\/\/cietsigubernamental.com\/blog\/wp-json\/wp\/v2\/posts\/2296","targetHints":{"allow":["GET"]}}],"collection":[{"href":"https:\/\/cietsigubernamental.com\/blog\/wp-json\/wp\/v2\/posts"}],"about":[{"href":"https:\/\/cietsigubernamental.com\/blog\/wp-json\/wp\/v2\/types\/post"}],"author":[{"embeddable":true,"href":"https:\/\/cietsigubernamental.com\/blog\/wp-json\/wp\/v2\/users\/1"}],"replies":[{"embeddable":true,"href":"https:\/\/cietsigubernamental.com\/blog\/wp-json\/wp\/v2\/comments?post=2296"}],"version-history":[{"count":2,"href":"https:\/\/cietsigubernamental.com\/blog\/wp-json\/wp\/v2\/posts\/2296\/revisions"}],"predecessor-version":[{"id":2581,"href":"https:\/\/cietsigubernamental.com\/blog\/wp-json\/wp\/v2\/posts\/2296\/revisions\/2581"}],"wp:featuredmedia":[{"embeddable":true,"href":"https:\/\/cietsigubernamental.com\/blog\/wp-json\/wp\/v2\/media\/2297"}],"wp:attachment":[{"href":"https:\/\/cietsigubernamental.com\/blog\/wp-json\/wp\/v2\/media?parent=2296"}],"wp:term":[{"taxonomy":"category","embeddable":true,"href":"https:\/\/cietsigubernamental.com\/blog\/wp-json\/wp\/v2\/categories?post=2296"},{"taxonomy":"post_tag","embeddable":true,"href":"https:\/\/cietsigubernamental.com\/blog\/wp-json\/wp\/v2\/tags?post=2296"}],"curies":[{"name":"wp","href":"https:\/\/api.w.org\/{rel}","templated":true}]}}