{"id":2238,"date":"2023-07-15T16:54:04","date_gmt":"2023-07-15T16:54:04","guid":{"rendered":"https:\/\/cietsigubernamental.com\/blog\/?p=2238"},"modified":"2023-07-15T16:54:11","modified_gmt":"2023-07-15T16:54:11","slug":"curso-de-especializacion-gestion-de-recursos-humanos","status":"publish","type":"post","link":"https:\/\/cietsigubernamental.com\/blog\/curso-de-especializacion-gestion-de-recursos-humanos-2238\/","title":{"rendered":"CURSO DE ESPECIALIZACI\u00d3N GESTI\u00d3N DE RECURSOS HUMANOS"},"content":{"rendered":"\n<p><strong>CURSO DE ESPECIALIZACI\u00d3N GESTI\u00d3N DE RECURSOS HUMANOS<\/strong><\/p>\n<p><strong>ACCESO GRATUITO POR FIESTAS PATRIAS A LOS REGISTRADOS HASTA EL 31 DE JULIO DE 2023<\/strong><\/p>\n<p><strong>MODALIDAD VIRTUAL ONLINE A NIVEL NACIONAL E INTERNACIONAL<\/strong><\/p>\n<p><strong>Inicio:<\/strong>\u00a02 de septiembre de 2023<\/p>\n<p><strong>Horario:<\/strong>\u00a0s\u00e1bados de 3:00 p.m. a 6:00 p.m.\u00a0<\/p>\n<p><strong>Duraci\u00f3n:<\/strong>\u00a06 semanas<\/p>\n<p>Las clases se transmiten en vivo, podr\u00e1s consultar al ponente en tiempo real por zoom, si no puedes ver las clases online, podr\u00e1s ver luego la grabaci\u00f3n.<\/p>\n<p><strong>PARA RESERVAR VACANTE:<\/strong><\/p>\n<p>+ Formulario:\u00a0<a href=\"https:\/\/docs.google.com\/forms\/d\/e\/1FAIpQLSeXT_WTkN5gIiWQIDE77ZyyYOtsi6ANnnrL-hlRPQVPzR3-bg\/viewform\" target=\"_blank\" rel=\"noopener\">https:\/\/bit.ly\/CN2023Cietsi<\/a><\/p>\n<p>+ En caso no puedas registrarte, puedes contactarnos al Celular\/WhatsApp: 956272261 (<a href=\"https:\/\/api.whatsapp.com\/send?phone=51956272261&amp;text=Hola%20Cietsi,%20deseo%20informaci%C3%B3n%20del%20Curso%20Gesti%C3%B3n%20de%20Recursos%20Humanos\" target=\"_blank\" rel=\"noopener\">https:\/\/bit.ly\/CGRHwsp<\/a>)<\/p>\n<div class=\"widget-title\">\n<h3><i class=\"fa fa-laptop\"><\/i>Dirigido<\/h3>\n<\/div>\n<p>El\u00a0<strong>Curso en Gesti\u00f3n de Recursos Humanos<\/strong>, est\u00e1 dirigida a Licenciados en relaciones industriales, psic\u00f3logos, administradores de empresas, soci\u00f3logos, ingenieros, abogados, contadores y otros profesionales que, desean trabajar o se relacionan en la gesti\u00f3n del talento y recursos humanos en las organizaciones privadas o p\u00fablicas.<\/p>\n<p>Estudiantes y p\u00fablico en general.<\/p>\n<div class=\"widget-title\">\n<h3>Objetivos<\/h3>\n<\/div>\n<p>El\u00a0<strong>Curso en Gesti\u00f3n de Recursos Humanos<\/strong>, tiene como objetivos:\u00a0<\/p>\n<p>+ Desarrollar en los participantes, los conocimientos y habilidades principales para realizar eficientemente sus labores de gesti\u00f3n y de desarrollo del talento humano, con el fin de estar alineados a los planteamientos estrat\u00e9gicos de la organizaci\u00f3n.<\/p>\n<p>+ Ofrecer una visi\u00f3n global del proceso de gesti\u00f3n de recursos humanos dentro de las organizaciones en general.<\/p>\n<p>+ Aplicar las t\u00e9cnicas y tendencias modernas sobre competencias, para dar soluciones objetivas a problem\u00e1ticas espec\u00edficas de las dem\u00e1s herramientas de gesti\u00f3n de recursos humanos.<\/p>\n<p>+ Formar profesionales capaces de analizar las necesidades de su equipo humano y de plantear estrategias y procesos que permitan mantener un clima laboral favorable, aprovechar al m\u00e1ximo las capacidades de los colaboradores, y lograr en la empresa un v\u00ednculo con la generaci\u00f3n de valor personal y organizacional.<\/p>\n<div class=\"widget-title\">\n<h3>Aprendizaje<\/h3>\n<\/div>\n<p>El\u00a0<strong>Curso en Gesti\u00f3n de Recursos Humanos<\/strong>, es una propuesta acad\u00e9mica cuyo objetivo es actualizar al participante en las m\u00e1s avanzadas y probadas herramientas de gesti\u00f3n en el \u00e1rea de recursos humanos, a trav\u00e9s de docentes de gran formaci\u00f3n acad\u00e9mica y amplia experiencia en el sector p\u00fablico y el m\u00e1s alto nivel de gesti\u00f3n empresarial, es decir busca formar profesionales capaces de analizar las necesidades de su equipo humano y de plantear estrategias y procesos que permitan mantener un clima laboral favorable, aprovechar al m\u00e1ximo las capacidades de los colaboradores, y lograr en la empresa un v\u00ednculo con la generaci\u00f3n de valor personal y organizacional.<\/p>\n<p><strong>Metodolog\u00eda:<\/strong><\/p>\n<p>El\u00a0<strong>Curso en Gesti\u00f3n de Recursos Humanos<\/strong>, brinda a los estudiantes una metodolog\u00eda de enfoque pr\u00e1ctico-reflexivo en cada una de las sesiones, incluyendo una metodolog\u00eda participativa que promueve el trabajo colaborativo, basada en presentaciones del profesor y de los alumnos, adem\u00e1s de lectura de bibliograf\u00eda adecuada para cada sesi\u00f3n y discusi\u00f3n de casos en clase, estas favorecer\u00e1n no solo el aprendizaje de contenidos, sino tambi\u00e9n, su aplicaci\u00f3n en la resoluci\u00f3n de situaciones reales en diferentes contextos.\u00a0<\/p>\n<div class=\"widget-title\">\n<h3>Temario<\/h3>\n<\/div>\n<p><strong>Unidad 1: Reclutamiento, Selecci\u00f3n e Incorporaci\u00f3n del Talento Humano<\/strong><\/p>\n<p><strong>Sesi\u00f3n 1\u00a0 \u00a0 \u00a0<\/strong>\u00a0\u00a0\u00a0<\/p>\n<p>+ Desarrollo Personal.<\/p>\n<p>+ Dise\u00f1o y Estructura Organizacional.<\/p>\n<p>+ Aplicaciones Inform\u00e1ticas.<\/p>\n<p>+ An\u00e1lisis y Diagn\u00f3stico Organizacional.<\/p>\n<p><strong>Sesi\u00f3n 2<\/strong><\/p>\n<p>+ Habilidades Comunicativas.<\/p>\n<p>+ An\u00e1lisis de Puestos y Requerimiento de Talento.<\/p>\n<p>+ Proceso y Procedimientos de Reclutamiento y Selecci\u00f3n.<\/p>\n<p>+ Plan de Elecci\u00f3n e Incorporaci\u00f3n de Talento Humano.<\/p>\n<p><strong>Unidad 2: Aplicaci\u00f3n de Estrategias de Capacitaci\u00f3n y Desarrollo del Talento Humano<\/strong><\/p>\n<p><strong>Sesi\u00f3n 3\u00a0 \u00a0<\/strong><\/p>\n<p>+ Desarrollo Humano en la Organizaci\u00f3n.<\/p>\n<p>+ Estrategias para el Liderazgo, Coaching y Mentoring del Talento.<\/p>\n<p>+ Plan de Desarrollo y Desempe\u00f1o Organizacional.<\/p>\n<p>+ Desarrollo Profesional.<\/p>\n<p>+ Comportamiento Humano y Organizacional.<\/p>\n<p>+ Estrategias para la Gesti\u00f3n por Competencias.<\/p>\n<p>+ Aprendizaje Individual y Organizacional.<\/p>\n<p>+ Plan de Capacitaci\u00f3n Organizacional.<\/p>\n<p><strong>Unidad 3: Estrategias remunerativas y de Fidelizaci\u00f3n en la Gesti\u00f3n del Talento Humano<\/strong><\/p>\n<p><strong>Sesi\u00f3n 4<\/strong><\/p>\n<p>+ Legislaci\u00f3n y Normatividad Laboral.<\/p>\n<p>+ Administraci\u00f3n y Pol\u00edticas Salariales.<\/p>\n<p>+ Salud y Seguridad en el Trabajo.<\/p>\n<p>+ Compensaciones y Bene\u00acficios en Recursos Humanos: Econ\u00f3micos y no econ\u00f3micos.<\/p>\n<p><strong>Sesi\u00f3n 5<\/strong><\/p>\n<p>+ Clima y Cultura Organizacional.<\/p>\n<p>+ Estrategias de Retenci\u00f3n del Talento.<\/p>\n<p>+ Formaci\u00f3n de Equipos de Alto Desempe\u00f1o.<\/p>\n<p><strong>Unidad 4: Planificaci\u00f3n Estrat\u00e9gica para la Gesti\u00f3n el Talento Humano<\/strong><\/p>\n<p><strong>Sesi\u00f3n 6<\/strong><\/p>\n<p>+ T\u00e9cnicas de Negociaci\u00f3n Efectiva.<\/p>\n<p>+ Marketing Organizacional y Comunicaci\u00f3n Interna.<\/p>\n<p>+ Estrategias Innovadoras en Gesti\u00f3n de Recursos Humanos.<\/p>\n<p>+ Dise\u00f1o de Indicadores para la Gesti\u00f3n.<\/p>\n<p>+ Proyecto de Innovaci\u00f3n Tecnol\u00f3gica.<\/p>\n<p>+ Planeamiento para la Gesti\u00f3n Estrat\u00e9gica.<\/p>\n<p>+ Habilidades Gerenciales para la Gesti\u00f3n de Conflictos Laborales.<\/p>\n<p>+ Estrategias y T\u00e1cticas para la Gesti\u00f3n del Cambio.<\/p>\n<p>+ \u00c9tica y Desarrollo Sostenible.<\/p>\n<p>+ Plan Organizacional de Recursos Humanos.<\/p>\n<div class=\"widget-title\">\n<h3>Beneficios<\/h3>\n<\/div>\n<p>+ El curso de especializaci\u00f3n online y tambi\u00e9n estar\u00e1 disponible las grabaciones en nuestro campus virtual.<\/p>\n<p>+ Tendr\u00e1s acceso a un grupo privado de WhatsApp y Networking los fines de semana para que puedas interactuar con tus compa\u00f1eros de clases.<\/p>\n<p>+ Evaluaci\u00f3n mediante nuestro campus virtual.<\/p>\n<p>+ Ponentes de gran nivel acad\u00e9mico con certificaci\u00f3n internacional.<\/p>\n<p>+ Asesor\u00eda constante por el ponente a cargo.\u00a0<\/p>\n<p><em><strong>\u00a0Networking: Domingos de 9:00 a.m. a 1:00 p.m.<\/strong><\/em><\/p>\n<div class=\"widget-title\">\n<h3>Ponentes<\/h3>\n<\/div>\n<p><strong>MBA. CESAR BERROCAL MORENO<\/strong><\/p>\n<p>MBA en Administraci\u00f3n Estrat\u00e9gica de Empresas en CENTRUM [PUCP]; International Residency Program (Francia) \u2013 Grenoble Ecole de Management. Bachiller de Ingenier\u00eda Industrial de la Universidad Ricardo Palma, Diploma de Recursos Humanos de la Universidad Ricardo Palma, Diploma del Programa de Direcci\u00f3n General de la Universidad de Piura, capacitador certificado por SGS internacional para sus programas de calidad e inocuidad alimentaria. Especialista de Recursos Humanos en empresas de diferentes sectores como manufactura, telecomunicaciones, banca, microfinanciera, gubernamental, hoteler\u00eda y turismo.<\/p>\n<p>Con veinte y cinco (25) a\u00f1os de experiencia en la Gesti\u00f3n de Recursos Humanos, ha ocupado cargos gerenciales, de direcci\u00f3n en la gesti\u00f3n empresarial y de personas, asimismo como responsable del Dise\u00f1o y Gesti\u00f3n del Capital Humano en el Fondo MIVIVIENDA S.A, Docencia Universitaria en Universidad de Lima, PUCP, URP &amp; USMP. Asimismo, consultor de empresas en materias de Compensaciones, Bienestar, Desarrollo Humano y KPI para la toma de decisiones. Gestor del Cambio Organizacional. Adem\u00e1s, HR Influencer en los a\u00f1os 2020 y 2021, promotor e Investigador de los procesos vinculados a la Direcci\u00f3n y Gesti\u00f3n de Personas.<\/p>\n<p><strong>MG. ING. JESSICA GARC\u00cdA HERRERA<\/strong><\/p>\n<p>Ingeniero Industrial, con Maestr\u00eda en Administraci\u00f3n de Empresas, Certificaci\u00f3n internacional por PMI como Project Management, Certificaci\u00f3n Internacional en Coaching y Liderazgo; Formadora SCORE certificada por OIT, diplomaturas en Gesti\u00f3n P\u00fablica, Administraci\u00f3n y Gesti\u00f3n de la Formaci\u00f3n y Capacitaci\u00f3n.<\/p>\n<p>Cuenta con m\u00e1s de veinte (20) a\u00f1os de experiencia en el sector p\u00fablico y privado en las \u00e1reas de Planeamiento, Proyectos, Gesti\u00f3n P\u00fablica, Docencia, Sistemas de Gesti\u00f3n y Mejora Continua. Ha laborado en ABB S.A., OIT, SERVIR, SUNEDU, Escuela de postgrado de la UPC. Actualmente labora en SINEACE como Especialista en Evaluaci\u00f3n y Acreditaci\u00f3n.<\/p>\n<p><strong>CERTIFICACI\u00d3N OPCIONAL EN PROMOCI\u00d3N:<\/strong><\/p>\n<p><strong>Opci\u00f3n 1: S\/ 120 soles<\/strong>, incluye certificado como Programa de Especializaci\u00f3n por 140 horas acad\u00e9micas, 8 cr\u00e9ditos, a nombre del Centro de Altos Estudios Cietsi.<\/p>\n<p><strong>Opci\u00f3n 2: S\/ 150 soles<\/strong>, incluye certificado como Curso por 140 horas acad\u00e9micas, 8 cr\u00e9ditos a nombre de la Universidad Nacional de Trujillo (RR. N\u00b0 1013-2023\/UNT) y Centro de Altos Estudios Cietsi.<\/p>\n<p><strong>Importante:<\/strong><\/p>\n<p>+ El certificado es f\u00edsico y digital con c\u00f3digo QR, que podr\u00e1 validarse a nivel nacional e internacional en nuestra web:\u00a0<a href=\"https:\/\/www.cietsiperu.com\/validar\/\" target=\"_blank\" rel=\"noopener\">https:\/\/www.cietsiperu.com\/validar\/<\/a><\/p>\n<p>+ El certificado digital se env\u00eda por correo electr\u00f3nico y en f\u00edsico lo puede recoger en nuestra sede Chiclayo: Ca. Manuel Mar\u00eda Izaga 967 (Ref. Altura con Av. S\u00e1enz Pe\u00f1a).<\/p>\n<p>+ Solicitar informaci\u00f3n en caso desee certificarse con el Colegio de Licenciados en Administraci\u00f3n Regi\u00f3n Lambayeque.<\/p>\n<p><strong>PARA SOLICITAR LA CERTIFICACI\u00d3N:<\/strong><\/p>\n<p>+ Mediante agente o transferencia bancaria:\u00a0<a href=\"https:\/\/cietsiperu.com\/forma-de-pago\" target=\"_blank\" rel=\"noopener\">https:\/\/cietsiperu.com\/forma-de-pago<\/a><\/p>\n<p>+ Tambi\u00e9n por Yape y Plin (956272261, 968059963), PayU y PayPal: informes@cietsiperu.com<\/p>\n<p>Una vez realizado el pago comunicarse con nosotros enviando un email a informes@cietsiperu.com o al WhatsApp: 956272261 o 968059963, con los siguientes datos (nombres completos, DNI, tel\u00e9fono\/celular, como asunto\u00a0<strong>CERTIFICADO GESTI\u00d3N DE RECURSOS HUMANOS<\/strong>), adjuntando el comprobante de pago, luego de validar nos comunicaremos con usted a la brevedad.<\/p>\n<p><em><strong>\u00a1\u00a1APRENDIZAJE 100% GARANTIZADO!!<\/strong><\/em><\/p>\n<p><em><strong>\u00a1VACANTES LIMITADAS!\u00a0<\/strong><\/em><\/p>\n<p><em><strong>\u00a1EDICI\u00d3N EXCLUSIVA!<\/strong><\/em><\/p>\n","protected":false},"excerpt":{"rendered":"<div class=\"mh-excerpt\"><p>CURSO DE ESPECIALIZACI\u00d3N GESTI\u00d3N DE RECURSOS HUMANOS ACCESO GRATUITO POR FIESTAS PATRIAS A LOS REGISTRADOS HASTA EL 31 DE JULIO DE 2023 MODALIDAD VIRTUAL ONLINE <a class=\"mh-excerpt-more\" href=\"https:\/\/cietsigubernamental.com\/blog\/curso-de-especializacion-gestion-de-recursos-humanos-2238\/\" title=\"CURSO DE ESPECIALIZACI\u00d3N GESTI\u00d3N DE RECURSOS HUMANOS\">[&#8230;]<\/a><\/p>\n<\/div>","protected":false},"author":1,"featured_media":2239,"comment_status":"open","ping_status":"open","sticky":false,"template":"","format":"standard","meta":{"jetpack_post_was_ever_published":false,"_jetpack_newsletter_access":"","_jetpack_dont_email_post_to_subs":false,"_jetpack_newsletter_tier_id":0,"_jetpack_memberships_contains_paywalled_content":false,"_jetpack_memberships_contains_paid_content":false,"footnotes":"","jetpack_publicize_message":"","jetpack_publicize_feature_enabled":true,"jetpack_social_post_already_shared":true,"jetpack_social_options":{"image_generator_settings":{"template":"highway","default_image_id":0,"font":"","enabled":false},"version":2}},"categories":[2,5,59,71,24,70,69,1,12],"tags":[],"class_list":["post-2238","post","type-post","status-publish","format-standard","has-post-thumbnail","hentry","category-actualidad","category-cursos-talleres-cietsi","category-cursos-talleres-gratuitos","category-diplomados","category-gestion-publica","category-gubernamental","category-ingenierias","category-sin-categoria","category-tecnologias"],"jetpack_publicize_connections":[],"jetpack_featured_media_url":"https:\/\/i0.wp.com\/cietsigubernamental.com\/blog\/wp-content\/uploads\/2023\/07\/CURSO-GRATUITO-GESTION-DE-RECURSOS-HUMANOS-2023-2.jpg?fit=1139%2C511&ssl=1","jetpack_sharing_enabled":true,"jetpack_shortlink":"https:\/\/wp.me\/p9RxCY-A6","jetpack-related-posts":[],"_links":{"self":[{"href":"https:\/\/cietsigubernamental.com\/blog\/wp-json\/wp\/v2\/posts\/2238","targetHints":{"allow":["GET"]}}],"collection":[{"href":"https:\/\/cietsigubernamental.com\/blog\/wp-json\/wp\/v2\/posts"}],"about":[{"href":"https:\/\/cietsigubernamental.com\/blog\/wp-json\/wp\/v2\/types\/post"}],"author":[{"embeddable":true,"href":"https:\/\/cietsigubernamental.com\/blog\/wp-json\/wp\/v2\/users\/1"}],"replies":[{"embeddable":true,"href":"https:\/\/cietsigubernamental.com\/blog\/wp-json\/wp\/v2\/comments?post=2238"}],"version-history":[{"count":1,"href":"https:\/\/cietsigubernamental.com\/blog\/wp-json\/wp\/v2\/posts\/2238\/revisions"}],"predecessor-version":[{"id":2240,"href":"https:\/\/cietsigubernamental.com\/blog\/wp-json\/wp\/v2\/posts\/2238\/revisions\/2240"}],"wp:featuredmedia":[{"embeddable":true,"href":"https:\/\/cietsigubernamental.com\/blog\/wp-json\/wp\/v2\/media\/2239"}],"wp:attachment":[{"href":"https:\/\/cietsigubernamental.com\/blog\/wp-json\/wp\/v2\/media?parent=2238"}],"wp:term":[{"taxonomy":"category","embeddable":true,"href":"https:\/\/cietsigubernamental.com\/blog\/wp-json\/wp\/v2\/categories?post=2238"},{"taxonomy":"post_tag","embeddable":true,"href":"https:\/\/cietsigubernamental.com\/blog\/wp-json\/wp\/v2\/tags?post=2238"}],"curies":[{"name":"wp","href":"https:\/\/api.w.org\/{rel}","templated":true}]}}