{"id":211,"date":"2015-11-03T16:29:27","date_gmt":"2015-11-03T16:29:27","guid":{"rendered":"http:\/\/cietsigubernamental.com\/blog\/?p=211"},"modified":"2015-11-03T16:31:55","modified_gmt":"2015-11-03T16:31:55","slug":"claves-para-entender-las-nuevas-tablas-de-mortalidad-de-la-sbs","status":"publish","type":"post","link":"https:\/\/cietsigubernamental.com\/blog\/claves-para-entender-las-nuevas-tablas-de-mortalidad-de-la-sbs-211\/","title":{"rendered":"Claves para entender las nuevas tablas de mortalidad de la SBS"},"content":{"rendered":"<p>El economista Jorge Gonz\u00e1lez Izquierdo, explica cu\u00e1ndo entrar\u00edan en vigencia las nuevas tablas y por qu\u00e9 impactar\u00edan de forma negativa a las pensiones.<\/p>\n<p>La Superintendencia de Banca, Seguros y <span class=\"caps\">AFP<\/span> (<span class=\"caps\">SBS<\/span>) anunci\u00f3 que contar\u00e1 con las nuevas tablas de mortalidad que tendr\u00e1n un impacto negativo en las pensiones de todos los afiliados al Sistema Privado de Pensiones (<span class=\"caps\">SPP<\/span>). Aqu\u00ed, algunos puntos para entender estos cambios.<\/p>\n<p><strong>Entrada en vigencia<\/strong><br \/>\nEl pasado viernes 30 de octubre, la <strong><span class=\"caps\">SBS<\/span><\/strong> prepublic\u00f3 las nuevas tablas de mortalidad \u2013 <span class=\"caps\">TAPSPP<\/span> 2012- que se aplicar\u00e1n para el c\u00e1lculo de las pensiones de los jubilados en las <span class=\"caps\">AFP<\/span>.<\/p>\n<p>De acuerdo con su \u00faltima resoluci\u00f3n, la <strong><span class=\"caps\">SBS<\/span><\/strong> recibir\u00e1 por 30 d\u00edas comentarios de la sociedad civil. Posteriormente, si cuentan con el visto bueno de las Superintendencias Adjuntas de Seguros, de Administradoras Privadas de Fondos de Pensiones, de Asesor\u00eda Jur\u00eddica y de Estudios Econ\u00f3micos, la entidad aprobar\u00e1 las <span class=\"caps\">TAPSPP<\/span> 2012.<\/p>\n<p>Estas nuevas tablas regir\u00e1n a partir de enero de 2016 para todos los pensionistas que se jubilen a partir de esa fecha. Las pensiones que actualmente reciben las personas ya jubiladas no se ver\u00e1n afectadas.<\/p>\n<p><a href=\"https:\/\/copy.com\/H6wshnXFwRiKzV91\" target=\"_blank\">[ Estas son las tablas de mortalidad actualizadas de la <span class=\"caps\">SBS<\/span> ]<\/a><\/p>\n<p><strong>Cambios<\/strong><br \/>\nLas nuevas tablas recogen una mayor esperanza de vida de los peruanos. Seg\u00fan un estudio encargado por la <span class=\"caps\">SBS<\/span> a la firma Deloitte de Espa\u00f1a, la esperanza de vida se incrementa de 84 a 87 a\u00f1os para los hombres y de 87 a 90 a\u00f1os para las mujeres. En ambos casos, el alza es de tres a\u00f1os.<\/p>\n<p>Es necesario reiterar que el estudio basa sus estimaciones en las personas que actualmente forman parte del Sistema de Privado de Pensiones (<strong><span class=\"caps\">SPP<\/span><\/strong>), y no en toda la poblaci\u00f3n peruana.<\/p>\n<p>As\u00ed, no ser\u00edan exactas las comparaciones con el \u00faltimo reporte de Estad\u00edstica Sanitaria Mundial 2015 de la Organizaci\u00f3n Mundial de la Salud (<strong><span class=\"caps\">OMS<\/span><\/strong>), el cual ubica la esperanza de vida promedio de los peruanos, incluyendo la poblaci\u00f3n m\u00e1s vulnerable, en 79 a\u00f1os para las mujeres y 76 a\u00f1os para los hombres.<\/p>\n<p>Para la <strong><span class=\"caps\">SBS<\/span>,<\/strong> resulta necesario actualizar las <strong>tablas de mortalidad<\/strong> para reflejar los cambios en la <strong>esperanza de vida<\/strong> y longevidad de la poblaci\u00f3n afiliada al momento de optar por una pensi\u00f3n en el <span class=\"caps\">SPP<\/span>, a efectos de garantizar el pleno cumplimiento del pago de las pensiones correspondientes, tanto en las modalidades de rentas vitalicias (familiares o diferidas), como de retiro programado.<\/p>\n<p>\u201cLas mujeres de 90 y los hombres de 87 son una completa minor\u00eda. Cuestiono la solidez de esas cifras pues me parece muy dif\u00edcil. No se puede decir que (esas edades) es la esperanza promedio\u201d, indica el economista Jorge Gonz\u00e1lez Izquierdo, tras sugerir la publicaci\u00f3n del estudio de Deloitte.<\/p>\n<p><strong>Impacto<\/strong><br \/>\nSi se eleva la esperanza de vida, el monto de las pensiones indudablemente bajar\u00e1 pues el mismo dinero ahorrado de forma forzosa ser\u00e1 distribuido en un n\u00famero mayor de a\u00f1os pues ahora los peruanos vivimos m\u00e1s.<\/p>\n<p>\u00bfCu\u00e1nto bajar\u00e1n las pensiones? Aunque la <strong><span class=\"caps\">SBS<\/span><\/strong> sostiene que eso se sabr\u00e1 una vez que la nueva tabla entre en vigencia, algunos expertos ya se aventuran a dar estimados.<\/p>\n<p>Por ejemplo, Javier Olivera, especialista de Luxemburg Institute of Socio-Economic Research (<span class=\"caps\">LISER<\/span>), estima que la reducci\u00f3n del monto de las pensiones pueden bajar en 11% para hombres y en 7% para mujeres, desde 2016.<\/p>\n<p>En tanto, el economista Kurt Burneo proyect\u00f3 que las futuras pensiones de los afiliados a las <strong><span class=\"caps\">AFP<\/span><\/strong> se reducir\u00edan entre 3% y 5%, dependiendo de la situaci\u00f3n de cada aportante.<\/p>\n<p>Por su parte, el economista Gonz\u00e1lez Izquierdo indica que todav\u00eda es muy pronto para soltar estimados al aire.<\/p>\n<p>\u201cEs bien dif\u00edcil estimar, va a depender de cada caso en particular, del fondo que tienes, los a\u00f1os que tiene\u2026 S\u00ed se van a reducir pero no es un redacci\u00f3n \u2018matadora\u2019 de 30%, 40% o 50%, es una reducci\u00f3n menor\u201d, explic\u00f3.<\/p>\n<p><strong>Mitigaci\u00f3n del impacto<\/strong><br \/>\nEl presidente de la Asociaci\u00f3n de <span class=\"caps\">AFP<\/span>, Luis Valdivieso, propuso alternativas para mitigar el impacto negativo de las nuevas tablas de mortalidad en las pensiones.<\/p>\n<p>Se puede impulsar m\u00e1s el ahorro permitiendo los aportes voluntarios desde el ingreso al <span class=\"caps\">SPP<\/span>, elevar la edad de jubilaci\u00f3n, subir la tasa de aporte, que actualmente es de 10% de la remuneraci\u00f3n, bajar la tasa de inter\u00e9s para estimar la pensi\u00f3n u otras formas.<\/p>\n<p>\u201cEsas medidas son extremas. Subir la edad de jubilaci\u00f3n es una barbaridad en un pa\u00eds como el Per\u00fa. Hacerte ahorrar m\u00e1s del 10% de forma forzosa es otra barbaridad, en un pa\u00eds con tanta pobreza. Hay una serie de propuestas, habr\u00eda que estudiar cu\u00e1l es la mejor\u201d, expres\u00f3 Gonz\u00e1lez Izquierdo.<\/p>\n<p>Otras propuestas ya se enmarcan en una reforma de todo el sistema de <strong><span class=\"caps\">AFP<\/span><\/strong> como hacer que el ahorro sea voluntario o permitir que los fondos sean de libre disposici\u00f3n al llegar a la jubilaci\u00f3n.<\/p>\n<p>Fuente: Barbara Salas Vanini &#8211; <a href=\"http:\/\/gestion.pe\/economia\/claves-entender-nuevas-tablas-mortalidad-sbs-2147198\" target=\"_blank\">Gesti\u00f3n<\/a><\/p>\n","protected":false},"excerpt":{"rendered":"<div class=\"mh-excerpt\"><p>El economista Jorge Gonz\u00e1lez Izquierdo, explica cu\u00e1ndo entrar\u00edan en vigencia las nuevas tablas y por qu\u00e9 impactar\u00edan de forma negativa a las pensiones. La Superintendencia <a class=\"mh-excerpt-more\" href=\"https:\/\/cietsigubernamental.com\/blog\/claves-para-entender-las-nuevas-tablas-de-mortalidad-de-la-sbs-211\/\" title=\"Claves para entender las nuevas tablas de mortalidad de la SBS\">[&#8230;]<\/a><\/p>\n<\/div>","protected":false},"author":1,"featured_media":212,"comment_status":"open","ping_status":"open","sticky":false,"template":"","format":"standard","meta":{"jetpack_post_was_ever_published":false,"_jetpack_newsletter_access":"","_jetpack_dont_email_post_to_subs":false,"_jetpack_newsletter_tier_id":0,"_jetpack_memberships_contains_paywalled_content":false,"_jetpack_memberships_contains_paid_content":false,"footnotes":"","jetpack_publicize_message":"","jetpack_publicize_feature_enabled":true,"jetpack_social_post_already_shared":false,"jetpack_social_options":{"image_generator_settings":{"template":"highway","default_image_id":0,"font":"","enabled":false},"version":2}},"categories":[2],"tags":[],"class_list":["post-211","post","type-post","status-publish","format-standard","has-post-thumbnail","hentry","category-actualidad"],"jetpack_publicize_connections":[],"jetpack_featured_media_url":"https:\/\/i0.wp.com\/cietsigubernamental.com\/blog\/wp-content\/uploads\/2015\/11\/jubilacion.jpg?fit=630%2C356&ssl=1","jetpack_sharing_enabled":true,"jetpack_shortlink":"https:\/\/wp.me\/p9RxCY-3p","jetpack-related-posts":[],"_links":{"self":[{"href":"https:\/\/cietsigubernamental.com\/blog\/wp-json\/wp\/v2\/posts\/211","targetHints":{"allow":["GET"]}}],"collection":[{"href":"https:\/\/cietsigubernamental.com\/blog\/wp-json\/wp\/v2\/posts"}],"about":[{"href":"https:\/\/cietsigubernamental.com\/blog\/wp-json\/wp\/v2\/types\/post"}],"author":[{"embeddable":true,"href":"https:\/\/cietsigubernamental.com\/blog\/wp-json\/wp\/v2\/users\/1"}],"replies":[{"embeddable":true,"href":"https:\/\/cietsigubernamental.com\/blog\/wp-json\/wp\/v2\/comments?post=211"}],"version-history":[{"count":3,"href":"https:\/\/cietsigubernamental.com\/blog\/wp-json\/wp\/v2\/posts\/211\/revisions"}],"predecessor-version":[{"id":215,"href":"https:\/\/cietsigubernamental.com\/blog\/wp-json\/wp\/v2\/posts\/211\/revisions\/215"}],"wp:featuredmedia":[{"embeddable":true,"href":"https:\/\/cietsigubernamental.com\/blog\/wp-json\/wp\/v2\/media\/212"}],"wp:attachment":[{"href":"https:\/\/cietsigubernamental.com\/blog\/wp-json\/wp\/v2\/media?parent=211"}],"wp:term":[{"taxonomy":"category","embeddable":true,"href":"https:\/\/cietsigubernamental.com\/blog\/wp-json\/wp\/v2\/categories?post=211"},{"taxonomy":"post_tag","embeddable":true,"href":"https:\/\/cietsigubernamental.com\/blog\/wp-json\/wp\/v2\/tags?post=211"}],"curies":[{"name":"wp","href":"https:\/\/api.w.org\/{rel}","templated":true}]}}