{"id":1922,"date":"2022-07-04T16:35:06","date_gmt":"2022-07-04T16:35:06","guid":{"rendered":"http:\/\/cietsigubernamental.com\/blog\/?p=1922"},"modified":"2022-07-04T16:35:08","modified_gmt":"2022-07-04T16:35:08","slug":"webinar-gratuito-imagen-ejecutiva-en-la-labor-secretarial","status":"publish","type":"post","link":"https:\/\/cietsigubernamental.com\/blog\/webinar-gratuito-imagen-ejecutiva-en-la-labor-secretarial-1922\/","title":{"rendered":"WEBINAR GRATUITO IMAGEN EJECUTIVA EN LA LABOR SECRETARIAL"},"content":{"rendered":"\n<p><strong>WEBINAR GRATUITO IMAGEN EJECUTIVA EN LA LABOR SECRETARIAL<\/strong><\/p>\n<p><strong>MODALIDAD VIRTUAL EN VIVO<\/strong><\/p>\n<p><strong>Fecha:<\/strong>\u00a0viernes, 22 de julio de 2022<\/p>\n<p><strong>Horario:<\/strong>\u00a07:00 p.m. a 8:00 p.m.<\/p>\n<p><strong>Lugar:<\/strong>\u00a0Transmisi\u00f3n en vivo por Zoom y campus virtual Cietsi:\u00a0<a href=\"https:\/\/institutocietsi.com\/p\/webinar-gratuito-imagen-ejecutiva-en-la-labor-secretarial\/\" target=\"_blank\" rel=\"noopener\">https:\/\/institutocietsi.com\/p\/webinar-gratuito-imagen-ejecutiva-en-la-labor-secretarial\/<\/a><\/p>\n<div class=\"widget-title\">\n<h3>Dirigido<\/h3>\n<\/div>\n<p>+ Secretarias (os), asistentes administrativos que laboran en las diferentes \u00e1reas de las organizaciones.<\/p>\n<p>+ Profesionales que cumplen funciones como secretarias, asistentes ejecutivas, personal administrado y similares en el sector p\u00fablico y privado.<\/p>\n<p>+ Profesionales y t\u00e9cnicos que pretenden laborar en cargos vinculados al secretariado ejecutivo o asistente administrativo.<\/p>\n<p>+ Estudiantes y p\u00fablico en general.<\/p>\n<div class=\"widget-title\">\n<h3>Objetivos<\/h3>\n<\/div>\n<p>Brindar informaci\u00f3n importante sobre la influencia que tiene la imagen profesional de los secretarios y secretarias de entidades privadas y p\u00fablicas.<\/p>\n<div class=\"widget-title\">\n<h3>Ponente<\/h3>\n<\/div>\n<p><strong>Mg. Ana Cecilia Morillas Obreg\u00f3n\u00a0<\/strong><\/p>\n<p><strong><img data-recalc-dims=\"1\" decoding=\"async\" src=\"https:\/\/i0.wp.com\/cietsiperu.com\/images\/paginas\/web\/Ana_Cecilia_Morillas_Obreg%C3%B3n.jpg?ssl=1\" alt=\"\" \/><\/strong><\/p>\n<p>Estudios concluidos de maestr\u00eda con menci\u00f3n en Educaci\u00f3n Superior en la Universidad Nacional de Educaci\u00f3n, Certificaciones a nivel nacional y estudios en Organizaci\u00f3n del ceremonial del Estado en la Academia Diplom\u00e1tica del Per\u00fa Javier P\u00e9rez de Cuellar. Miembro del directorio de la Asociaci\u00f3n Latinoamericana de Especialista en Protocolo Eventos y Bodas (ALEPEB con sede en Uruguay), miembro de la \u201cAsociaci\u00f3n Peruana de Ceremonialista\u201d (APCER), una de las primeras Wedding Planner Certificada de la Association of Bridal Consultants (ABC), Directora de Educaci\u00f3n en la C\u00e1mara de profesionales de eventos de Lima (CAPEV).<\/p>\n<p>Trainer en Organizaci\u00f3n de Banquetes y Protocolo en Palacio de Gobierno para el staff de Mayordomos que atienden los eventos de presidencia; as\u00ed como, para la Embajada de Australia y hoteles a nivel nacional.<\/p>\n<p>Actualmente Evaluadora en Competencias Laborales en Eventos y Servicio de Comedor por el Ministerio de Trabajo con (licencia hasta el 2022). Conferencista y docente en la Fundaci\u00f3n de la Academia Diplom\u00e1tica del Per\u00fa Javier P\u00e9rez de Cuellar, Universidad del Pac\u00edfico, Le Cordon Bleu, CENFOTUR, entre otros.<\/p>\n<p><strong>PARA PARTICIPAR DEL WEBINAR:<\/strong><\/p>\n<p>+ Reg\u00edstrate aqu\u00ed:\u00a0<a href=\"https:\/\/docs.google.com\/forms\/d\/e\/1FAIpQLSc3Uic1GCWH9h2B_ygPJ_fv4YRj04cP_010A2_wuMx_pvB7Vw\/viewform\" target=\"_blank\" rel=\"noopener\">https:\/\/bit.ly\/wseceje<\/a><\/p>\n<p>+ En caso no puedas registrarte, puedes enviarnos tus datos al Celular\/WhatsApp: 956272261 (<a href=\"https:\/\/api.whatsapp.com\/send?phone=51956272261&amp;text=Hola,%20necesito%20informaci%C3%B3n%20del%20Webinar%20Gratuito%20Imagen%20Ejecutiva%20en%20la%20Labor%20Secretarial\" target=\"_blank\" rel=\"noopener\">https:\/\/bit.ly\/wsecejew<\/a>)<\/p>\n<p><strong>CERTIFICACI\u00d3N OPCIONAL:<\/strong>\u00a0S\/ 20 soles\u00a0<\/p>\n<p>A nombre del Centro de Altos Estudios Cietsi<\/p>\n<p><strong>Importante:<\/strong><\/p>\n<p>+ El certificado es f\u00edsico y digital con c\u00f3digo QR, que podr\u00e1 validarse a nivel nacional e internacional en nuestra web:\u00a0<a href=\"https:\/\/cietsiperu.com\/validar\/\" target=\"_blank\" rel=\"noopener\">https:\/\/cietsiperu.com\/validar\/<\/a><\/p>\n<p>+ El certificado digital se env\u00eda por correo electr\u00f3nico y en f\u00edsico lo puede recoger en nuestra sede Chiclayo: Av. S\u00e1enz Pe\u00f1a 615<\/p>\n<p>+ Solicitar informaci\u00f3n en caso desee certificarse a nombre del Colegio de Licenciados en Administraci\u00f3n Regi\u00f3n Lambayeque<\/p>\n<p>+ Sortearemos BECAS al finalizar el webinar<\/p>\n<p><em><strong>\u00a1\u00a1Edici\u00f3n exclusiva!!<\/strong><\/em><\/p>\n<p><em><strong>Solicita informaci\u00f3n de nuestro pr\u00f3ximo\u00a0<a href=\"https:\/\/cietsiperu.com\/diplomado\/96\/diplomado-en-secretariado-y-asistente-administrativo-2022\" target=\"_blank\" rel=\"noopener\">Diplomado en Secretariado y Asistente Administrativo 2022\u00a0<\/a><\/strong><\/em><\/p>\n","protected":false},"excerpt":{"rendered":"<div class=\"mh-excerpt\"><p>WEBINAR GRATUITO IMAGEN EJECUTIVA EN LA LABOR SECRETARIAL MODALIDAD VIRTUAL EN VIVO Fecha:\u00a0viernes, 22 de julio de 2022 Horario:\u00a07:00 p.m. a 8:00 p.m. Lugar:\u00a0Transmisi\u00f3n en <a class=\"mh-excerpt-more\" href=\"https:\/\/cietsigubernamental.com\/blog\/webinar-gratuito-imagen-ejecutiva-en-la-labor-secretarial-1922\/\" title=\"WEBINAR GRATUITO IMAGEN EJECUTIVA EN LA LABOR SECRETARIAL\">[&#8230;]<\/a><\/p>\n<\/div>","protected":false},"author":1,"featured_media":1923,"comment_status":"open","ping_status":"open","sticky":false,"template":"","format":"standard","meta":{"jetpack_post_was_ever_published":false,"_jetpack_newsletter_access":"","_jetpack_dont_email_post_to_subs":false,"_jetpack_newsletter_tier_id":0,"_jetpack_memberships_contains_paywalled_content":false,"_jetpack_memberships_contains_paid_content":false,"footnotes":"","jetpack_publicize_message":"","jetpack_publicize_feature_enabled":true,"jetpack_social_post_already_shared":true,"jetpack_social_options":{"image_generator_settings":{"template":"highway","default_image_id":0,"font":"","enabled":false},"version":2}},"categories":[2,5,59,71,24,70,69,1,12],"tags":[],"class_list":["post-1922","post","type-post","status-publish","format-standard","has-post-thumbnail","hentry","category-actualidad","category-cursos-talleres-cietsi","category-cursos-talleres-gratuitos","category-diplomados","category-gestion-publica","category-gubernamental","category-ingenierias","category-sin-categoria","category-tecnologias"],"jetpack_publicize_connections":[],"jetpack_featured_media_url":"https:\/\/i0.wp.com\/cietsigubernamental.com\/blog\/wp-content\/uploads\/2022\/07\/WEBINAR-GRATUTO-IMAGEN-EJECUTIVA-EN-LA-LABOR-SECRETARIAL-2.jpg?fit=956%2C541&ssl=1","jetpack_sharing_enabled":true,"jetpack_shortlink":"https:\/\/wp.me\/p9RxCY-v0","jetpack-related-posts":[],"_links":{"self":[{"href":"https:\/\/cietsigubernamental.com\/blog\/wp-json\/wp\/v2\/posts\/1922","targetHints":{"allow":["GET"]}}],"collection":[{"href":"https:\/\/cietsigubernamental.com\/blog\/wp-json\/wp\/v2\/posts"}],"about":[{"href":"https:\/\/cietsigubernamental.com\/blog\/wp-json\/wp\/v2\/types\/post"}],"author":[{"embeddable":true,"href":"https:\/\/cietsigubernamental.com\/blog\/wp-json\/wp\/v2\/users\/1"}],"replies":[{"embeddable":true,"href":"https:\/\/cietsigubernamental.com\/blog\/wp-json\/wp\/v2\/comments?post=1922"}],"version-history":[{"count":1,"href":"https:\/\/cietsigubernamental.com\/blog\/wp-json\/wp\/v2\/posts\/1922\/revisions"}],"predecessor-version":[{"id":1924,"href":"https:\/\/cietsigubernamental.com\/blog\/wp-json\/wp\/v2\/posts\/1922\/revisions\/1924"}],"wp:featuredmedia":[{"embeddable":true,"href":"https:\/\/cietsigubernamental.com\/blog\/wp-json\/wp\/v2\/media\/1923"}],"wp:attachment":[{"href":"https:\/\/cietsigubernamental.com\/blog\/wp-json\/wp\/v2\/media?parent=1922"}],"wp:term":[{"taxonomy":"category","embeddable":true,"href":"https:\/\/cietsigubernamental.com\/blog\/wp-json\/wp\/v2\/categories?post=1922"},{"taxonomy":"post_tag","embeddable":true,"href":"https:\/\/cietsigubernamental.com\/blog\/wp-json\/wp\/v2\/tags?post=1922"}],"curies":[{"name":"wp","href":"https:\/\/api.w.org\/{rel}","templated":true}]}}