{"id":180,"date":"2015-09-30T21:08:34","date_gmt":"2015-09-30T21:08:34","guid":{"rendered":"http:\/\/cietsigubernamental.com\/blog\/?p=180"},"modified":"2015-09-30T21:13:41","modified_gmt":"2015-09-30T21:13:41","slug":"jovenes-que-no-estudian-ni-estan-empleados-en-america-latina-y-el-caribe","status":"publish","type":"post","link":"https:\/\/cietsigubernamental.com\/blog\/jovenes-que-no-estudian-ni-estan-empleados-en-america-latina-y-el-caribe-180\/","title":{"rendered":"J\u00f3venes que no estudian ni est\u00e1n empleados en Am\u00e9rica Latina y el Caribe"},"content":{"rendered":"<p>Existe una preocupaci\u00f3n creciente por los y las j\u00f3venes de la regi\u00f3n que est\u00e1n quedando al margen de dos instituciones fundamentales para la inclusi\u00f3n social: la educaci\u00f3n y el empleo, alerta la Comisi\u00f3n Econ\u00f3mica para Am\u00e9rica Latina y el Caribe (CEPAL).<\/p>\n<p><img data-recalc-dims=\"1\" loading=\"lazy\" decoding=\"async\" data-attachment-id=\"181\" data-permalink=\"https:\/\/cietsigubernamental.com\/blog\/jovenes-que-no-estudian-ni-estan-empleados-en-america-latina-y-el-caribe-180\/cepal\/\" data-orig-file=\"https:\/\/i0.wp.com\/cietsigubernamental.com\/blog\/wp-content\/uploads\/2015\/09\/CEPAL.jpg?fit=1224%2C1584&amp;ssl=1\" data-orig-size=\"1224,1584\" data-comments-opened=\"1\" data-image-meta=\"{&quot;aperture&quot;:&quot;0&quot;,&quot;credit&quot;:&quot;&quot;,&quot;camera&quot;:&quot;&quot;,&quot;caption&quot;:&quot;&quot;,&quot;created_timestamp&quot;:&quot;0&quot;,&quot;copyright&quot;:&quot;&quot;,&quot;focal_length&quot;:&quot;0&quot;,&quot;iso&quot;:&quot;0&quot;,&quot;shutter_speed&quot;:&quot;0&quot;,&quot;title&quot;:&quot;&quot;,&quot;orientation&quot;:&quot;0&quot;}\" data-image-title=\"Jovenes y empleos\" data-image-description=\"\" data-image-caption=\"\" data-large-file=\"https:\/\/i0.wp.com\/cietsigubernamental.com\/blog\/wp-content\/uploads\/2015\/09\/CEPAL.jpg?fit=791%2C1024&amp;ssl=1\" class=\"alignnone  wp-image-181\" src=\"https:\/\/i0.wp.com\/cietsigubernamental.com\/blog\/wp-content\/uploads\/2015\/09\/CEPAL.jpg?resize=692%2C896&#038;ssl=1\" alt=\"Jovenes y empleos\" width=\"692\" height=\"896\" srcset=\"https:\/\/i0.wp.com\/cietsigubernamental.com\/blog\/wp-content\/uploads\/2015\/09\/CEPAL.jpg?w=1224&amp;ssl=1 1224w, https:\/\/i0.wp.com\/cietsigubernamental.com\/blog\/wp-content\/uploads\/2015\/09\/CEPAL.jpg?resize=232%2C300&amp;ssl=1 232w, https:\/\/i0.wp.com\/cietsigubernamental.com\/blog\/wp-content\/uploads\/2015\/09\/CEPAL.jpg?resize=791%2C1024&amp;ssl=1 791w\" sizes=\"auto, (max-width: 692px) 100vw, 692px\" \/><\/p>\n<p>Este es uno de los temas que se tratar\u00e1 la pr\u00f3xima semana en la Conferencia Regional sobre Poblaci\u00f3n y Desarrollo en M\u00e9xico.<\/p>\n<p><a href=\"http:\/\/crpd.cepal.org\/es\/noticias\/mexico-acogera-segunda-reunion-de-la-conferencia-regional-sobre-poblacion-y-desarrollo\" target=\"_blank\">Mayor detalle aqu\u00ed<\/a><\/p>\n<p>Fuente CEPAL<\/p>\n","protected":false},"excerpt":{"rendered":"<div class=\"mh-excerpt\"><p>Existe una preocupaci\u00f3n creciente por los y las j\u00f3venes de la regi\u00f3n que est\u00e1n quedando al margen de dos instituciones fundamentales para la inclusi\u00f3n social: <a class=\"mh-excerpt-more\" href=\"https:\/\/cietsigubernamental.com\/blog\/jovenes-que-no-estudian-ni-estan-empleados-en-america-latina-y-el-caribe-180\/\" title=\"J\u00f3venes que no estudian ni est\u00e1n empleados en Am\u00e9rica Latina y el Caribe\">[&#8230;]<\/a><\/p>\n<\/div>","protected":false},"author":1,"featured_media":185,"comment_status":"open","ping_status":"open","sticky":false,"template":"","format":"standard","meta":{"jetpack_post_was_ever_published":false,"_jetpack_newsletter_access":"","_jetpack_dont_email_post_to_subs":false,"_jetpack_newsletter_tier_id":0,"_jetpack_memberships_contains_paywalled_content":false,"_jetpack_memberships_contains_paid_content":false,"footnotes":"","jetpack_publicize_message":"","jetpack_publicize_feature_enabled":true,"jetpack_social_post_already_shared":false,"jetpack_social_options":{"image_generator_settings":{"template":"highway","default_image_id":0,"font":"","enabled":false},"version":2}},"categories":[1],"tags":[],"class_list":["post-180","post","type-post","status-publish","format-standard","has-post-thumbnail","hentry","category-sin-categoria"],"jetpack_publicize_connections":[],"jetpack_featured_media_url":"https:\/\/i0.wp.com\/cietsigubernamental.com\/blog\/wp-content\/uploads\/2015\/09\/crop.jpg?fit=580%2C326&ssl=1","jetpack_sharing_enabled":true,"jetpack_shortlink":"https:\/\/wp.me\/p9RxCY-2U","jetpack-related-posts":[],"_links":{"self":[{"href":"https:\/\/cietsigubernamental.com\/blog\/wp-json\/wp\/v2\/posts\/180","targetHints":{"allow":["GET"]}}],"collection":[{"href":"https:\/\/cietsigubernamental.com\/blog\/wp-json\/wp\/v2\/posts"}],"about":[{"href":"https:\/\/cietsigubernamental.com\/blog\/wp-json\/wp\/v2\/types\/post"}],"author":[{"embeddable":true,"href":"https:\/\/cietsigubernamental.com\/blog\/wp-json\/wp\/v2\/users\/1"}],"replies":[{"embeddable":true,"href":"https:\/\/cietsigubernamental.com\/blog\/wp-json\/wp\/v2\/comments?post=180"}],"version-history":[{"count":3,"href":"https:\/\/cietsigubernamental.com\/blog\/wp-json\/wp\/v2\/posts\/180\/revisions"}],"predecessor-version":[{"id":184,"href":"https:\/\/cietsigubernamental.com\/blog\/wp-json\/wp\/v2\/posts\/180\/revisions\/184"}],"wp:featuredmedia":[{"embeddable":true,"href":"https:\/\/cietsigubernamental.com\/blog\/wp-json\/wp\/v2\/media\/185"}],"wp:attachment":[{"href":"https:\/\/cietsigubernamental.com\/blog\/wp-json\/wp\/v2\/media?parent=180"}],"wp:term":[{"taxonomy":"category","embeddable":true,"href":"https:\/\/cietsigubernamental.com\/blog\/wp-json\/wp\/v2\/categories?post=180"},{"taxonomy":"post_tag","embeddable":true,"href":"https:\/\/cietsigubernamental.com\/blog\/wp-json\/wp\/v2\/tags?post=180"}],"curies":[{"name":"wp","href":"https:\/\/api.w.org\/{rel}","templated":true}]}}