{"id":1797,"date":"2022-03-01T16:02:58","date_gmt":"2022-03-01T16:02:58","guid":{"rendered":"http:\/\/cietsigubernamental.com\/blog\/?p=1797"},"modified":"2022-03-01T16:03:02","modified_gmt":"2022-03-01T16:03:02","slug":"webinar-gratuito-retos-y-desafios-de-la-gestion-publica-2022","status":"publish","type":"post","link":"https:\/\/cietsigubernamental.com\/blog\/webinar-gratuito-retos-y-desafios-de-la-gestion-publica-2022-1797\/","title":{"rendered":"WEBINAR GRATUITO RETOS Y DESAF\u00cdOS DE LA GESTI\u00d3N P\u00daBLICA 2022"},"content":{"rendered":"\n<p><strong>WEBINAR GRATUITO RETOS Y DESAF\u00cdOS DE LA GESTI\u00d3N P\u00daBLICA<\/strong><\/p>\n<p><strong>MODALIDAD VIRTUAL ONLINE<\/strong><\/p>\n<p><strong>Fecha y horario:<\/strong>\u00a0viernes, 11 de marzo de 6:00 p.m. a 7:00 p.m.<\/p>\n<p><strong>Lugar:<\/strong>\u00a0Transmisi\u00f3n en vivo por Zoom, Facebook\u00a0<a href=\"https:\/\/www.facebook.com\/cietsiperu\" target=\"_blank\" rel=\"noopener\">Cietsi Per\u00fa<\/a>\u00a0y campus virtual Cietsi:\u00a0<a href=\"https:\/\/institutocietsi.com\/p\/webinar-gratuito-retos-y-desafios-de-la-gestion-publica\/\" target=\"_blank\" rel=\"noopener\">https:\/\/institutocietsi.com\/p\/webinar-gratuito-retos-y-desafios-de-la-gestion-publica<\/a><\/p>\n<p><strong>PARA PARTICIPAR DEL WENINAR:<\/strong><\/p>\n<p>+ Formulario:\u00a0<a href=\"https:\/\/docs.google.com\/forms\/d\/e\/1FAIpQLSeGcR9rWUE5oXvjqq-oSOByiQ-rcTgrqC3VPCfQFumQIKsPEg\/viewform\" target=\"_blank\" rel=\"noopener\">https:\/\/bit.ly\/WCietsi<\/a><\/p>\n<p>+ En caso no pueda registrarse en los dos links anteriores, puedes enviarnos sus datos al Celular\/WhatsApp: 956272261 (<a href=\"https:\/\/api.whatsapp.com\/send?phone=51956272261&amp;text=Hola,%20necesito%20informaci%C3%B3n%20del%20Webinar%20Gratuito%20Retos%20y%20Desaf%C3%ADos%20de%20la%20Gesti%C3%B3n%20P%C3%BAblica\" target=\"_blank\" rel=\"noopener\">https:\/\/bit.ly\/WeRyDGP<\/a>)<\/p>\n<p><strong>El participante tambi\u00e9n tiene la opci\u00f3n de certificarse:<\/strong><\/p>\n<p>Certificado f\u00edsico y digital a nombre del Centro de Altos Estudios Cietsi: S\/ 30 Soles<\/p>\n<p><strong>Nota:\u00a0<\/strong><\/p>\n<p>+ El certificado se env\u00eda v\u00eda correo electr\u00f3nico, en caso desee el env\u00edo en f\u00edsico, deber\u00e1 realizar el pago de env\u00edo (costo de env\u00edo depende de la ciudad)<\/p>\n<p>+ Consultar en caso desee certificarse a nombre del Colegio de Licenciados en Administraci\u00f3n Regi\u00f3n Lambayeque o con el Colegio de Contadores P\u00fablicos de Huancavelica<\/p>\n<p><strong>IMPORTANTE:<\/strong>\u00a0Si participas del Webinar en vivo por Zoom, tienes la opci\u00f3n de participar del sorteo de becas para el\u00a0<a href=\"https:\/\/cietsiperu.com\/diplomado\/90\/diplomado-en-gestiOn-pUblica-y-los-sistemas-administrativos-siaf---siga-----seace-2022\" target=\"_blank\" rel=\"noopener\"><strong>Diplomado en Gesti\u00f3n P\u00fablica y los Sistemas Administrativos (SIAF SIGA SEACE)<\/strong><\/a>\u00a0\u2013 El sorteo se realizar\u00e1 al finalizar el Webinar.<\/p>\n<div class=\"widget-title\">\n<h3>Dirigido<\/h3>\n<\/div>\n<p>+ Directivos, gerentes, jefes y personal que laboran en las \u00e1reas de administraci\u00f3n, planeamiento y presupuesto, finanzas, contabilidad, recursos humanos, proyectos de inversi\u00f3n, abastecimiento, \u00f3rgano de control institucional, supervisi\u00f3n y otras \u00e1reas de las entidades p\u00fablicas que requieran fomentar una cultura orientada hacia la gesti\u00f3n por resultados.<\/p>\n<p>+ Ejecutivos, consultores independientes y entidades de la sociedad civil interesados en conocer sobre el funcionamiento de la gesti\u00f3n p\u00fablica.<\/p>\n<p>+ P\u00fablico en general que deseen trabajar en el sector p\u00fablico.<\/p>\n<div class=\"widget-title\">\n<h3>Temario<\/h3>\n<\/div>\n<p>Clase magistral sobre los retos y desaf\u00edos de la gesti\u00f3n p\u00fablica en el marco de pandemia y post pandemia.<\/p>\n<div class=\"widget-title\">\n<h3>Ponente<\/h3>\n<\/div>\n<p><strong>ING. VLADO CASTA\u00d1EDA GONZALES<\/strong><\/p>\n<p>Ingeniero Civil, Master en Estudios Pol\u00edticos Aplicados (FIIAPP &#8211; Espa\u00f1a), Mag\u00edster en Pol\u00edtica Aplicada. Instituciones y Procesos Pol\u00edticos; T\u00edtulo propio del Instituto Universitario de Investigaci\u00f3n Ortega y Gasset (adscrito a la Universidad Complutense), M\u00e1ster en Gesti\u00f3n de la Calidad y Auditor\u00eda de Sistemas, T\u00edtulo Propio del Centro Europeo de Post-Grado \u2013 CEUPE. Ha realizado pasant\u00eda en el Ministerio de Administraciones P\u00fablicas de Espa\u00f1a.<\/p>\n<p>Especialista en Descentralizaci\u00f3n y Pol\u00edticas P\u00fablicas con \u00e9nfasis en Pol\u00edticas Sociales; con m\u00e1s de 20 a\u00f1os de experiencia en el Sector P\u00fablico (PROMUDEH, MIMDES hoy MIMP, CND, Despacho Presidencial &#8211; PCM, MINSA, JCI INTERNOR), se ha desempe\u00f1ado como Secretario de Coordinaci\u00f3n de la Presidencia del Consejo de Ministros (en 3 gobiernos consecutivamente) y Asesor del Despacho Ministerial del MINSA (de 4 ministros de salud), siendo adem\u00e1s miembro del Cuerpo de Gerentes P\u00fablicos desde diciembre del 2009. Obtenci\u00f3n del Premio a las Buenas Pr\u00e1cticas en Gesti\u00f3n P\u00fablica 2010 en la categor\u00eda de Sistemas de Gesti\u00f3n Interna (Premio Nacional Otorgado por ONG Ciudadanos al D\u00eda), por la experiencia denominada \u201cRUBEN \u2013 Registro Unificado de Beneficiarios de los Programas Sociales\u201d (en representaci\u00f3n del MIMDES).<\/p>\n<p>Asimismo, es docente universitario de la UNMSM (Escuela de Profesional de Ciencia Pol\u00edtica, en temas de pol\u00edticas p\u00fablicas) y docente de cursos de Post Grado en UP, PUCP, USMP, UNI, Universidad Continental, URP, entre otras, adem\u00e1s docente en la Escuela Nacional de Administraci\u00f3n P\u00fabica (ENAP-SERVIR) en temas relacionados a POL\u00cdTICAS p\u00fablicas y GESTI\u00d3N p\u00fablica; todo ello en cursos dirigidos a funcionarios y servidores p\u00fablicos del gobierno nacional, regional y local. Actualmente consultor en Pol\u00edticas P\u00fablicas y Gesti\u00f3n P\u00fablica.<\/p>\n<p><em><strong>\u00a1\u00a1Edici\u00f3n exclusiva!!<\/strong><\/em><\/p>\n","protected":false},"excerpt":{"rendered":"<div class=\"mh-excerpt\"><p>WEBINAR GRATUITO RETOS Y DESAF\u00cdOS DE LA GESTI\u00d3N P\u00daBLICA MODALIDAD VIRTUAL ONLINE Fecha y horario:\u00a0viernes, 11 de marzo de 6:00 p.m. a 7:00 p.m. Lugar:\u00a0Transmisi\u00f3n <a class=\"mh-excerpt-more\" href=\"https:\/\/cietsigubernamental.com\/blog\/webinar-gratuito-retos-y-desafios-de-la-gestion-publica-2022-1797\/\" title=\"WEBINAR GRATUITO RETOS Y DESAF\u00cdOS DE LA GESTI\u00d3N P\u00daBLICA 2022\">[&#8230;]<\/a><\/p>\n<\/div>","protected":false},"author":1,"featured_media":1798,"comment_status":"open","ping_status":"open","sticky":false,"template":"","format":"standard","meta":{"jetpack_post_was_ever_published":false,"_jetpack_newsletter_access":"","_jetpack_dont_email_post_to_subs":false,"_jetpack_newsletter_tier_id":0,"_jetpack_memberships_contains_paywalled_content":false,"_jetpack_memberships_contains_paid_content":false,"footnotes":"","jetpack_publicize_message":"","jetpack_publicize_feature_enabled":true,"jetpack_social_post_already_shared":true,"jetpack_social_options":{"image_generator_settings":{"template":"highway","default_image_id":0,"font":"","enabled":false},"version":2}},"categories":[2,5,59,71,24,70,69,1,12],"tags":[],"class_list":["post-1797","post","type-post","status-publish","format-standard","has-post-thumbnail","hentry","category-actualidad","category-cursos-talleres-cietsi","category-cursos-talleres-gratuitos","category-diplomados","category-gestion-publica","category-gubernamental","category-ingenierias","category-sin-categoria","category-tecnologias"],"jetpack_publicize_connections":[],"jetpack_featured_media_url":"https:\/\/i0.wp.com\/cietsigubernamental.com\/blog\/wp-content\/uploads\/2022\/03\/WEBINAR-GRATUITO-RETOS-Y-DESAFIOS-DE-LA-GESTION-PUBLICA-2022-2.jpg?fit=953%2C541&ssl=1","jetpack_sharing_enabled":true,"jetpack_shortlink":"https:\/\/wp.me\/p9RxCY-sZ","jetpack-related-posts":[],"_links":{"self":[{"href":"https:\/\/cietsigubernamental.com\/blog\/wp-json\/wp\/v2\/posts\/1797","targetHints":{"allow":["GET"]}}],"collection":[{"href":"https:\/\/cietsigubernamental.com\/blog\/wp-json\/wp\/v2\/posts"}],"about":[{"href":"https:\/\/cietsigubernamental.com\/blog\/wp-json\/wp\/v2\/types\/post"}],"author":[{"embeddable":true,"href":"https:\/\/cietsigubernamental.com\/blog\/wp-json\/wp\/v2\/users\/1"}],"replies":[{"embeddable":true,"href":"https:\/\/cietsigubernamental.com\/blog\/wp-json\/wp\/v2\/comments?post=1797"}],"version-history":[{"count":1,"href":"https:\/\/cietsigubernamental.com\/blog\/wp-json\/wp\/v2\/posts\/1797\/revisions"}],"predecessor-version":[{"id":1799,"href":"https:\/\/cietsigubernamental.com\/blog\/wp-json\/wp\/v2\/posts\/1797\/revisions\/1799"}],"wp:featuredmedia":[{"embeddable":true,"href":"https:\/\/cietsigubernamental.com\/blog\/wp-json\/wp\/v2\/media\/1798"}],"wp:attachment":[{"href":"https:\/\/cietsigubernamental.com\/blog\/wp-json\/wp\/v2\/media?parent=1797"}],"wp:term":[{"taxonomy":"category","embeddable":true,"href":"https:\/\/cietsigubernamental.com\/blog\/wp-json\/wp\/v2\/categories?post=1797"},{"taxonomy":"post_tag","embeddable":true,"href":"https:\/\/cietsigubernamental.com\/blog\/wp-json\/wp\/v2\/tags?post=1797"}],"curies":[{"name":"wp","href":"https:\/\/api.w.org\/{rel}","templated":true}]}}