{"id":172,"date":"2015-09-26T16:02:48","date_gmt":"2015-09-26T16:02:48","guid":{"rendered":"http:\/\/cietsigubernamental.com\/blog\/?p=172"},"modified":"2015-09-26T16:02:48","modified_gmt":"2015-09-26T16:02:48","slug":"nuevos-diplomados-2015-setiembre","status":"publish","type":"post","link":"https:\/\/cietsigubernamental.com\/blog\/nuevos-diplomados-2015-setiembre-172\/","title":{"rendered":"NUEVOS DIPLOMADOS 2015 &#8211; SETIEMBRE"},"content":{"rendered":"<p>&nbsp;<\/p>\n<p><em>\u00a1\u00a1\u00a1Hemos habilitado 3 vacantes en cada grupo!!!<\/em><\/p>\n<p><strong>Diplomado de alta especializaci\u00f3n en el SIAF SP 2015 V 15.05.01 <\/strong><\/p>\n<p><strong>Inici\u00f3 en Chiclayo:<\/strong><\/p>\n<p>Jueves 03 de setiembre en el horario de 6:30pm a 9:3pm, duraci\u00f3n 4 meses (todos los jueves) \u2013 Pr\u00f3xima clase 24 de setiembre 2015<\/p>\n<p><strong>Inici\u00f3 en Piura:<\/strong><\/p>\n<p>Grupo 1: viernes 18 de setiembre en el horario de 6pm a 9pm (todos los viernes), duraci\u00f3n 4 meses \u2013 Pr\u00f3xima clase 25 de setiembre 2015<\/p>\n<p>Grupo 2: s\u00e1bado 19 de setiembre en el horario de 3pm a 6:3pm (todos los s\u00e1bados), duraci\u00f3n 4 meses \u2013 Pr\u00f3xima clase 26 de setiembre 2015<\/p>\n<p>Mayor detalle aqu\u00ed: http:\/\/goo.gl\/OPqXjl<\/p>\n<p>&#8212;&#8212;&#8212;&#8212;&#8212;&#8212;&#8212;&#8212;&#8212;&#8212;&#8212;&#8212;&#8212;&#8212;&#8212;&#8212;&#8212;&#8212;&#8212;&#8212;&#8212;&#8212;&#8212;<\/p>\n<p><strong>Diplomado de alta especializaci\u00f3n en el SIGA MEF 2015<\/strong><\/p>\n<p><strong>Inici\u00f3 en Chiclayo<\/strong><\/p>\n<p>S\u00e1bado 19 de setiembre en el horario de 9:30am a 1pm, y de 3:00pm a 6:30pm, duraci\u00f3n 4 meses (quincenal) \u2013 Pr\u00f3xima clase 03 de octubre 2015<\/p>\n<p><strong>Inicia en Piura<\/strong><\/p>\n<p>S\u00e1bado 03 de octubre en el horario de 3pm a 6:30pm y domingos de 10am a 1:30pm (Frecuencia quincenal)<\/p>\n<p>Mayor detalle aqu\u00ed: http:\/\/goo.gl\/wYKPZj<\/p>\n<p>&#8212;&#8212;&#8212;&#8212;&#8212;&#8212;&#8212;&#8212;&#8212;&#8212;&#8212;&#8212;&#8212;&#8212;&#8212;&#8212;&#8212;&#8212;&#8212;&#8212;&#8212;&#8212;&#8212;<\/p>\n<p>&nbsp;<\/p>\n<p><strong>Diplomado de alta especializaci\u00f3n en Sistemas Inform\u00e1ticos de Gesti\u00f3n P\u00fablica \u2013 SIAF \u2013 SEACE \u2013 SIGA<\/strong><\/p>\n<p><strong>Inici\u00f3 en Chiclayo<\/strong><\/p>\n<p>S\u00e1bado 12 de setiembre en el horario de 9:00am a 1pm, 3pm a 7pm, duraci\u00f3n 4 meses (quincenal) \u2013 Pr\u00f3xima clase 26 de setiembre 2015<\/p>\n<p>Mayor detalle aqu\u00ed: <a href=\"http:\/\/goo.gl\/0QjRoU\">http:\/\/goo.gl\/0QjRoU<\/a><\/p>\n<p>&#8212;&#8212;&#8212;&#8212;&#8212;&#8212;<\/p>\n<p>Mayores detalles y consultas: 074 \u2013 637020, 073-630855, RPM #968059963, RPC 956272261, <a href=\"mailto:informes@cietsiperu.com\">informes@cietsiperu.com<\/a>, www.cietsiperu.com<\/p>\n","protected":false},"excerpt":{"rendered":"<div class=\"mh-excerpt\"><p>&nbsp; \u00a1\u00a1\u00a1Hemos habilitado 3 vacantes en cada grupo!!! Diplomado de alta especializaci\u00f3n en el SIAF SP 2015 V 15.05.01 Inici\u00f3 en Chiclayo: Jueves 03 de <a class=\"mh-excerpt-more\" href=\"https:\/\/cietsigubernamental.com\/blog\/nuevos-diplomados-2015-setiembre-172\/\" title=\"NUEVOS DIPLOMADOS 2015 &#8211; SETIEMBRE\">[&#8230;]<\/a><\/p>\n<\/div>","protected":false},"author":1,"featured_media":173,"comment_status":"open","ping_status":"open","sticky":false,"template":"","format":"standard","meta":{"jetpack_post_was_ever_published":false,"_jetpack_newsletter_access":"","_jetpack_dont_email_post_to_subs":false,"_jetpack_newsletter_tier_id":0,"_jetpack_memberships_contains_paywalled_content":false,"_jetpack_memberships_contains_paid_content":false,"footnotes":"","jetpack_publicize_message":"","jetpack_publicize_feature_enabled":true,"jetpack_social_post_already_shared":false,"jetpack_social_options":{"image_generator_settings":{"template":"highway","default_image_id":0,"font":"","enabled":false},"version":2}},"categories":[2],"tags":[],"class_list":["post-172","post","type-post","status-publish","format-standard","has-post-thumbnail","hentry","category-actualidad"],"jetpack_publicize_connections":[],"jetpack_featured_media_url":"https:\/\/i0.wp.com\/cietsigubernamental.com\/blog\/wp-content\/uploads\/2015\/09\/siaf-piura-sabados.jpg?fit=1945%2C1263&ssl=1","jetpack_sharing_enabled":true,"jetpack_shortlink":"https:\/\/wp.me\/p9RxCY-2M","jetpack-related-posts":[],"_links":{"self":[{"href":"https:\/\/cietsigubernamental.com\/blog\/wp-json\/wp\/v2\/posts\/172","targetHints":{"allow":["GET"]}}],"collection":[{"href":"https:\/\/cietsigubernamental.com\/blog\/wp-json\/wp\/v2\/posts"}],"about":[{"href":"https:\/\/cietsigubernamental.com\/blog\/wp-json\/wp\/v2\/types\/post"}],"author":[{"embeddable":true,"href":"https:\/\/cietsigubernamental.com\/blog\/wp-json\/wp\/v2\/users\/1"}],"replies":[{"embeddable":true,"href":"https:\/\/cietsigubernamental.com\/blog\/wp-json\/wp\/v2\/comments?post=172"}],"version-history":[{"count":2,"href":"https:\/\/cietsigubernamental.com\/blog\/wp-json\/wp\/v2\/posts\/172\/revisions"}],"predecessor-version":[{"id":175,"href":"https:\/\/cietsigubernamental.com\/blog\/wp-json\/wp\/v2\/posts\/172\/revisions\/175"}],"wp:featuredmedia":[{"embeddable":true,"href":"https:\/\/cietsigubernamental.com\/blog\/wp-json\/wp\/v2\/media\/173"}],"wp:attachment":[{"href":"https:\/\/cietsigubernamental.com\/blog\/wp-json\/wp\/v2\/media?parent=172"}],"wp:term":[{"taxonomy":"category","embeddable":true,"href":"https:\/\/cietsigubernamental.com\/blog\/wp-json\/wp\/v2\/categories?post=172"},{"taxonomy":"post_tag","embeddable":true,"href":"https:\/\/cietsigubernamental.com\/blog\/wp-json\/wp\/v2\/tags?post=172"}],"curies":[{"name":"wp","href":"https:\/\/api.w.org\/{rel}","templated":true}]}}