{"id":1698,"date":"2021-09-18T22:25:17","date_gmt":"2021-09-18T22:25:17","guid":{"rendered":"http:\/\/cietsigubernamental.com\/blog\/?p=1698"},"modified":"2021-09-18T22:25:20","modified_gmt":"2021-09-18T22:25:20","slug":"curso-especializado-legislacion-laboral-y-gestion-de-compensaciones","status":"publish","type":"post","link":"https:\/\/cietsigubernamental.com\/blog\/curso-especializado-legislacion-laboral-y-gestion-de-compensaciones-1698\/","title":{"rendered":"CURSO ESPECIALIZADO LEGISLACI\u00d3N LABORAL Y GESTI\u00d3N DE COMPENSACIONES"},"content":{"rendered":"\n<p><strong>CURSO ESPECIALIZADO LEGISLACI\u00d3N LABORAL Y GESTI\u00d3N DE COMPENSACIONES<\/strong><\/p>\n<p><strong>MODALIDAD VIRTUAL ONLINE (EN VIVO)<\/strong><\/p>\n<p><strong>Fechas y horario:<\/strong>\u00a026 de septiembre, 3 octubre de 2021 de 9:00 a.m. a 1:00 p.m.<\/p>\n<p><strong>Lugar:<\/strong>\u00a0Zoom y campus virtual Cietsi:\u00a0<a href=\"https:\/\/institutocietsi.com\/p\/legislacion-laboral-y-compensaciones\/\" target=\"_blank\" rel=\"noopener\">https:\/\/institutocietsi.com\/p\/legislacion-laboral-y-compensaciones\/<\/a><\/p>\n<div class=\"widget-title\">\n<h3>Dirigido<\/h3>\n<\/div>\n<p>+ A todas las personas que laboran en el \u00e1rea de recursos humanos o est\u00e9n interesadas en generar un valor agregado que les permita obtener una ventaja competitiva en su empresa, a partir de la administraci\u00f3n eficaz y eficiente del potencial humano que busca liderar.<\/p>\n<p>+ Estudiantes y P\u00fablico interesado.<\/p>\n<div class=\"widget-title\">\n<h3>Temario<\/h3>\n<\/div>\n<p>+ Introducci\u00f3n a la gesti\u00f3n de compensaciones\u00a0<\/p>\n<p>+ KPI, benchmarking y auditor\u00eda de gesti\u00f3n de personas.\u00a0<\/p>\n<p>+ Extinci\u00f3n del contrato de trabajo y estrategias de desvinculaci\u00f3n para mitigar quejas, denuncias y reclamos laborales.\u00a0\u00a0<\/p>\n<p>+ Planillas, boleta de remuneraci\u00f3n, liquidaci\u00f3n, beneficios laborales, c\u00e1lculo de los mismos y documentos laborales generados al t\u00e9rmino del v\u00ednculo laboral.\u00a0\u00a0<\/p>\n<p>+ Mecanismos Legales para la reducci\u00f3n de costos laborales.\u00a0\u00a0<\/p>\n<p>+ Subsidios y prestaciones econ\u00f3micas excepcionales durante la emergencia sanitaria.<\/p>\n<div class=\"widget-title\">\n<h3>Ponente<\/h3>\n<\/div>\n<p><strong>Mg. Christian Miera Cabrera<\/strong><\/p>\n<p>Administrador con Post Grado en Recursos Humanos y Liderazgo por la UPC. Formaci\u00f3n en Educaci\u00f3n Superior por USIL. Diplomado en Gesti\u00f3n de Proyectos por el PMI.<\/p>\n<p>M\u00e1s de veinte a\u00f1os de experiencia laboral en empresas de servicios, industriales, de telecomunicaciones, educaci\u00f3n y consultor\u00eda. Actualmente es Socio Fundador de Avantis (consultora en gesti\u00f3n de personas Ha sido Gerente de Gesti\u00f3n de Personas del Grupo Cordaez Automotriz, Jefe Corporativo de Recursos Humanos del Grupo San Ignacio de Loyola, Coordinador Acad\u00e9mico y de I+D del Instituto San Ignacio de Loyola y Analista de Recursos Humanos del Grupo El Comercio. Es miembro de la Asociaci\u00f3n Peruana de Recursos Humanos (Aperhu).<\/p>\n<p>Doce a\u00f1os de experiencia docente en UNMSM, LCB, ISIL, UCSS a nivel de pregrado, post grado, programas de extensi\u00f3n y cursos a medida a nivel corporativo en temas de gesti\u00f3n de personas.<\/p>\n<p><strong>INVERSI\u00d3N:<\/strong><\/p>\n<p><strong>PROMOCI\u00d3N<\/strong>\u00a0(hasta el 26 de septiembre de 2021): S\/ 60 Soles<\/p>\n<p><strong>NORMAL<\/strong>\u00a0(A partir del 27 de septiembre de 2021): S\/ 100 Soles<\/p>\n<p>Incluye certificado a nombre del Centro de Altos Estudios Cietsi, equivalente a 40 horas acad\u00e9micas\u00a0<\/p>\n<p><strong>IMPORTANTE:<\/strong>\u00a0Si eres estudiante del Diplomado en Direcci\u00f3n y Gesti\u00f3n de Recursos Humanos el certificado te costar\u00eda: S\/ 40 Soles<\/p>\n<p><strong>PARA RESERVAR VACANTE:<\/strong><\/p>\n<p>+ Dejar sus datos:\u00a0<a href=\"https:\/\/docs.google.com\/forms\/d\/e\/1FAIpQLSc5_r5E1HQClfZsNeD3Ljilv9HzO5S_5mON-lx_rYp6_GcseA\/viewform\" target=\"_blank\" rel=\"noopener\">https:\/\/bit.ly\/crrhh2021\u00a0<\/a><\/p>\n<p>+ Enviar sus datos al Celular\/WhatsApp: 956272261 (<a href=\"https:\/\/api.whatsapp.com\/send?phone=51956272261&amp;text=Hola,%20necesito%20informaci%C3%B3n%20del%20Curso%20Legislaci%C3%B3n%20Laboral%20y%20Gesti%C3%B3n%20de%20Compensaciones\" target=\"_blank\" rel=\"noopener\">https:\/\/bit.ly\/C_LLyC<\/a>)\u00a0<\/p>\n<p><strong>PARA PARTICIPAR DEL CURSO ESPECIALIZADO:<\/strong><\/p>\n<ul>\n<li>Mediante agente o transferencia bancaria:\u00a0<a href=\"https:\/\/cietsiperu.com\/forma-de-pago\" target=\"_blank\" rel=\"noopener\">https:\/\/cietsiperu.com\/forma-de-pago<\/a><\/li>\n<li>Directamente en campus virtual:\u00a0<a href=\"https:\/\/institutocietsi.com\/p\/legislacion-laboral-y-compensaciones\/\" target=\"_blank\" rel=\"noopener\">https:\/\/institutocietsi.com\/p\/legislacion-laboral-y-compensaciones\/<\/a><\/li>\n<li>Tambi\u00e9n por Yape (942049093), Plin (968059963) PayU y PayPal (informes@cietsiperu.com)<\/li>\n<\/ul>\n<p>Una vez realizado el pago comunicarse con nosotros enviando un email a informes@cietsiperu.com o al WhatsApp: 956272261 o 968059963, con los siguientes datos (nombres completos, DNI, tel\u00e9fono\/celular, asunto Curso Legislaci\u00f3n Laboral y Gesti\u00f3n de Compensaciones), adjuntando el comprobante de pago, luego de validar nos comunicaremos con usted a la brevedad.<\/p>\n<p><em><strong>\u00a1\u00a1TRANSMISI\u00d3N ONLINE POR ZOOM \u2013 PODR\u00c1S CONSULTAR AL PONENTE EN VIVO!!<\/strong><\/em><\/p>\n<p><em><strong>\u00a1\u00a1ESTE CURSO FORMA PARTE DEL\u00a0<a href=\"https:\/\/cietsiperu.com\/diplomado\/83\/diplomado-gratuito-de-alta-especializaciOn-en-direcciOn-y-gestiOn-de-recursos-humanos-2021\" target=\"_blank\" rel=\"noopener\">DIPLOMADO DE ALTA ESPECIALIZACI\u00d3N EN DIRECCI\u00d3N Y GESTI\u00d3N DE RECURSOS HUMANOS<\/a>!!<\/strong><\/em><\/p>\n<p><em><strong>\u00a1\u00a1APRENDIZAJE 100% GARANTIZADO!!<\/strong><\/em><\/p>\n","protected":false},"excerpt":{"rendered":"<div class=\"mh-excerpt\"><p>CURSO ESPECIALIZADO LEGISLACI\u00d3N LABORAL Y GESTI\u00d3N DE COMPENSACIONES MODALIDAD VIRTUAL ONLINE (EN VIVO) Fechas y horario:\u00a026 de septiembre, 3 octubre de 2021 de 9:00 a.m. <a class=\"mh-excerpt-more\" href=\"https:\/\/cietsigubernamental.com\/blog\/curso-especializado-legislacion-laboral-y-gestion-de-compensaciones-1698\/\" title=\"CURSO ESPECIALIZADO LEGISLACI\u00d3N LABORAL Y GESTI\u00d3N DE COMPENSACIONES\">[&#8230;]<\/a><\/p>\n<\/div>","protected":false},"author":1,"featured_media":1699,"comment_status":"open","ping_status":"open","sticky":false,"template":"","format":"standard","meta":{"jetpack_post_was_ever_published":false,"_jetpack_newsletter_access":"","_jetpack_dont_email_post_to_subs":false,"_jetpack_newsletter_tier_id":0,"_jetpack_memberships_contains_paywalled_content":false,"_jetpack_memberships_contains_paid_content":false,"footnotes":"","jetpack_publicize_message":"","jetpack_publicize_feature_enabled":true,"jetpack_social_post_already_shared":true,"jetpack_social_options":{"image_generator_settings":{"template":"highway","default_image_id":0,"font":"","enabled":false},"version":2}},"categories":[2,5,59,71,24,69,1,12],"tags":[],"class_list":["post-1698","post","type-post","status-publish","format-standard","has-post-thumbnail","hentry","category-actualidad","category-cursos-talleres-cietsi","category-cursos-talleres-gratuitos","category-diplomados","category-gestion-publica","category-ingenierias","category-sin-categoria","category-tecnologias"],"jetpack_publicize_connections":[],"jetpack_featured_media_url":"https:\/\/i0.wp.com\/cietsigubernamental.com\/blog\/wp-content\/uploads\/2021\/09\/CURSO-LEGISLACION-LABORAL-Y-GESTION-DE-COMPENSACIONES-2021-2.jpg?fit=962%2C541&ssl=1","jetpack_sharing_enabled":true,"jetpack_shortlink":"https:\/\/wp.me\/p9RxCY-ro","jetpack-related-posts":[],"_links":{"self":[{"href":"https:\/\/cietsigubernamental.com\/blog\/wp-json\/wp\/v2\/posts\/1698","targetHints":{"allow":["GET"]}}],"collection":[{"href":"https:\/\/cietsigubernamental.com\/blog\/wp-json\/wp\/v2\/posts"}],"about":[{"href":"https:\/\/cietsigubernamental.com\/blog\/wp-json\/wp\/v2\/types\/post"}],"author":[{"embeddable":true,"href":"https:\/\/cietsigubernamental.com\/blog\/wp-json\/wp\/v2\/users\/1"}],"replies":[{"embeddable":true,"href":"https:\/\/cietsigubernamental.com\/blog\/wp-json\/wp\/v2\/comments?post=1698"}],"version-history":[{"count":1,"href":"https:\/\/cietsigubernamental.com\/blog\/wp-json\/wp\/v2\/posts\/1698\/revisions"}],"predecessor-version":[{"id":1700,"href":"https:\/\/cietsigubernamental.com\/blog\/wp-json\/wp\/v2\/posts\/1698\/revisions\/1700"}],"wp:featuredmedia":[{"embeddable":true,"href":"https:\/\/cietsigubernamental.com\/blog\/wp-json\/wp\/v2\/media\/1699"}],"wp:attachment":[{"href":"https:\/\/cietsigubernamental.com\/blog\/wp-json\/wp\/v2\/media?parent=1698"}],"wp:term":[{"taxonomy":"category","embeddable":true,"href":"https:\/\/cietsigubernamental.com\/blog\/wp-json\/wp\/v2\/categories?post=1698"},{"taxonomy":"post_tag","embeddable":true,"href":"https:\/\/cietsigubernamental.com\/blog\/wp-json\/wp\/v2\/tags?post=1698"}],"curies":[{"name":"wp","href":"https:\/\/api.w.org\/{rel}","templated":true}]}}