{"id":166,"date":"2015-09-09T04:21:08","date_gmt":"2015-09-09T04:21:08","guid":{"rendered":"http:\/\/cietsigubernamental.com\/blog\/?p=166"},"modified":"2015-09-09T04:22:05","modified_gmt":"2015-09-09T04:22:05","slug":"convocatoria-al-concurso-foniprel-2015-ii","status":"publish","type":"post","link":"https:\/\/cietsigubernamental.com\/blog\/convocatoria-al-concurso-foniprel-2015-ii-166\/","title":{"rendered":"CONVOCATORIA AL CONCURSO FONIPREL 2015-II"},"content":{"rendered":"<div id=\"id_55efb22a859ca6e18177713\" class=\"text_exposed_root text_exposed\">La Secretaria T\u00e9cnica de Fondo de Promoci\u00f3n a la Inversi\u00f3n P\u00fablica Regional y Local (FONIPREL) invita a los gobiernos regionales y municipalidades a participar en la segunda convocatoria anual del concurso de FONIPREL.La presente convocatoria cuenta con S\/. 380,000,000 para el financiamiento y cofinanciamiento de proyectos de inversi\u00f3n p\u00fablica y\/o estu<span class=\"text_exposed_show\">dios de preinversi\u00f3n.<\/span><\/p>\n<p>Detalles aqu\u00ed ==&gt; <a href=\"http:\/\/goo.gl\/MND7tR\" target=\"_blank\" rel=\"nofollow nofollow\">http:\/\/goo.gl\/MND7tR<\/a><\/p>\n<p>Fuente: <a class=\"_58cn\" href=\"https:\/\/www.facebook.com\/hashtag\/mef\" data-ft=\"{&quot;tn&quot;:&quot;*N&quot;,&quot;type&quot;:104}\">#MEF<\/a><\/p>\n<\/div>\n<p>&nbsp;<\/p>\n","protected":false},"excerpt":{"rendered":"<div class=\"mh-excerpt\"><p>La Secretaria T\u00e9cnica de Fondo de Promoci\u00f3n a la Inversi\u00f3n P\u00fablica Regional y Local (FONIPREL) invita a los gobiernos regionales y municipalidades a participar en <a class=\"mh-excerpt-more\" href=\"https:\/\/cietsigubernamental.com\/blog\/convocatoria-al-concurso-foniprel-2015-ii-166\/\" title=\"CONVOCATORIA AL CONCURSO FONIPREL 2015-II\">[&#8230;]<\/a><\/p>\n<\/div>","protected":false},"author":1,"featured_media":167,"comment_status":"open","ping_status":"open","sticky":false,"template":"","format":"standard","meta":{"jetpack_post_was_ever_published":false,"_jetpack_newsletter_access":"","_jetpack_dont_email_post_to_subs":false,"_jetpack_newsletter_tier_id":0,"_jetpack_memberships_contains_paywalled_content":false,"_jetpack_memberships_contains_paid_content":false,"footnotes":"","jetpack_publicize_message":"","jetpack_publicize_feature_enabled":true,"jetpack_social_post_already_shared":false,"jetpack_social_options":{"image_generator_settings":{"template":"highway","default_image_id":0,"font":"","enabled":false},"version":2}},"categories":[2,24],"tags":[],"class_list":["post-166","post","type-post","status-publish","format-standard","has-post-thumbnail","hentry","category-actualidad","category-gestion-publica"],"jetpack_publicize_connections":[],"jetpack_featured_media_url":"https:\/\/i0.wp.com\/cietsigubernamental.com\/blog\/wp-content\/uploads\/2015\/09\/foniprel.jpg?fit=2701%2C1832&ssl=1","jetpack_sharing_enabled":true,"jetpack_shortlink":"https:\/\/wp.me\/p9RxCY-2G","jetpack-related-posts":[],"_links":{"self":[{"href":"https:\/\/cietsigubernamental.com\/blog\/wp-json\/wp\/v2\/posts\/166","targetHints":{"allow":["GET"]}}],"collection":[{"href":"https:\/\/cietsigubernamental.com\/blog\/wp-json\/wp\/v2\/posts"}],"about":[{"href":"https:\/\/cietsigubernamental.com\/blog\/wp-json\/wp\/v2\/types\/post"}],"author":[{"embeddable":true,"href":"https:\/\/cietsigubernamental.com\/blog\/wp-json\/wp\/v2\/users\/1"}],"replies":[{"embeddable":true,"href":"https:\/\/cietsigubernamental.com\/blog\/wp-json\/wp\/v2\/comments?post=166"}],"version-history":[{"count":3,"href":"https:\/\/cietsigubernamental.com\/blog\/wp-json\/wp\/v2\/posts\/166\/revisions"}],"predecessor-version":[{"id":170,"href":"https:\/\/cietsigubernamental.com\/blog\/wp-json\/wp\/v2\/posts\/166\/revisions\/170"}],"wp:featuredmedia":[{"embeddable":true,"href":"https:\/\/cietsigubernamental.com\/blog\/wp-json\/wp\/v2\/media\/167"}],"wp:attachment":[{"href":"https:\/\/cietsigubernamental.com\/blog\/wp-json\/wp\/v2\/media?parent=166"}],"wp:term":[{"taxonomy":"category","embeddable":true,"href":"https:\/\/cietsigubernamental.com\/blog\/wp-json\/wp\/v2\/categories?post=166"},{"taxonomy":"post_tag","embeddable":true,"href":"https:\/\/cietsigubernamental.com\/blog\/wp-json\/wp\/v2\/tags?post=166"}],"curies":[{"name":"wp","href":"https:\/\/api.w.org\/{rel}","templated":true}]}}