{"id":1628,"date":"2021-07-14T22:41:50","date_gmt":"2021-07-14T22:41:50","guid":{"rendered":"http:\/\/cietsigubernamental.com\/blog\/?p=1628"},"modified":"2021-10-06T17:28:06","modified_gmt":"2021-10-06T17:28:06","slug":"curso-de-especializacion-gestion-de-la-privacidad-y-proteccion-de-datos-personales","status":"publish","type":"post","link":"https:\/\/cietsigubernamental.com\/blog\/curso-de-especializacion-gestion-de-la-privacidad-y-proteccion-de-datos-personales-1628\/","title":{"rendered":"CURSO DE ESPECIALIZACI\u00d3N GESTI\u00d3N DE LA PRIVACIDAD Y PROTECCI\u00d3N DE DATOS PERSONALES 2021"},"content":{"rendered":"\n<p style=\"text-align: center;\"><strong>CURSO DE ESPECIALIZACI\u00d3N GESTI\u00d3N DE LA PRIVACIDAD Y\u00a0PROTECCI\u00d3N DE DATOS PERSONALES<\/strong><\/p>\n<p style=\"text-align: center;\"><strong>\u00abAdecuaci\u00f3n a la Ley 29733 \u2013 Ley de Protecci\u00f3n de Datos Personales\u00bb<\/strong><\/p>\n<p><strong>MODALIDAD VIRTUAL ONLINE (EN VIVO)<\/strong><\/p>\n<p><strong>Inicio:<\/strong>\u00a018 de agosto de 2021<\/p>\n<p><strong>Horario:<\/strong>\u00a0mi\u00e9rcoles de 7:00 p.m. a 9:00 p.m. (Las dos \u00faltimas fechas ser\u00e1 de 7:00 p.m. a 10:00 p.m.)<\/p>\n<p><strong>Fechas de clases:<\/strong>\u00a018, 25 agosto; 1, 8, 15 setiembre 2021<\/p>\n<p><strong>Lugar:<\/strong>\u00a0Zoom y Campus virtual Cietsi:\u00a0<a href=\"https:\/\/institutocietsi.com\/p\/pdp\/\" target=\"_blank\" rel=\"noopener\">https:\/\/institutocietsi.com\/p\/pdp\/<\/a><\/p>\n<p>Las clases se transmiten en vivo, podr\u00e1s consultar al ponente en tiempo real por zoom, por correo electr\u00f3nico y WhatsApp; si no puedes ver las clases online, podr\u00e1s ver luego la grabaci\u00f3n, acceso ilimitado al campus virtual.<\/p>\n<div class=\"widget-title\">\n<h3>Dirigido<\/h3>\n<\/div>\n<p>Dirigido a profesionales del derecho, ingenier\u00eda, administraci\u00f3n y todos aquellos que buscan generar valor en su instituci\u00f3n a trav\u00e9s del cumplimiento normativo de la\u00a0<strong>Ley N\u00b0 29733\u00a0<\/strong>\u2013 Ley de Protecci\u00f3n de Datos Personales.\u00a0<\/p>\n<div class=\"widget-title\">\n<h3>Objetivos<\/h3>\n<\/div>\n<p>Al finalizar el curso de especializaci\u00f3n, el participante ser\u00e1 capaz de liderar un proyecto de adecuaci\u00f3n a la Ley de Protecci\u00f3n de Datos Personales, su Reglamento y disposiciones complementarias.<\/p>\n<div class=\"widget-title\">\n<h3>Temario<\/h3>\n<\/div>\n<p><strong>Introducci\u00f3n a la protecci\u00f3n de datos personales.<\/strong><\/p>\n<p>+ Relevancia de la privacidad y protecci\u00f3n de datos.<\/p>\n<p>+ Marcos normativos internacionales en privacidad.<\/p>\n<p>+ Legislaci\u00f3n peruana en protecci\u00f3n de datos personales.<\/p>\n<p>+ Definiciones.<\/p>\n<p>+ Principios.<\/p>\n<p>+ Consentimiento.<\/p>\n<p>+ Derechos Arco.<\/p>\n<p>+ Autoridad de Protecci\u00f3n de Datos Personales.<\/p>\n<p>+ Fiscalizaci\u00f3n y sanciones.<\/p>\n<p><strong>C\u00f3mo abordar un proyecto de adecuaci\u00f3n.<\/strong><\/p>\n<p>+ Liderazgo organizacional.<\/p>\n<p>+ Roles en materida de protecci\u00f3n de datos.<\/p>\n<p>+ Identificaci\u00f3n de bancos de datos personales.<\/p>\n<p>+ Flujo de dato y controles existentes.<\/p>\n<p>+ Inscripci\u00f3n de bancos de datos personales.<\/p>\n<p><strong>Controles de Seguridad (I).<\/strong><\/p>\n<p>+ Sistema de Gesti\u00f3n de Seguridad de la Informaci\u00f3n NTP 27001.<\/p>\n<p>+ ISO 27701 \u2013 Gesti\u00f3n de la privacidad de la Informaci\u00f3n.<\/p>\n<p><strong>Controles de Seguridad (II).<\/strong><\/p>\n<p>+ Directiva de Seguridad de la Informaci\u00f3n emitida por la Autoridad de Protecci\u00f3n de Datos Personales (Implementaci\u00f3n).<\/p>\n<p>+ Medidas de Seguridad Organizativas.<\/p>\n<p>+ Medidas de Seguridad Jur\u00eddicas.<\/p>\n<p>+ Medidas de Seguridad T\u00e9cnicas.<\/p>\n<p><strong>Gesti\u00f3n de Incidentes y Continuidad de los datos personales.<\/strong><\/p>\n<p>+ Implementaci\u00f3n de un modelo de gesti\u00f3n de incidentes.<\/p>\n<p>+ Gesti\u00f3n de la continuidad operativa en el tratamiento de datos personales.<\/p>\n<div class=\"widget-title\">\n<h3>\u00a0<\/h3>\n<\/div>\n<p><strong>INVERSI\u00d3N (No incluye IGV):<\/strong><\/p>\n<p><strong>PROMOCI\u00d3N<\/strong>\u00a0(hasta el 14 de agosto de 2021): S\/ 100 Soles<\/p>\n<p><strong>NORMAL<\/strong>\u00a0(A partir del 15 de agosto de 2021): S\/ 200 Soles<\/p>\n<p>Incluye certificado a nombre del Centro de Altos Estudios Cietsi, equivalente a 20 horas lectivas, 1 cr\u00e9dito<\/p>\n<p><strong>PARA RESERVAR VACANTE:<\/strong><\/p>\n<p>+ Formulario:\u00a0<a href=\"https:\/\/docs.google.com\/forms\/d\/e\/1FAIpQLSd4mSRjkMB6nx3nsMFxUGGxROe-68zO33EFNEGgOr5cskabyw\/viewform\" target=\"_blank\" rel=\"noopener\">https:\/\/bit.ly\/CursoPDP<\/a><\/p>\n<p>+ Enviar sus datos al Celular\/WhatsApp: 956272261 (<a href=\"https:\/\/api.whatsapp.com\/send?phone=51956272261&amp;text=Hola,%20necesito%20informaci%C3%B3n%20del%20Curso%20de%20especializaci%C3%B3n:%20Gesti%C3%B3n%20de%20la%20Privacidad%20y%20Protecci%C3%B3n%20de%20Datos%20Personales%20\" target=\"_blank\" rel=\"noopener\">https:\/\/bit.ly\/PDPwsp<\/a>)<\/p>\n<p><strong>PARA PARTICIPAR DEL CURSO DE ESPECIALIZACI\u00d3N:<\/strong><\/p>\n<p>+ Mediante agente o transferencia bancaria:\u00a0<a href=\"https:\/\/cietsiperu.com\/forma-de-pago\" target=\"_blank\" rel=\"noopener\">https:\/\/cietsiperu.com\/forma-de-pago<\/a><\/p>\n<p>+ Directamente en campus virtual:\u00a0<a href=\"https:\/\/institutocietsi.com\/p\/pdp\/\" target=\"_blank\" rel=\"noopener\">https:\/\/institutocietsi.com\/p\/pdp\/<\/a><\/p>\n<p>+ Tambi\u00e9n por Yape (942049093), Plin y Tunki (968059963) y PayPal (informes@cietsiperu.com)<\/p>\n<p>Una vez realizado el pago comunicarse con nosotros enviando un email a informes@cietsiperu.com o al WhatsApp: 956272261 o 968059963, con los siguientes datos (nombres completos, DNI, tel\u00e9fono\/celular, como asunto CURSO PROTECCI\u00d3N DE DATOS PERSONALES), adjuntando el comprobante de pago, luego de validar nos comunicaremos con usted a la brevedad.<\/p>\n<p><strong><em>\u00a1\u00a1VACANTES LIMITADAS!!<\/em><\/strong><\/p>\n<p><strong><em>\u00a1\u00a1APRENDIZAJE 100% GARANTIZADO!!<\/em><\/strong><\/p>\n<p><strong><em>\u00a1\u00a1DESCUENTO DEL 5% PARA CORPORATIVO (A PARTIR DE 3 PARTICIPANTES) Y CLIENTES CIETSI!!<\/em><\/strong><\/p>\n<p><em><strong>\u00a1SOLIC\u00cdTELO COMO CURSO IN-HOUSE PARA SU ENTIDAD!<\/strong><\/em><\/p>\n<p><strong>Informes y consultas:<\/strong><\/p>\n<p>(074) 637020, WhatsApp: 968059963, 956272261, informes@cietsiperu.com, www.cietsiperu.com<\/p>\n","protected":false},"excerpt":{"rendered":"<div class=\"mh-excerpt\"><p>CURSO DE ESPECIALIZACI\u00d3N GESTI\u00d3N DE LA PRIVACIDAD Y\u00a0PROTECCI\u00d3N DE DATOS PERSONALES \u00abAdecuaci\u00f3n a la Ley 29733 \u2013 Ley de Protecci\u00f3n de Datos Personales\u00bb MODALIDAD VIRTUAL <a class=\"mh-excerpt-more\" href=\"https:\/\/cietsigubernamental.com\/blog\/curso-de-especializacion-gestion-de-la-privacidad-y-proteccion-de-datos-personales-1628\/\" title=\"CURSO DE ESPECIALIZACI\u00d3N GESTI\u00d3N DE LA PRIVACIDAD Y PROTECCI\u00d3N DE DATOS PERSONALES 2021\">[&#8230;]<\/a><\/p>\n<\/div>","protected":false},"author":1,"featured_media":1629,"comment_status":"open","ping_status":"open","sticky":false,"template":"","format":"standard","meta":{"jetpack_post_was_ever_published":false,"_jetpack_newsletter_access":"","_jetpack_dont_email_post_to_subs":false,"_jetpack_newsletter_tier_id":0,"_jetpack_memberships_contains_paywalled_content":false,"_jetpack_memberships_contains_paid_content":false,"footnotes":"","jetpack_publicize_message":"","jetpack_publicize_feature_enabled":true,"jetpack_social_post_already_shared":true,"jetpack_social_options":{"image_generator_settings":{"template":"highway","default_image_id":0,"font":"","enabled":false},"version":2}},"categories":[2,5,59,71,24,70,69,1,12],"tags":[],"class_list":["post-1628","post","type-post","status-publish","format-standard","has-post-thumbnail","hentry","category-actualidad","category-cursos-talleres-cietsi","category-cursos-talleres-gratuitos","category-diplomados","category-gestion-publica","category-gubernamental","category-ingenierias","category-sin-categoria","category-tecnologias"],"jetpack_publicize_connections":[],"jetpack_featured_media_url":"https:\/\/i0.wp.com\/cietsigubernamental.com\/blog\/wp-content\/uploads\/2021\/07\/CURSO-GESTION-DE-LA-PRIVACIDAD-Y-PROTECCION-DE-DATOS-PERSONALES-2021-2.jpg?fit=961%2C542&ssl=1","jetpack_sharing_enabled":true,"jetpack_shortlink":"https:\/\/wp.me\/p9RxCY-qg","jetpack-related-posts":[],"_links":{"self":[{"href":"https:\/\/cietsigubernamental.com\/blog\/wp-json\/wp\/v2\/posts\/1628","targetHints":{"allow":["GET"]}}],"collection":[{"href":"https:\/\/cietsigubernamental.com\/blog\/wp-json\/wp\/v2\/posts"}],"about":[{"href":"https:\/\/cietsigubernamental.com\/blog\/wp-json\/wp\/v2\/types\/post"}],"author":[{"embeddable":true,"href":"https:\/\/cietsigubernamental.com\/blog\/wp-json\/wp\/v2\/users\/1"}],"replies":[{"embeddable":true,"href":"https:\/\/cietsigubernamental.com\/blog\/wp-json\/wp\/v2\/comments?post=1628"}],"version-history":[{"count":2,"href":"https:\/\/cietsigubernamental.com\/blog\/wp-json\/wp\/v2\/posts\/1628\/revisions"}],"predecessor-version":[{"id":1704,"href":"https:\/\/cietsigubernamental.com\/blog\/wp-json\/wp\/v2\/posts\/1628\/revisions\/1704"}],"wp:featuredmedia":[{"embeddable":true,"href":"https:\/\/cietsigubernamental.com\/blog\/wp-json\/wp\/v2\/media\/1629"}],"wp:attachment":[{"href":"https:\/\/cietsigubernamental.com\/blog\/wp-json\/wp\/v2\/media?parent=1628"}],"wp:term":[{"taxonomy":"category","embeddable":true,"href":"https:\/\/cietsigubernamental.com\/blog\/wp-json\/wp\/v2\/categories?post=1628"},{"taxonomy":"post_tag","embeddable":true,"href":"https:\/\/cietsigubernamental.com\/blog\/wp-json\/wp\/v2\/tags?post=1628"}],"curies":[{"name":"wp","href":"https:\/\/api.w.org\/{rel}","templated":true}]}}