{"id":1581,"date":"2021-06-15T18:17:20","date_gmt":"2021-06-15T18:17:20","guid":{"rendered":"http:\/\/cietsigubernamental.com\/blog\/?p=1581"},"modified":"2021-06-15T18:17:23","modified_gmt":"2021-06-15T18:17:23","slug":"curso-especializado-redaccion-profesional","status":"publish","type":"post","link":"https:\/\/cietsigubernamental.com\/blog\/curso-especializado-redaccion-profesional-1581\/","title":{"rendered":"CURSO ESPECIALIZADO REDACCI\u00d3N PROFESIONAL 2021"},"content":{"rendered":"\n<p><strong>CURSO ESPECIALIZADO REDACCI\u00d3N PROFESIONAL<\/strong>\u00a0<\/p>\n<p><strong>MODALIDAD VIRTUAL EN VIVO (ONLINE)<\/strong><\/p>\n<p><strong>Inicio:<\/strong>\u00a023 de junio 2021<\/p>\n<p><strong>Fechas de clases:<\/strong>\u00a023, 28, 30 junio; 5 julio 2021<\/p>\n<p><strong>Horario:<\/strong>\u00a0lunes de 7:00 p.m. a 9:00 p.m. y mi\u00e9rcoles de 8:00 p.m. a 10:00 p.m.<\/p>\n<p><strong>Lugar:<\/strong>\u00a0Zoom y Campus virtual Cietsi (<a href=\"https:\/\/institutocietsi.com\/p\/redaccion-profesional\/\" target=\"_blank\" rel=\"noopener\">https:\/\/institutocietsi.com\/p\/redaccion-profesional\/<\/a>)<\/p>\n<p>Las clases se transmiten en vivo, podr\u00e1s consultar a la ponente en tiempo real por zoom, si no puedes ver las clases online, podr\u00e1s ver luego la grabaci\u00f3n, acceso ilimitado al campus virtual.<\/p>\n<div class=\"widget-title\">\n<h3>Dirigido<\/h3>\n<\/div>\n<p>Dirigido a los trabajadores del sector p\u00fablico y privado, empresarios, gerentes, as\u00ed como estudiantes, profesionales y p\u00fablico en general interesados en mejorar su competencia comunicativa escrita.<\/p>\n<div class=\"widget-title\">\n<h3>Objetivos<\/h3>\n<\/div>\n<p>Reconocer las normas y convenciones ortogr\u00e1ficas y de redacci\u00f3n en espa\u00f1ol para su aplicaci\u00f3n y el formato de documentos oficiales para su correcta elaboraci\u00f3n.<\/p>\n<div class=\"widget-title\">\n<h3>Aprendizaje<\/h3>\n<\/div>\n<p>Una de las competencias laborales que deben demostrar los colaboradores dentro del mundo empresarial, es sin lugar a dudas, el de la comunicaci\u00f3n efectiva, la misma que se transmite de forma oral y escrita. De ah\u00ed que la competencia comunicativa escrita requiere del conocimiento de diversos recursos ling\u00fc\u00edsticos y ortogr\u00e1ficos, as\u00ed como la capacidad para redactar, con coherencia y cohesi\u00f3n, documentos de gesti\u00f3n administrativa, que permita a los colaboradores comunicarse de manera efectiva en el entorno laboral. En tal sentido, el\u00a0<strong>Centro de Altos Estudios CIETSI<\/strong>\u00a0pone a disposici\u00f3n de la comunidad el\u00a0<strong>CURSO ESPECIALIZADO \u201cREDACCI\u00d3N PROFESIONAL\u201d<\/strong>, a realizarse de manera online bajo plataforma zoom y campus virtual a nivel nacional e internacional.<\/p>\n<p>El curso de redacci\u00f3n profesional combina la dimensi\u00f3n normativa y textual con el enfoque pr\u00e1ctico que requiere la naturaleza de los contenidos y procedimientos a desarrollar y aprender. Asimismo, se aplicar\u00e1 una pr\u00e1ctica al t\u00e9rmino del curso, a trav\u00e9s de nuevo campus virtual:\u00a0<a href=\"https:\/\/institutocietsi.com\/\" target=\"_blank\" rel=\"noopener\">https:\/\/institutocietsi.com<\/a><\/p>\n<div class=\"widget-title\">\n<h3>Temario<\/h3>\n<\/div>\n<p>+ Uso y reglas del DPDRAE (Diccionario Panhisp\u00e1nico de dudas de la Real Academia de la Lengua Espa\u00f1ola).<\/p>\n<p>+ Uso eficaz de los principales signos de puntuaci\u00f3n y estructuras gramaticales.<\/p>\n<p>+ Lenguaje ciudadano y comunicaci\u00f3n positiva.<\/p>\n<p>+ Redacci\u00f3n de textos formales y construcci\u00f3n de p\u00e1rrafos.<\/p>\n<p>+ Redacci\u00f3n de correos electr\u00f3nicos.<\/p>\n<p>+ Principales recomendaciones para redactar documentos de gesti\u00f3n administrativa y empresa.\u00a0<\/p>\n<p>+ Pr\u00e1ctica de redacci\u00f3n y correcci\u00f3n de textos.<\/p>\n<p>+ Presentaci\u00f3n de proyectos finales.<\/p>\n<div class=\"widget-title\">\n<h3>Ponente<\/h3>\n<\/div>\n<p><strong>MG. JES\u00daS ALBERTO PAIBA SAMAM\u00c9<\/strong><\/p>\n<p>Licenciado en Educaci\u00f3n, Especialidad de Lengua y Literatura por la Universidad Nacional \u201cPedro Ruiz Gallo\u201d de Lambayeque. Cuenta con una Maestr\u00eda en Educaci\u00f3n con menci\u00f3n en Did\u00e1ctica de la Educaci\u00f3n Superior por la Universidad Privada \u201cAntenor Orrego\u201d de Trujillo. Asimismo, ostenta una Segunda Especialidad en Formaci\u00f3n Magisterial por la Pontificia Universidad Cat\u00f3lica del Per\u00fa y Diplomado en Recursos Humanos por la Escuela de Empresarios ZEGELIPAE.\u00a0<\/p>\n<p>Desde el 2007, es colaborador articulista del suplemento cultural \u201cDominical\u201d del diario \u201cLa Industria\u201d \u2013 Chiclayo, revista virtual \u201cVitrina Chiclayo\u201d, as\u00ed como, de \u201cNotiam\u00e9rica\u201d.\u00a0<\/p>\n<p>Ha sido responsable de la Unidad de Bienestar y Empleabilidad de la Escuela CUMBRE (Chiclayo). Cuenta con m\u00e1s de 5 a\u00f1os de experiencia como consultor acad\u00e9mico y capacitador empresarial, en temas relacionados como, Comunicaci\u00f3n Personal, Organizacional, Redacci\u00f3n Administrativa, Atenci\u00f3n al Cliente y Gesti\u00f3n del Talento Humano.<\/p>\n<p>Actualmente, ejerce la docencia superior en la Universidad Tecnol\u00f3gica del Per\u00fa &#8211; UTP, en la Escuela de Empresarios ZEGELIPAE y CENFOTUR.<\/p>\n<p><strong>INVERSI\u00d3N<\/strong><\/p>\n<p><strong>PROMOCI\u00d3N PREVENTA<\/strong>\u00a0(hasta el 23 de junio de 2021): S\/ 70 Soles<\/p>\n<p><strong>NORMAL<\/strong>\u00a0(A partir del 24 de junio de 2021): S\/ 100 Soles<\/p>\n<p>Incluye certificado firmado por Centro de Altos Estudios Cietsi, equivalente a 48 horas acad\u00e9micas<\/p>\n<p><strong>IMPORTANTE:\u00a0<\/strong><\/p>\n<p>+ Si eres estudiante del Diplomado Secretariado y Asistente Administrativo el certificado te costar\u00eda: S\/ 40 Soles<\/p>\n<p>+ Consultar por interno en caso desee certificarse con el Colegio de Licenciados en Administraci\u00f3n Regi\u00f3n Lambayeque\u00a0<\/p>\n<p><strong>PARA RESERVAR VACANTE:<\/strong><\/p>\n<p>+ Dejar sus datos:\u00a0<a href=\"https:\/\/docs.google.com\/forms\/d\/e\/1FAIpQLSeXmW49OIMEACFVs60jDLvZrvD18njWBKAjc1uIFiU0qYDDQQ\/viewform\" target=\"_blank\" rel=\"noopener\">https:\/\/bit.ly\/csecretarial<\/a><\/p>\n<p>+ Tambi\u00e9n puede enviar sus datos al Celular\/WhatsApp: 956272261 (<a href=\"https:\/\/api.whatsapp.com\/send?phone=51956272261&amp;text=Hola,%20necesito%20informaci%C3%B3n%20del%20Curso%20especializado%20Redacci%C3%B3n%20Profesional%202021\" target=\"_blank\" rel=\"noopener\">https:\/\/bit.ly\/rprofesional<\/a>)<\/p>\n<p><strong>Informes y consultas:<\/strong><\/p>\n<p>(074) 637020, WhatsApp: 968059963, 956272261, informes@cietsiperu.com, www.cietsiperu.com, Av. S\u00e1enz Pe\u00f1a 615, Chiclayo Per\u00fa.<\/p>\n","protected":false},"excerpt":{"rendered":"<div class=\"mh-excerpt\"><p>CURSO ESPECIALIZADO REDACCI\u00d3N PROFESIONAL\u00a0 MODALIDAD VIRTUAL EN VIVO (ONLINE) Inicio:\u00a023 de junio 2021 Fechas de clases:\u00a023, 28, 30 junio; 5 julio 2021 Horario:\u00a0lunes de 7:00 <a class=\"mh-excerpt-more\" href=\"https:\/\/cietsigubernamental.com\/blog\/curso-especializado-redaccion-profesional-1581\/\" title=\"CURSO ESPECIALIZADO REDACCI\u00d3N PROFESIONAL 2021\">[&#8230;]<\/a><\/p>\n<\/div>","protected":false},"author":1,"featured_media":1582,"comment_status":"open","ping_status":"open","sticky":false,"template":"","format":"standard","meta":{"jetpack_post_was_ever_published":false,"_jetpack_newsletter_access":"","_jetpack_dont_email_post_to_subs":false,"_jetpack_newsletter_tier_id":0,"_jetpack_memberships_contains_paywalled_content":false,"_jetpack_memberships_contains_paid_content":false,"footnotes":"","jetpack_publicize_message":"","jetpack_publicize_feature_enabled":true,"jetpack_social_post_already_shared":true,"jetpack_social_options":{"image_generator_settings":{"template":"highway","default_image_id":0,"font":"","enabled":false},"version":2}},"categories":[2,5,59,71,24,70,69,1,12],"tags":[],"class_list":["post-1581","post","type-post","status-publish","format-standard","has-post-thumbnail","hentry","category-actualidad","category-cursos-talleres-cietsi","category-cursos-talleres-gratuitos","category-diplomados","category-gestion-publica","category-gubernamental","category-ingenierias","category-sin-categoria","category-tecnologias"],"jetpack_publicize_connections":[],"jetpack_featured_media_url":"https:\/\/i0.wp.com\/cietsigubernamental.com\/blog\/wp-content\/uploads\/2021\/06\/CURSO-REDACCION-PROFESIONAL-2021-2.jpg?fit=961%2C541&ssl=1","jetpack_sharing_enabled":true,"jetpack_shortlink":"https:\/\/wp.me\/p9RxCY-pv","jetpack-related-posts":[],"_links":{"self":[{"href":"https:\/\/cietsigubernamental.com\/blog\/wp-json\/wp\/v2\/posts\/1581","targetHints":{"allow":["GET"]}}],"collection":[{"href":"https:\/\/cietsigubernamental.com\/blog\/wp-json\/wp\/v2\/posts"}],"about":[{"href":"https:\/\/cietsigubernamental.com\/blog\/wp-json\/wp\/v2\/types\/post"}],"author":[{"embeddable":true,"href":"https:\/\/cietsigubernamental.com\/blog\/wp-json\/wp\/v2\/users\/1"}],"replies":[{"embeddable":true,"href":"https:\/\/cietsigubernamental.com\/blog\/wp-json\/wp\/v2\/comments?post=1581"}],"version-history":[{"count":1,"href":"https:\/\/cietsigubernamental.com\/blog\/wp-json\/wp\/v2\/posts\/1581\/revisions"}],"predecessor-version":[{"id":1583,"href":"https:\/\/cietsigubernamental.com\/blog\/wp-json\/wp\/v2\/posts\/1581\/revisions\/1583"}],"wp:featuredmedia":[{"embeddable":true,"href":"https:\/\/cietsigubernamental.com\/blog\/wp-json\/wp\/v2\/media\/1582"}],"wp:attachment":[{"href":"https:\/\/cietsigubernamental.com\/blog\/wp-json\/wp\/v2\/media?parent=1581"}],"wp:term":[{"taxonomy":"category","embeddable":true,"href":"https:\/\/cietsigubernamental.com\/blog\/wp-json\/wp\/v2\/categories?post=1581"},{"taxonomy":"post_tag","embeddable":true,"href":"https:\/\/cietsigubernamental.com\/blog\/wp-json\/wp\/v2\/tags?post=1581"}],"curies":[{"name":"wp","href":"https:\/\/api.w.org\/{rel}","templated":true}]}}