{"id":1449,"date":"2021-01-10T22:29:08","date_gmt":"2021-01-10T22:29:08","guid":{"rendered":"http:\/\/cietsigubernamental.com\/blog\/?p=1449"},"modified":"2021-01-14T16:35:31","modified_gmt":"2021-01-14T16:35:31","slug":"congreso-nacional-gratuito-direccion-y-gestion-de-recursos-humanos-2021","status":"publish","type":"post","link":"https:\/\/cietsigubernamental.com\/blog\/congreso-nacional-gratuito-direccion-y-gestion-de-recursos-humanos-2021-1449\/","title":{"rendered":"CONGRESO NACIONAL GRATUITO DIRECCI\u00d3N Y GESTI\u00d3N DE RECURSOS HUMANOS 2021"},"content":{"rendered":"\n<p><strong>CONGRESO NACIONAL GRATUITO DIRECCI\u00d3N Y GESTI\u00d3N DE RECURSOS HUMANOS 2021<\/strong><\/p>\n\n\n\n<p><strong>MODALIDAD VIRTUAL ONLINE A NIVEL NACIONAL E INTERNACIONAL<\/strong><\/p>\n\n\n\n<p><strong>Fechas:<\/strong>&nbsp;2, 3 y 4 de febrero de 2021<\/p>\n\n\n\n<p><strong>Horario:<\/strong>&nbsp;6:30 p.m. a 9:30 p.m.<\/p>\n\n\n\n<p><strong>Plataforma:<\/strong>&nbsp;Zoom, Facebook Live, quedar\u00e1 grabado en campus virtual Cietsi:&nbsp;<a href=\"https:\/\/institutocietsi.com\/p\/congresosst\/\" target=\"_blank\" rel=\"noreferrer noopener\">https:\/\/institutocietsi.com\/p\/congresodgrh1<\/a><\/p>\n\n\n\n<p><strong>PONENCIAS:<\/strong><\/p>\n\n\n\n<p>1.- Marco general de la gesti\u00f3n de recursos humanos y la generaci\u00f3n de valor p\u00fablico &#8211; Dra. Adm. Marlene Zapata Carnaque\u200b<\/p>\n\n\n\n<p>2.- Reg\u00edmenes laborales en el sector p\u00fablico y privado en el Per\u00fa &#8211; Mg. Abg. Jos\u00e9 Luis Jara Bautista\u200b<\/p>\n\n\n\n<p>3.- La reforma del servicio civil y el tr\u00e1nsito de las entidades a la ley del servicio civil &#8211; Mg. Ing. Jessica Garc\u00eda Herrera<\/p>\n\n\n\n<p>4.- Asesor\u00eda en la Elaboraci\u00f3n de contratos &#8211; Mg. Abg. Gloria Katherine Astolingon Goycochea\u200b<\/p>\n\n\n\n<p>5.- Habilidades Gerenciales: El Rol de la gerencia p\u00fablica en la generaci\u00f3n de un entorno favorable para la gesti\u00f3n estrat\u00e9gica de personas &#8211; Mg. Ing. Carlos C\u00e1rdenas Valdivia.<\/p>\n\n\n\n<p>6.- Gesti\u00f3n del Cambio: Manejo de inteligencia positiva en tiempos de cambio e innovaciones en el mundo de los recursos humanos &#8211; Mg. Lic. Cesar Montoya Ramirez<\/p>\n\n\n\n<p><em><strong>ACCESO GRATUITO AL CONGRESO PARA LOS REGISTRADOS HASTA EL 30 DE ENERO DE 2021<\/strong><\/em><\/p>\n\n\n\n<p><strong>CERTIFICACI\u00d3N OPCIONAL:<\/strong><\/p>\n\n\n\n<p><strong>PREVENTA [PROMOCI\u00d3N V\u00c1LIDA HASTA EL 30 DE ENERO DE 2021]&nbsp;<\/strong><\/p>\n\n\n\n<p><strong>OPCI\u00d3N 1:<\/strong>&nbsp;S\/ 50 Soles<\/p>\n\n\n\n<p>Certificaci\u00f3n como&nbsp;<strong>CONGRESO NACIONAL DIRECCI\u00d3N Y GESTI\u00d3N DE RECURSOS HUMANOS<\/strong>&nbsp;a nombre del Colegio de Licenciados en Administraci\u00f3n Regi\u00f3n Lambayeque y Centro de Altos Estudios Cietsi, equivalente a 36 horas acad\u00e9micas, 2 cr\u00e9ditos<\/p>\n\n\n\n<p><strong>OPCI\u00d3N 2:<\/strong>&nbsp;S\/ 80 Soles<\/p>\n\n\n\n<p>Certificaci\u00f3n como&nbsp;<strong>CURSO ESPECIALIZADO DIRECCI\u00d3N Y GESTI\u00d3N DE RECURSOS HUMANOS<\/strong>&nbsp;a nombre del Colegio de Licenciados en Administraci\u00f3n Regi\u00f3n Lambayeque y Centro de Altos Estudios Cietsi, equivalente a 48 horas acad\u00e9micas, 3 cr\u00e9ditos<\/p>\n\n\n\n<p><strong>INVERSI\u00d3N NORMAL [A PARTIR DEL 31 DE ENERO DE 2021]<\/strong><\/p>\n\n\n\n<p><strong>OPCI\u00d3N 1:<\/strong>&nbsp;S\/ 70 Soles<\/p>\n\n\n\n<p>Certificaci\u00f3n como&nbsp;<strong>CONGRESO NACIONAL DIRECCI\u00d3N Y GESTI\u00d3N DE RECURSOS HUMANOS<\/strong>&nbsp;a nombre del Centro de Altos Estudios Cietsi, equivalente a 36 horas acad\u00e9micas, 2 cr\u00e9ditos<\/p>\n\n\n\n<p><strong>OPCI\u00d3N 2:<\/strong>&nbsp;S\/ 100 Soles<\/p>\n\n\n\n<p>Certificaci\u00f3n como&nbsp;<strong>CURSO NACIONAL DIRECCI\u00d3N Y GESTI\u00d3N DE RECURSOS HUMANOS<\/strong>&nbsp;a nombre del Centro de Altos Estudios Cietsi, equivalente a 48 horas acad\u00e9micas, 3 cr\u00e9ditos<\/p>\n\n\n\n<p><strong>Importante:<\/strong><\/p>\n\n\n\n<p>+ Reserva tu promoci\u00f3n en certificaci\u00f3n con el 50% y el saldo el primer d\u00eda del congreso.<\/p>\n\n\n\n<p>+ Nuestras certificaciones son v\u00e1lidas a nivel nacional para concursos p\u00fablicos y privados<\/p>\n\n\n\n<p>+ Se enviar\u00e1 la certificaci\u00f3n escaneada por correo electr\u00f3nico, tambi\u00e9n puede cancelar el derecho de env\u00edo a domicilio a nivel nacional (el costo depende de la ciudad)<\/p>\n\n\n\n<p><strong>PARA PARTICIPAR DEL CONGRESO NACIONAL:<\/strong><\/p>\n\n\n\n<p>+ Reg\u00edstrese en el formulario de inscripci\u00f3n:&nbsp;<a href=\"https:\/\/docs.google.com\/forms\/d\/e\/1FAIpQLSfdyr-8fgW-4hmh91lSIInP0Ax2FXVmwdUYzz0LLxIG3yTiog\/viewform\" target=\"_blank\" rel=\"noreferrer noopener\">https:\/\/forms.gle\/Etjov6KW6Qr8oUDM7<\/a><\/p>\n\n\n\n<p>+ Tambi\u00e9n puede enviarnos sus datos al Celular\/WhatsApp: 956272261 (<a href=\"https:\/\/tinyurl.com\/y5o35nx8\" target=\"_blank\" rel=\"noreferrer noopener\">https:\/\/tinyurl.com\/y5o35nx8<\/a>)<\/p>\n\n\n\n<p><strong>PARA CANCELAR CERTIFICACI\u00d3N:<\/strong><\/p>\n\n\n\n<ul class=\"wp-block-list\"><li>Mediante agente o transferencia bancaria:&nbsp;<a href=\"https:\/\/cietsiperu.com\/forma-de-pago\" target=\"_blank\" rel=\"noreferrer noopener\">https:\/\/cietsiperu.com\/forma-de-pago<\/a><\/li><li>Directamente en campus virtual:&nbsp;<a href=\"https:\/\/institutocietsi.com\/p\/congresosst\/\" target=\"_blank\" rel=\"noreferrer noopener\">https:\/\/institutocietsi.com\/p\/congresodgrh1<\/a><\/li><li>Tambi\u00e9n por Yape (942049093), Plin (968059963), PayU y PayPal (informes@cietsiperu.com)<\/li><\/ul>\n\n\n\n<p>Una vez realizado el pago comunicarse con nosotros enviando un email a informes@cietsiperu.com o al WhatsApp: 956272261 o 968059963, con los siguientes datos (nombres completos, DNI, tel\u00e9fono\/celular, como asunto CERTIFICACI\u00d3N CONGRESO NACIONAL DIRECCI\u00d3N Y GESTI\u00d3N DE RECURSOS HUMANOS), adjuntando el comprobante de pago, luego de validar nos comunicaremos con usted a la brevedad.<\/p>\n\n\n\n<p><em><strong>\u00a1\u00a1TRANSMISI\u00d3N ONLINE POR ZOOM \u2013 PODR\u00c1S CONSULTAR A LOS PONENTES EN VIVO!!<\/strong><\/em><\/p>\n\n\n\n<p><em><strong>***DESCUENTO DEL 10% EN CERTIFICACI\u00d3N A PARTIR DE 4 PARTICIPANTES***<\/strong><\/em><\/p>\n\n\n\n<h3 class=\"wp-block-heading\">Dirigido<\/h3>\n\n\n\n<p>+ Gerentes, jefes y colaboradores del \u00e1rea de Recursos Humanos, dem\u00e1s \u00e1reas&nbsp;involucradas y miembros del Comit\u00e9 de Seguridad y Salud en el Trabajo \u2013 CSST.<\/p>\n\n\n\n<p>+ Consultores interesados en incursionar en la Direcci\u00f3n y Gesti\u00f3n de Recursos Humanos y&nbsp;el Derecho Laboral.<\/p>\n\n\n\n<p>+ Bachilleres, estudiantes y p\u00fablico general interesado en especializarse en el Direcci\u00f3n y&nbsp;Gesti\u00f3n de Recursos Humanos.<\/p>\n\n\n\n<h3 class=\"wp-block-heading\">Objetivos<\/h3>\n\n\n\n<p>+ Dar a conocer el enfoque integral del sistema de gesti\u00f3n de Recursos Humanos e&nbsp;identificar, evaluar e interpretar sus principales normas legales y su aplicaci\u00f3n a trav\u00e9s de&nbsp;casu\u00edstica.<\/p>\n\n\n\n<p>+ Fortalecer los conocimientos y capacidades de los profesionales responsables e&nbsp;involucrados con la Direcci\u00f3n y Gesti\u00f3n de los Recursos Humanos.<\/p>\n\n\n\n<p><strong>PROGRAMACI\u00d3N:<\/strong><\/p>\n\n\n\n<p><strong>D\u00cdA 1: MARTES 2 DE FEBRERO DE 2021<\/strong><\/p>\n\n\n\n<p><em><strong>6:00 p.m. \u2013 6:30 p.m.<\/strong><\/em><\/p>\n\n\n\n<p>Registro de asistencia, bienvenida e inauguraci\u00f3n del congreso.<\/p>\n\n\n\n<p><em><strong>6:30 p.m. \u2013 7:55 p.m<\/strong><\/em>.<\/p>\n\n\n\n<p><strong>PONENCIA 1:<\/strong>&nbsp;Marco general de la gesti\u00f3n de recursos humanos y la generaci\u00f3n de valor p\u00fablico &#8211; Mg. Lic. Esperanza Marlene&nbsp;Zapata Carnaque.<\/p>\n\n\n\n<p>8:05 p.m. \u2013 9:30 p.m.<\/p>\n\n\n\n<p><strong>PONENCIA 2:<\/strong>&nbsp;Reg\u00edmenes laborales en el sector p\u00fablico y privado en el Per\u00fa &#8211; Mg. Abg. Jos\u00e9 Luis Jara&nbsp;Bautista.<\/p>\n\n\n\n<p><strong>D\u00cdA 2: MI\u00c9RCOLES 3 DE FEBRERO DE 2021<\/strong><\/p>\n\n\n\n<p><em><strong>6:00 p.m. \u2013 6:30 p.m.<\/strong><\/em><\/p>\n\n\n\n<p>Registro de asistencia.<\/p>\n\n\n\n<p><em><strong>6:30 p.m. \u2013 7:55 p.m.<\/strong><\/em><\/p>\n\n\n\n<p><strong>PONENCIA 3:<\/strong>&nbsp;La reforma del servicio civil y el tr\u00e1nsito de las entidades a la ley del servicio civil &#8211; Mg. Ing. Jessica Garc\u00eda&nbsp;Herrera.<\/p>\n\n\n\n<p><em><strong>8:05 p.m. \u2013 9:30 p.m.<\/strong><\/em><\/p>\n\n\n\n<p><strong>PONENCIA 4:<\/strong>&nbsp;Asesor\u00eda en la elaboraci\u00f3n de contratos &#8211; Mg. Abg. Gloria Katherine&nbsp;Astolingon Goycochea.<\/p>\n\n\n\n<p><strong>D\u00cdA 3: JUEVES 4 DE FEBRERO DE 2021<\/strong><\/p>\n\n\n\n<p>&nbsp;6:00 p.m. \u2013 6:30 p.m.<\/p>\n\n\n\n<p>Registro de asistencia.<\/p>\n\n\n\n<p><em><strong>6:30 p.m. \u2013 7:55 p.m.<\/strong><\/em><\/p>\n\n\n\n<p><strong>PONENCIA 5:<\/strong>&nbsp;Habilidades Gerenciales: El Rol de la gerencia p\u00fablica en la generaci\u00f3n de un entorno favorable para la gesti\u00f3n estrat\u00e9gica de personas &#8211; Mg. Ing. Carlos C\u00e1rdenas&nbsp;Valdivia.<\/p>\n\n\n\n<p>8:05 p.m. \u2013 9:30 p.m.<\/p>\n\n\n\n<p><strong>PONENCIA 6:<\/strong>&nbsp;Gesti\u00f3n del Cambio: Manejo de inteligencia positiva en tiempos de cambio e innovaciones en el mundo de los recursos humanos &#8211; Mg. Lic. Cesar Montoya&nbsp;Ramirez.<\/p>\n\n\n\n<p><em>Clausura.<\/em><\/p>\n\n\n\n<p><em><strong>Informes y consultas:<\/strong><\/em><\/p>\n\n\n\n<p>(074) 637020, WhatsApp: 968059963, 956272261, informes@cietsiperu.com, www.cietsiperu.com<\/p>\n\n\n\n<p><br><\/p>\n","protected":false},"excerpt":{"rendered":"<div class=\"mh-excerpt\"><p>CONGRESO NACIONAL GRATUITO DIRECCI\u00d3N Y GESTI\u00d3N DE RECURSOS HUMANOS 2021 MODALIDAD VIRTUAL ONLINE A NIVEL NACIONAL E INTERNACIONAL Fechas:&nbsp;2, 3 y 4 de febrero de <a class=\"mh-excerpt-more\" href=\"https:\/\/cietsigubernamental.com\/blog\/congreso-nacional-gratuito-direccion-y-gestion-de-recursos-humanos-2021-1449\/\" title=\"CONGRESO NACIONAL GRATUITO DIRECCI\u00d3N Y GESTI\u00d3N DE RECURSOS HUMANOS 2021\">[&#8230;]<\/a><\/p>\n<\/div>","protected":false},"author":1,"featured_media":1457,"comment_status":"open","ping_status":"open","sticky":false,"template":"","format":"standard","meta":{"jetpack_post_was_ever_published":false,"_jetpack_newsletter_access":"","_jetpack_dont_email_post_to_subs":false,"_jetpack_newsletter_tier_id":0,"_jetpack_memberships_contains_paywalled_content":false,"_jetpack_memberships_contains_paid_content":false,"footnotes":"","jetpack_publicize_message":"","jetpack_publicize_feature_enabled":true,"jetpack_social_post_already_shared":true,"jetpack_social_options":{"image_generator_settings":{"template":"highway","default_image_id":0,"font":"","enabled":false},"version":2}},"categories":[2,5,59,71,24,70,69,1,12],"tags":[],"class_list":["post-1449","post","type-post","status-publish","format-standard","has-post-thumbnail","hentry","category-actualidad","category-cursos-talleres-cietsi","category-cursos-talleres-gratuitos","category-diplomados","category-gestion-publica","category-gubernamental","category-ingenierias","category-sin-categoria","category-tecnologias"],"jetpack_publicize_connections":[],"jetpack_featured_media_url":"https:\/\/i0.wp.com\/cietsigubernamental.com\/blog\/wp-content\/uploads\/2021\/01\/CONGRESO-NACIONAL-DIRECCION-Y-GESTION-DE-RECURSOS-HUMANOS-2021-2.jpg?fit=967%2C543&ssl=1","jetpack_sharing_enabled":true,"jetpack_shortlink":"https:\/\/wp.me\/p9RxCY-nn","jetpack-related-posts":[],"_links":{"self":[{"href":"https:\/\/cietsigubernamental.com\/blog\/wp-json\/wp\/v2\/posts\/1449","targetHints":{"allow":["GET"]}}],"collection":[{"href":"https:\/\/cietsigubernamental.com\/blog\/wp-json\/wp\/v2\/posts"}],"about":[{"href":"https:\/\/cietsigubernamental.com\/blog\/wp-json\/wp\/v2\/types\/post"}],"author":[{"embeddable":true,"href":"https:\/\/cietsigubernamental.com\/blog\/wp-json\/wp\/v2\/users\/1"}],"replies":[{"embeddable":true,"href":"https:\/\/cietsigubernamental.com\/blog\/wp-json\/wp\/v2\/comments?post=1449"}],"version-history":[{"count":2,"href":"https:\/\/cietsigubernamental.com\/blog\/wp-json\/wp\/v2\/posts\/1449\/revisions"}],"predecessor-version":[{"id":1458,"href":"https:\/\/cietsigubernamental.com\/blog\/wp-json\/wp\/v2\/posts\/1449\/revisions\/1458"}],"wp:featuredmedia":[{"embeddable":true,"href":"https:\/\/cietsigubernamental.com\/blog\/wp-json\/wp\/v2\/media\/1457"}],"wp:attachment":[{"href":"https:\/\/cietsigubernamental.com\/blog\/wp-json\/wp\/v2\/media?parent=1449"}],"wp:term":[{"taxonomy":"category","embeddable":true,"href":"https:\/\/cietsigubernamental.com\/blog\/wp-json\/wp\/v2\/categories?post=1449"},{"taxonomy":"post_tag","embeddable":true,"href":"https:\/\/cietsigubernamental.com\/blog\/wp-json\/wp\/v2\/tags?post=1449"}],"curies":[{"name":"wp","href":"https:\/\/api.w.org\/{rel}","templated":true}]}}