{"id":1446,"date":"2021-01-10T22:22:24","date_gmt":"2021-01-10T22:22:24","guid":{"rendered":"http:\/\/cietsigubernamental.com\/blog\/?p=1446"},"modified":"2021-01-10T22:22:28","modified_gmt":"2021-01-10T22:22:28","slug":"congreso-nacional-gratuito-de-seguridad-y-salud-en-el-trabajo","status":"publish","type":"post","link":"https:\/\/cietsigubernamental.com\/blog\/congreso-nacional-gratuito-de-seguridad-y-salud-en-el-trabajo-1446\/","title":{"rendered":"CONGRESO NACIONAL GRATUITO DE SEGURIDAD Y SALUD EN EL TRABAJO"},"content":{"rendered":"\n<p><strong>CONGRESO NACIONAL GRATUITO DE SEGURIDAD Y SALUD EN EL TRABAJO 2021<\/strong><\/p>\n\n\n\n<p><strong>MODALIDAD VIRTUAL ONLINE A NIVEL NACIONAL E INTERNACIONAL<\/strong><\/p>\n\n\n\n<p><strong>Fechas:<\/strong>&nbsp;26, 27 y 28 de enero de 2021<\/p>\n\n\n\n<p><strong>Horario:<\/strong>&nbsp;6:30 p.m. a 9:30 p.m.<\/p>\n\n\n\n<p><strong>Plataforma:<\/strong>&nbsp;Zoom, Facebook Live, quedar\u00e1 grabado en campus virtual Cietsi:&nbsp;<a href=\"https:\/\/institutocietsi.com\/p\/congresosst\/\" target=\"_blank\" rel=\"noreferrer noopener\">https:\/\/institutocietsi.com\/p\/congresosst\/<\/a><\/p>\n\n\n\n<p><strong>PONENCIAS:<\/strong><\/p>\n\n\n\n<p>1.- Salud y seguridad en el trabajo durante y post COVID-19 (Normativa nacional y sectorial en seguridad y salud en el trabajo y&nbsp;SUNAFIL y su relaci\u00f3n con la seguridad y salud en el trabajo SST)<\/p>\n\n\n\n<p>2.- Accidentes y enfermedades laborales y visi\u00f3n ZERO en seguridad y salud en el trabajo<\/p>\n\n\n\n<p>3.- Gesti\u00f3n de riesgos aplicados a la seguridad y salud en el trabajo<\/p>\n\n\n\n<p>4.- Gesti\u00f3n de la salud en el trabajo<\/p>\n\n\n\n<p>5.- Planes de contingencia en materia de seguridad y salud en el trabajo SST y adecuaci\u00f3n de empresas y trabajos post COVID-19<\/p>\n\n\n\n<p>6.- Ergonom\u00eda aplicada al lugar de trabajo (Impacto de la pandemia en la salud mental de los trabajadores y prevenci\u00f3n del estigma en salud mental<\/p>\n\n\n\n<p><em><strong>ACCESO GRATUITO AL CONGRESO PARA LOS REGISTRADOS HASTA EL 23 DE ENERO DE 2021<\/strong><\/em><\/p>\n\n\n\n<p><strong>CERTIFICACI\u00d3N OPCIONAL:<\/strong><\/p>\n\n\n\n<p><strong>PREVENTA [PROMOCI\u00d3N V\u00c1LIDA HASTA EL 23 DE ENERO DE 2021]&nbsp;<\/strong><\/p>\n\n\n\n<p><strong>OPCI\u00d3N 1:<\/strong>&nbsp;S\/ 50 Soles<\/p>\n\n\n\n<p>Certificaci\u00f3n como&nbsp;<strong>CONGRESO NACIONAL EN SEGURIDAD Y SALUD EN EL TRABAJO<\/strong>&nbsp;a nombre del Colegio de Licenciados en Administraci\u00f3n Regi\u00f3n Lambayeque y Centro de Altos Estudios Cietsi, equivalente a 36 horas acad\u00e9micas, 2 cr\u00e9ditos<\/p>\n\n\n\n<p><strong>OPCI\u00d3N 2:<\/strong>&nbsp;S\/ 80 Soles<\/p>\n\n\n\n<p>Certificaci\u00f3n como&nbsp;<strong>CURSO ESPECIALIZADO EN SEGURIDAD Y SALUD EN EL TRABAJO<\/strong>&nbsp;a nombre del Colegio de Licenciados en Administraci\u00f3n Regi\u00f3n Lambayeque y Centro de Altos Estudios Cietsi, equivalente a 48 horas acad\u00e9micas, 3 cr\u00e9ditos<\/p>\n\n\n\n<p><strong>INVERSI\u00d3N NORMAL [A PARTIR DEL 24 DE ENERO DE 2021]&nbsp;<\/strong><\/p>\n\n\n\n<p><strong>OPCI\u00d3N 1:<\/strong>&nbsp;S\/ 70 Soles<\/p>\n\n\n\n<p>Certificaci\u00f3n como&nbsp;<strong>CONGRESO NACIONAL EN SEGURIDAD Y SALUD EN EL TRABAJO<\/strong>&nbsp;a nombre del Centro de Altos Estudios Cietsi, equivalente a 36 horas acad\u00e9micas, 2 cr\u00e9ditos<\/p>\n\n\n\n<p><strong>OPCI\u00d3N 2:<\/strong>&nbsp;S\/ 100 Soles<\/p>\n\n\n\n<p>Certificaci\u00f3n como&nbsp;<strong>CURSO ESPECIALIZADO EN SEGURIDAD Y SALUD EN EL TRABAJO<\/strong>&nbsp;a nombre del Centro de Altos Estudios Cietsi, equivalente a 48 horas acad\u00e9micas, 3 cr\u00e9ditos<\/p>\n\n\n\n<p><strong>Importante:<\/strong><\/p>\n\n\n\n<p>+ Reserva tu promoci\u00f3n en certificaci\u00f3n con el 50% y el saldo el primer d\u00eda del congreso.<\/p>\n\n\n\n<p>+ Nuestras certificaciones son v\u00e1lidas a nivel nacional para concursos p\u00fablicos y privados<\/p>\n\n\n\n<p>+ Se enviar\u00e1 la certificaci\u00f3n escaneada por correo electr\u00f3nico, tambi\u00e9n puede cancelar el derecho de env\u00edo a domicilio a nivel nacional (el costo depende de la ciudad)<\/p>\n\n\n\n<p>+ Te incluye acceso gratuito al&nbsp;<a href=\"https:\/\/institutocietsi.com\/p\/ssst\" target=\"_blank\" rel=\"noreferrer noopener\">seminario seguridad y salud en el trabajo \u201clineamientos para el control del riesgo de contagio de la covid-19\u201d [No incluye certificaci\u00f3n]<\/a><\/p>\n\n\n\n<p><strong>PARA PARTICIPAR DEL CONGRESO NACIONAL:<\/strong><\/p>\n\n\n\n<p>+ Reg\u00edstrese en el formulario de inscripci\u00f3n:&nbsp;<a href=\"https:\/\/docs.google.com\/forms\/d\/e\/1FAIpQLSeyjBaGg43AkDZB1uhjzx-FgU4YQ2mOcu5ucSF88wxpLZpVrw\/viewform\" target=\"_blank\" rel=\"noreferrer noopener\">https:\/\/bit.ly\/congresoSST<\/a><\/p>\n\n\n\n<p>+ Tambi\u00e9n puede enviarnos sus datos al Celular\/WhatsApp: 956272261 (<a href=\"https:\/\/api.whatsapp.com\/send?phone=51956272261&amp;text=Hola,%20necesito%20informaci%C3%B3n%20del%20Congreso%20Nacional%20Gratuito%20de%20Seguridad%20y%20Salud%20en%20el%20Trabajo\" target=\"_blank\" rel=\"noreferrer noopener\">https:\/\/bit.ly\/congresoSSTwsp<\/a>)<\/p>\n\n\n\n<p><strong>PARA CANCELAR CERTIFICACI\u00d3N:<\/strong><\/p>\n\n\n\n<ul class=\"wp-block-list\"><li>Mediante agente o transferencia bancaria:&nbsp;<a href=\"https:\/\/cietsiperu.com\/forma-de-pago\" target=\"_blank\" rel=\"noreferrer noopener\">https:\/\/cietsiperu.com\/forma-de-pago<\/a><\/li><li>Directamente en campus virtual:&nbsp;<a href=\"https:\/\/institutocietsi.com\/p\/congresosst\/\" target=\"_blank\" rel=\"noreferrer noopener\">https:\/\/institutocietsi.com\/p\/congresosst\/<\/a><\/li><li>Tambi\u00e9n por Yape (942049093), Plin (968059963), PayU y PayPal (informes@cietsiperu.com)<\/li><\/ul>\n\n\n\n<p>Una vez realizado el pago comunicarse con nosotros enviando un email a informes@cietsiperu.com o al WhatsApp: 956272261 o 968059963, con los siguientes datos (nombres completos, DNI, tel\u00e9fono\/celular, como asunto CERTIFICACI\u00d3N CONGRESO NACIONAL DE SEGURIDAD Y SALUD EN EL TRABAJO), adjuntando el comprobante de pago, luego de validar nos comunicaremos con usted a la brevedad.<\/p>\n\n\n\n<p><em><strong>\u00a1\u00a1TRANSMISI\u00d3N ONLINE POR ZOOM \u2013 PODR\u00c1S CONSULTAR A LOS PONENTES EN VIVO!!<\/strong><\/em><\/p>\n\n\n\n<p><em><strong>***DESCUENTO DEL 10% EN CERTIFICACI\u00d3N A PARTIR DE 4 PARTICIPANTES***<\/strong><\/em><\/p>\n\n\n\n<p><em><strong>\u00a1\u00a1FOMENTANDO LA CULTURA PREVENTIVA EN LAS ORGANIZACIONES!!<\/strong><\/em><\/p>\n\n\n\n<h3 class=\"wp-block-heading\">Dirigido<\/h3>\n\n\n\n<p>+ Funcionarios del sector p\u00fablico, profesionales de diversas organizaciones, miembros del Comit\u00e9 de Seguridad y Salud en el Trabajo &#8211; CSST, gestores de recursos humanos o consultores dedicados al desarrollo del proceso de implementaci\u00f3n del Sistema de Gesti\u00f3n de Seguridad y Salud en el Trabajo.<\/p>\n\n\n\n<p>+ Bachilleres, estudiantes y p\u00fablico general interesado en especializarse en el \u00e1rea de seguridad y salud en el trabajo.<\/p>\n\n\n\n<h3 class=\"wp-block-heading\">Objetivos<\/h3>\n\n\n\n<p>+ Conocer el enfoque integral del sistema de gesti\u00f3n de seguridad y salud en el trabajo e identificar, evaluar e interpretar sus principales normas legales.<\/p>\n\n\n\n<p>+ Fortalecer las capacidades de los profesionales responsables de la gesti\u00f3n de la Seguridad y Salud en el trabajo.<\/p>\n\n\n\n<p>+ Conocer como estimar peligros, formas de evaluaci\u00f3n y control de riesgos de la empresa, asegurando su eficacia.<\/p>\n\n\n\n<p>+ Conocer los controles necesarios para una efectiva gesti\u00f3n de la salud en el trabajo, dise\u00f1ar la gesti\u00f3n de primeros auxilios y urgencia m\u00e9dicas en el lugar de trabajo.<\/p>\n\n\n\n<p>+ Proponer una visi\u00f3n estrat\u00e9gica a los miembros de Comit\u00e9 y Sub Comit\u00e9s a fin de crear ideas innovadoras para afrontar con \u00e9xito los retos en materia de seguridad y salud en su entorno laboral.<\/p>\n\n\n\n<p>+ Conocer el alcance de Ergonom\u00eda laboral, tipos y campos de actuaci\u00f3n aplicada al lugar de trabajo.<\/p>\n\n\n\n<p><strong>PROGRAMACI\u00d3N:<\/strong><\/p>\n\n\n\n<p><strong>D\u00cdA 1: MARTES 26 DE ENERO DE 2021<\/strong><\/p>\n\n\n\n<p><em><strong>6:00 p.m. \u2013 6:30 p.m.<\/strong><\/em><\/p>\n\n\n\n<p>Registro de asistencia, bienvenida e inauguraci\u00f3n del congreso.<\/p>\n\n\n\n<p><em><strong>6:30 p.m. \u2013 7:55 p.m<\/strong><\/em>.<\/p>\n\n\n\n<p><strong>PONENCIA 1:<\/strong>&nbsp;Salud y Seguridad en el Trabajo durante y post COVID-19 [Normativa nacional y sectorial en Seguridad y Salud en el Trabajo y&nbsp;SUNAFIL y su relaci\u00f3n con la Seguridad y Salud en el Trabajo \u2013 SST] &#8211;&nbsp;Mg. Ing. Dennis Omar Diaz Bulnes.<\/p>\n\n\n\n<p>8:05 p.m. \u2013 9:30 p.m.<\/p>\n\n\n\n<p><strong>PONENCIA 2:<\/strong>&nbsp;Accidentes y enfermedades laborales y Visi\u00f3n Zero en seguridad y salud en el trabajo &#8211; Mg. Ing. Belisario P\u00e9rez Ch\u00e1vez.<\/p>\n\n\n\n<p><strong>D\u00cdA 2: MI\u00c9RCOLES 27 DE ENERO DE 2021<\/strong><\/p>\n\n\n\n<p><em><strong>6:00 p.m. \u2013 6:30 p.m.<\/strong><\/em><\/p>\n\n\n\n<p>Registro de asistencia.<\/p>\n\n\n\n<p><em><strong>6:30 p.m. \u2013 7:55 p.m.<\/strong><\/em><\/p>\n\n\n\n<p><strong>PONENCIA 3:<\/strong>&nbsp;Gesti\u00f3n de riesgos aplicados a la seguridad y salud en el trabajo &#8211;&nbsp;Mg. Ing. Humberto Percca Ragas.<\/p>\n\n\n\n<p><em><strong>8:05 p.m. \u2013 9:30 p.m.<\/strong><\/em><\/p>\n\n\n\n<p><strong>PONENCIA 4:<\/strong>&nbsp;Gesti\u00f3n de la salud en el trabajo &#8211;&nbsp;Dr. Cesar Cano Candiotti.<\/p>\n\n\n\n<p><strong>D\u00cdA 3: JUEVES 28 DE ENERO DE 2021<\/strong><\/p>\n\n\n\n<p>&nbsp;6:00 p.m. \u2013 6:30 p.m.<\/p>\n\n\n\n<p>Registro de asistencia.<\/p>\n\n\n\n<p><em><strong>6:30 p.m. \u2013 7:55 p.m.<\/strong><\/em><\/p>\n\n\n\n<p><strong>PONENCIA 5:<\/strong>&nbsp;Planes de contingencia en materia de SST y Adecuaci\u00f3n de empresas y trabajos post COVID-19 &#8211;&nbsp;Mg. Ing. Dennis Omar Diaz Bulnes.<\/p>\n\n\n\n<p>8:05 p.m. \u2013 9:30 p.m.<\/p>\n\n\n\n<p><strong>PONENCIA 6:<\/strong>&nbsp;Ergonom\u00eda aplicada al lugar de trabajo [Impacto de la Pandemia en la Salud Mental de los Trabajadores y&nbsp;Prevenci\u00f3n del Estigma en Salud Mental] &#8211;&nbsp;Dr. Ra\u00fal Gomero Cuadra.<\/p>\n\n\n\n<p><em>Clausura.<\/em><\/p>\n\n\n\n<p><em><strong>Informes y consultas:<\/strong><\/em><\/p>\n\n\n\n<p>(074) 637020, WhatsApp: 968059963, 956272261, informes@cietsiperu.com, www.cietsiperu.com<\/p>\n","protected":false},"excerpt":{"rendered":"<div class=\"mh-excerpt\"><p>CONGRESO NACIONAL GRATUITO DE SEGURIDAD Y SALUD EN EL TRABAJO 2021 MODALIDAD VIRTUAL ONLINE A NIVEL NACIONAL E INTERNACIONAL Fechas:&nbsp;26, 27 y 28 de enero <a class=\"mh-excerpt-more\" href=\"https:\/\/cietsigubernamental.com\/blog\/congreso-nacional-gratuito-de-seguridad-y-salud-en-el-trabajo-1446\/\" title=\"CONGRESO NACIONAL GRATUITO DE SEGURIDAD Y SALUD EN EL TRABAJO\">[&#8230;]<\/a><\/p>\n<\/div>","protected":false},"author":1,"featured_media":1447,"comment_status":"open","ping_status":"open","sticky":false,"template":"","format":"standard","meta":{"jetpack_post_was_ever_published":false,"_jetpack_newsletter_access":"","_jetpack_dont_email_post_to_subs":false,"_jetpack_newsletter_tier_id":0,"_jetpack_memberships_contains_paywalled_content":false,"_jetpack_memberships_contains_paid_content":false,"footnotes":"","jetpack_publicize_message":"","jetpack_publicize_feature_enabled":true,"jetpack_social_post_already_shared":true,"jetpack_social_options":{"image_generator_settings":{"template":"highway","default_image_id":0,"font":"","enabled":false},"version":2}},"categories":[2,5,59,71,24,70,69,1,12],"tags":[],"class_list":["post-1446","post","type-post","status-publish","format-standard","has-post-thumbnail","hentry","category-actualidad","category-cursos-talleres-cietsi","category-cursos-talleres-gratuitos","category-diplomados","category-gestion-publica","category-gubernamental","category-ingenierias","category-sin-categoria","category-tecnologias"],"jetpack_publicize_connections":[],"jetpack_featured_media_url":"https:\/\/i0.wp.com\/cietsigubernamental.com\/blog\/wp-content\/uploads\/2021\/01\/CONGRESO-NACIONAL-SEGURIDAD-Y-SALUD-OCUPACIONAL-2021-2.jpg?fit=958%2C545&ssl=1","jetpack_sharing_enabled":true,"jetpack_shortlink":"https:\/\/wp.me\/p9RxCY-nk","jetpack-related-posts":[],"_links":{"self":[{"href":"https:\/\/cietsigubernamental.com\/blog\/wp-json\/wp\/v2\/posts\/1446","targetHints":{"allow":["GET"]}}],"collection":[{"href":"https:\/\/cietsigubernamental.com\/blog\/wp-json\/wp\/v2\/posts"}],"about":[{"href":"https:\/\/cietsigubernamental.com\/blog\/wp-json\/wp\/v2\/types\/post"}],"author":[{"embeddable":true,"href":"https:\/\/cietsigubernamental.com\/blog\/wp-json\/wp\/v2\/users\/1"}],"replies":[{"embeddable":true,"href":"https:\/\/cietsigubernamental.com\/blog\/wp-json\/wp\/v2\/comments?post=1446"}],"version-history":[{"count":1,"href":"https:\/\/cietsigubernamental.com\/blog\/wp-json\/wp\/v2\/posts\/1446\/revisions"}],"predecessor-version":[{"id":1448,"href":"https:\/\/cietsigubernamental.com\/blog\/wp-json\/wp\/v2\/posts\/1446\/revisions\/1448"}],"wp:featuredmedia":[{"embeddable":true,"href":"https:\/\/cietsigubernamental.com\/blog\/wp-json\/wp\/v2\/media\/1447"}],"wp:attachment":[{"href":"https:\/\/cietsigubernamental.com\/blog\/wp-json\/wp\/v2\/media?parent=1446"}],"wp:term":[{"taxonomy":"category","embeddable":true,"href":"https:\/\/cietsigubernamental.com\/blog\/wp-json\/wp\/v2\/categories?post=1446"},{"taxonomy":"post_tag","embeddable":true,"href":"https:\/\/cietsigubernamental.com\/blog\/wp-json\/wp\/v2\/tags?post=1446"}],"curies":[{"name":"wp","href":"https:\/\/api.w.org\/{rel}","templated":true}]}}