{"id":1299,"date":"2020-07-30T17:40:58","date_gmt":"2020-07-30T17:40:58","guid":{"rendered":"http:\/\/cietsigubernamental.com\/blog\/?p=1299"},"modified":"2020-08-11T16:53:52","modified_gmt":"2020-08-11T16:53:52","slug":"diplomado-de-alta-especializacion-en-gestion-publica-2020","status":"publish","type":"post","link":"https:\/\/cietsigubernamental.com\/blog\/diplomado-de-alta-especializacion-en-gestion-publica-2020-1299\/","title":{"rendered":"DIPLOMADO DE ALTA ESPECIALIZACI\u00d3N EN GESTI\u00d3N P\u00daBLICA 2020"},"content":{"rendered":"\n<p><strong>DIPLOMADO DE ALTA ESPECIALIZACI\u00d3N EN GESTI\u00d3N&nbsp;P\u00daBLICA<\/strong><\/p>\n\n\n\n<p><strong>MODALIDAD VIRTUAL ONLINE A NIVEL NACIONAL<\/strong><\/p>\n\n\n\n<p><strong>Inicio:<\/strong>&nbsp;31 de agosto de 2020<\/p>\n\n\n\n<p><strong>Horario:<\/strong>&nbsp;lunes y mi\u00e9rcoles de 6:30pm a 9:30pm<\/p>\n\n\n\n<p><strong>Fechas de clases:<\/strong> 31 agosto; 2, 7,9, 14, 16, 21, 23, 28, 30 setiembre; 6, 8, 12, 14, 19, 21, 26, 28 octubre; 2, 4 noviembre de 2020<\/p>\n\n\n\n<p><strong>Duraci\u00f3n:<\/strong>&nbsp;3 meses<\/p>\n\n\n\n<p><strong>Lugar:<\/strong>&nbsp;Campus virtual Cietsi (<a href=\"https:\/\/institutocietsi.com\/p\/gp2020\/\" target=\"_blank\" rel=\"noreferrer noopener\">https:\/\/institutocietsi.com\/p\/gp2020\/<\/a>) y Zoom<\/p>\n\n\n\n<p><strong>MODALIDAD DE ESTUDIOS:<\/strong><\/p>\n\n\n\n<ul class=\"wp-block-list\"><li>Transmitiremos las clases en vivo (online), tendr\u00e1s interacci\u00f3n con los ponentes (Todas las clases quedaran grabadas para acceder en cualquier momento en nuestro nuevo campus virtual)<\/li><li>Tendr\u00e1n foro activo por cada sesi\u00f3n de clase, que permitir\u00e1 plantear y resolver consultas entre todos los participantes, contar\u00e1n con la asesor\u00eda de los ponentes<\/li><\/ul>\n\n\n\n<p><strong>INVERSI\u00d3N (NO INCLUYE IGV):<\/strong><\/p>\n\n\n\n<p> + Inscripci\u00f3n (Matr\u00edcula): S\/ 150 Soles (Promoci\u00f3n hasta el 22 de agosto de 2020, a partir del 23 de agosto de 2020: S\/ 200 Soles, o hasta cubrir vacantes) <\/p>\n\n\n\n<p>+ No se paga mensualidad<\/p>\n\n\n\n<p>+ Certificaci\u00f3n opcional a nombre del Colegio de Licenciados de Administraci\u00f3n Regi\u00f3n Lambayeque y la Escuela de Posgrado e la Universidad Nacional de Trujillo (Se puede cancelar hasta finalizar el diplomado)<\/p>\n\n\n\n<p><strong>PARA RESERVAR VACANTE:<\/strong><\/p>\n\n\n\n<p>+ Dejar sus datos (Clic aqu\u00ed:&nbsp;<a href=\"https:\/\/docs.google.com\/forms\/d\/e\/1FAIpQLSe9qa0ZtCAYqJ0reKkyimV1re0_GJNAIx7oho4NDRakS_0gxQ\/viewform\" target=\"_blank\" rel=\"noreferrer noopener\">https:\/\/bit.ly\/dgp2020Form<\/a>)&nbsp;<\/p>\n\n\n\n<p>+ Tambi\u00e9n puede enviar sus datos al Celular\/WhatsApp: 956272261 (Clic aqu\u00ed:&nbsp;<a href=\"https:\/\/api.whatsapp.com\/send?phone=51956272261&amp;text=Hola%20Cietsi,%20deseo%20informaci%C3%B3n%20del%20Diplomado%20de%20alta%20especializaci%C3%B3n%20en%20Gesti%C3%B3n%20P%C3%BAblica%202020\" target=\"_blank\" rel=\"noreferrer noopener\">https:\/\/bit.ly\/dgp2020wsp<\/a>)<\/p>\n\n\n\n<p><strong>PARA PARTICIPAR DEL DIPLOMADO DE ALTA ESPECIALIZACI\u00d3N:<\/strong><\/p>\n\n\n\n<ul class=\"wp-block-list\"><li>Mediante dep\u00f3sito o transferencia bancaria:&nbsp;<a href=\"https:\/\/cietsiperu.com\/forma-de-pago\" target=\"_blank\" rel=\"noreferrer noopener\">https:\/\/cietsiperu.com\/forma-de-pago<\/a><\/li><li>Directamente en campus virtual:&nbsp;<a href=\"https:\/\/institutocietsi.com\/p\/gp2020\/\" target=\"_blank\" rel=\"noreferrer noopener\">https:\/\/institutocietsi.com\/p\/gp2020\/<\/a><\/li><li>Tambi\u00e9n por Yape (<a href=\"https:\/\/drive.google.com\/open?id=1m0w1xk7cEsyPnS6MRm8HihHwnhrRUM9_\" target=\"_blank\" rel=\"noreferrer noopener\">Clic aqu\u00ed<\/a>), Tunki (<a href=\"https:\/\/drive.google.com\/open?id=1YlIGYLkxZBJUgQruIdX7d6q9-8XFkUKx\" target=\"_blank\" rel=\"noreferrer noopener\">Clic aqu\u00ed<\/a>), Payu y paypal (<a href=\"mailto:informes@cietsiperu.com\">informes@cietsiperu.com<\/a>)<\/li><\/ul>\n\n\n\n<p>Una vez realizado el pago comunicarse con nosotros enviando un email a informes@cietsiperu.com o al WhatsApp: 956272261, con los siguientes datos (nombres completos, DNI, tel\u00e9fono\/celular, asunto DIPLOMADO GESTI\u00d3N P\u00daBLICA 2020), adjuntando el comprobante de pago, luego de validar nos comunicaremos con usted a la brevedad.<\/p>\n\n\n\n<p><em><strong>\u00a1\u00a1DIPLOMADO TOTALMENTE ACTUALIZADO Y CON PONENTES DE PRIMER NIVEL RECONOCIDOS A NIVEL NACIONAL!!<\/strong><\/em><\/p>\n\n\n\n<p><em><strong>\u00a1\u00a1\u00daNICA EDICI\u00d3N 2020!!&nbsp; \u00a1\u00a1VACANTES LIMITADAS ONLINE!!<\/strong><\/em><\/p>\n\n\n\n<p><em><strong>\u00a1EN CIETSI ESTAMOS COMPROMETIDOS EN FORMAR PROFESIONALES COMPETITIVOS!<\/strong><\/em><\/p>\n\n\n\n<h3 class=\"wp-block-heading\">Dirigido<\/h3>\n\n\n\n<p>+ Directivos, gerentes, jefes y personal que laboran en las \u00e1reas de administraci\u00f3n, planeamiento y presupuesto, finanzas, contabilidad, recursos humanos, proyectos de inversi\u00f3n, abastecimiento, \u00f3rgano de control institucional, supervisi\u00f3n y otras \u00e1reas de las entidades p\u00fablicas que requieran fomentar una cultura orientada hacia la gesti\u00f3n por resultados.<\/p>\n\n\n\n<p>+ Ejecutivos, consultores independientes y entidades de la sociedad civil interesados en conocer sobre el funcionamiento de la gesti\u00f3n p\u00fablica.<\/p>\n\n\n\n<p>+ P\u00fablico en general que deseen profundizar sus estudios o especializarse sobre la gesti\u00f3n p\u00fablica.<\/p>\n\n\n\n<h3 class=\"wp-block-heading\">Objetivos<\/h3>\n\n\n\n<p>El presente&nbsp;<strong>Diplomado de alta especializaci\u00f3n en Gesti\u00f3n P\u00fablica<\/strong>&nbsp;te permitir\u00e1 adquirir habilidades t\u00e9cnicas como:<\/p>\n\n\n\n<p>+ Comprende la relevancia de la Planificaci\u00f3n Estrat\u00e9gica en los procesos de gesti\u00f3n p\u00fablica, considerando las potencialidades y perspectivas de desarrollo y el \u00e1mbito laboral en el que se desempe\u00f1a.<\/p>\n\n\n\n<p>+ Analiza el marco constitucional y conceptual de la funci\u00f3n p\u00fablica y su interrelaci\u00f3n con la gesti\u00f3n de los recursos humanos y sus procesos t\u00e9cnicos, adem\u00e1s reconoce las nuevas tendencias sobre gesti\u00f3n de las personas y sus componentes.<\/p>\n\n\n\n<p>+ Conoce el marco normativo e identifica inversiones de baja, mediana y alta complejidad, as\u00ed como Inversiones de Optimizaci\u00f3n, Ampliaci\u00f3n marginal, Reposici\u00f3n y Rehabilitaci\u00f3n (IOARR), empleo de formatos y fichas t\u00e9cnicas.<\/p>\n\n\n\n<p>+ Conoce la Gesti\u00f3n de ejecuci\u00f3n de la Obras P\u00fablicas, bajo el enfoque de INVIERTE.PE, as\u00ed como el Modelo de Ejecuci\u00f3n de Inversiones P\u00fablicas a trav\u00e9s de Proyectos Especiales de Inversi\u00f3n P\u00fablica (PEIP)<\/p>\n\n\n\n<p>+ Comprender el \u00e1mbito de aplicaci\u00f3n de la normativa del Sistema Nacional de Abastecimiento y Contrataciones del Estado y los l\u00edmites que se tienen para ello.<\/p>\n\n\n\n<p>+ Comprender el \u00e1mbito de aplicaci\u00f3n de la normativa del Sistema Nacional de Control.<\/p>\n\n\n\n<h3 class=\"wp-block-heading\">Temario<\/h3>\n\n\n\n<p>El presente Diplomado comprende 10 m\u00f3dulos y 20 secciones, entre estos, i) Estructura, Organizaci\u00f3n y Funcionamiento del Estado y la Gesti\u00f3n P\u00fablica, ii) Sistema Nacional de Modernizaci\u00f3n de la gesti\u00f3n p\u00fablica y Reforma del Estado&nbsp; &nbsp;iii) Pol\u00edticas P\u00fablicas, Gobernabilidad y Gesti\u00f3n p\u00fablica&nbsp; &nbsp;iv) Sistema de Planeamiento Estrat\u00e9gico en el Sector P\u00fablico v) Sistema de Presupuesto P\u00fablico y Presupuesto por resultados&nbsp; vi) Gesti\u00f3n por Procesos en el Sector P\u00fablico vii) Gesti\u00f3n de Recursos Humanos y la reforma del servicio civil en el Sector P\u00fablico. viii) Programaci\u00f3n Multianual, Formulaci\u00f3n, Evaluaci\u00f3n y Gesti\u00f3n de Proyectos de Inversi\u00f3n P\u00fablica\u201d ix) Sistema Nacional de Abastecimiento y Gesti\u00f3n de Contrataciones del Estado x) Sistema Nacional de Control, \u00c9tica y Anticorrupci\u00f3n.<\/p>\n\n\n\n<p><strong>CURSO 1: ESTRUCTURA, ORGANIZACI\u00d3N Y FUNCIONAMIENTO DEL ESTADO Y LA GESTI\u00d3N P\u00daBLICA<\/strong><\/p>\n\n\n\n<p>+ Marco Constitucional de la Organizaci\u00f3n Pol\u00edtica y estructura del estado.<\/p>\n\n\n\n<p>+ Fundamentos de la Gesti\u00f3n P\u00fablica.<\/p>\n\n\n\n<p>+ La Gesti\u00f3n P\u00fablica y sus modelos Conceptuales de la Gesti\u00f3n de Gobierno.<\/p>\n\n\n\n<p>+ El Estado y sus formas.<\/p>\n\n\n\n<p>+ La Nueva Gerencia P\u00fablica.<\/p>\n\n\n\n<p>+ La Gesti\u00f3n por Resultados.<\/p>\n\n\n\n<p>+ Evaluaci\u00f3n.<\/p>\n\n\n\n<p>COMPETENCIAS:<\/p>\n\n\n\n<p>+ Reconoce las caracter\u00edsticas del Estado.<\/p>\n\n\n\n<p>+ Identifica los modelos de gesti\u00f3n que se usan para el gobierno de las entidades p\u00fablicas.<\/p>\n\n\n\n<p>+ Reconoce las caracter\u00edsticas para la aplicaci\u00f3n de la teor\u00eda de la nueva gerencia p\u00fablica y la aplicaci\u00f3n de la gesti\u00f3n orientada en los resultados.<\/p>\n\n\n\n<p><strong>CURSO 2: SISTEMA NACIONAL DE MODERNIZACI\u00d3N DE LA GESTI\u00d3N P\u00daBLICA Y REFORMA DEL ESTADO<\/strong><\/p>\n\n\n\n<p>+ Fundamentos Pol\u00edtica Nacional de Modernizaci\u00f3n de la gesti\u00f3n p\u00fablica<\/p>\n\n\n\n<p>+ Aspectos de inter\u00e9s para la incorporaci\u00f3n del enfoque de g\u00e9nero.<\/p>\n\n\n\n<p>+ El tr\u00e1nsito hacia la nueva gobernanza p\u00fablica.<\/p>\n\n\n\n<p>+ El servidor p\u00fablico como motor de cambio.<\/p>\n\n\n\n<p>+ Buenas pr\u00e1cticas en la mejora de la calidad de los servicios.<\/p>\n\n\n\n<p>+ Avances y desaf\u00edos en el proceso de modernizaci\u00f3n.<\/p>\n\n\n\n<p>+ Ciudadano como eje de la modernizaci\u00f3n.<\/p>\n\n\n\n<p>+ Tr\u00e1nsito hacia el nuevo R\u00e9gimen de servicio civil.<\/p>\n\n\n\n<p>+ Modernidad e integridad<\/p>\n\n\n\n<p>+ Gobierno digital.<\/p>\n\n\n\n<p>+ Descentralizaci\u00f3n de la gesti\u00f3n P\u00fablica.<\/p>\n\n\n\n<p>+ Procesos de concreci\u00f3n: Plan de acci\u00f3n de gobierno abierto &#8211; PAGA.<\/p>\n\n\n\n<p>+ Innovaci\u00f3n digital para fomentar la colaboraci\u00f3n y vigilancia ciudadana.<\/p>\n\n\n\n<p>+ Simplificaci\u00f3n administrativa y competitividad.<\/p>\n\n\n\n<p>+ Reforma regulatoria.<\/p>\n\n\n\n<p>+ Evaluaci\u00f3n.<\/p>\n\n\n\n<p>COMPETENCIAS:<\/p>\n\n\n\n<p>Reconoce las caracter\u00edsticas del modelo de modernizaci\u00f3n de la gesti\u00f3n p\u00fablica, bajo el enfoque de una gesti\u00f3n p\u00fablica orientada en los resultados, as\u00ed como el desarrollo de valor p\u00fablico en los bienes y\/o servicios p\u00fablicos brindados por las entidades p\u00fablicas a los ciudadanos.<\/p>\n\n\n\n<p><strong>CURSO 3: POL\u00cdTICAS P\u00daBLICAS, GOBERNABILIDAD Y GESTI\u00d3N P\u00daBLICA<\/strong><\/p>\n\n\n\n<p>+ Las Pol\u00edticas P\u00fablicas (Consideraciones y Aspectos Importantes)<\/p>\n\n\n\n<p>+ Ciclo de Pol\u00edticas P\u00fablicas (Agenda, Identificaci\u00f3n, Dise\u00f1o, Implementaci\u00f3n y Evaluaci\u00f3n)<\/p>\n\n\n\n<p>+ El Problema p\u00fablico.<\/p>\n\n\n\n<p>+ Gesti\u00f3n P\u00fablica.<\/p>\n\n\n\n<p>+ La pol\u00edtica P\u00fablica como estrategia.<\/p>\n\n\n\n<p>+ La Gesti\u00f3n p\u00fablica como pr\u00e1ctica.<\/p>\n\n\n\n<p>+ Evaluaci\u00f3n.<\/p>\n\n\n\n<p>COMPETENCIAS:<\/p>\n\n\n\n<p>+ Reconoce las caracter\u00edsticas m\u00e1s importantes de las pol\u00edticas p\u00fablicas y sus aspectos ligados a sus intervenciones.<\/p>\n\n\n\n<p>+ Identifica y reconoce la relaci\u00f3n que existe entre la Pol\u00edtica P\u00fablica y la Gesti\u00f3n P\u00fablica.&nbsp;<\/p>\n\n\n\n<p><strong>CURSO 4: SISTEMA DE PLANEAMIENTO ESTRAT\u00c9GICO EN EL SECTOR P\u00daBLICO<\/strong><\/p>\n\n\n\n<p>+ Sistema Nacional de Planeamiento Estrat\u00e9gico y Centro Nacional de Planeamiento Estrat\u00e9gico CEPLAN.<\/p>\n\n\n\n<p>+ Implementaci\u00f3n del Plan Estrat\u00e9gico de Desarrollo Nacional- PEDN, objetivos de desarrollo sostenible de la agenda de 2030 y la visi\u00f3n al 2050.<\/p>\n\n\n\n<p>+ Planeamiento Estrat\u00e9gico Sectorial y multisectorial-PESEM<\/p>\n\n\n\n<p>+ Planeamiento Estrat\u00e9gico Institucional en la gesti\u00f3n por resultados- PEI.<\/p>\n\n\n\n<p>+ Plan Operativo Institucional-POI.<\/p>\n\n\n\n<p>+ Articulaci\u00f3n del Planeamiento con otros instrumentos de gesti\u00f3n.<\/p>\n\n\n\n<p>+ Planeamiento Estrat\u00e9gico Participativo.&nbsp;<\/p>\n\n\n\n<p>+ Planeamiento Estrat\u00e9gico Territorial.<\/p>\n\n\n\n<p>+ Evaluaci\u00f3n.<\/p>\n\n\n\n<p>COMPETENCIAS:<\/p>\n\n\n\n<p>+ Identifica conceptos, esquemas y funciones de la planificaci\u00f3n estrat\u00e9gica.<\/p>\n\n\n\n<p>+ Conoce los antecedentes, el marco normativo actual y fases del planeamiento estrat\u00e9gico.<\/p>\n\n\n\n<p>+ Analiza la Directiva del CEPLAN, vinculado a la planificaci\u00f3n estrat\u00e9gica.<\/p>\n\n\n\n<p>+ Diagnostica y reflexiona sobre el planeamiento estrat\u00e9gico<\/p>\n\n\n\n<p>+ Identifica las potencialidades de las regiones y la Visi\u00f3n Per\u00fa al a\u00f1o 2030<\/p>\n\n\n\n<p><strong>CURSO 5: SISTEMA DE PRESUPUESTO P\u00daBLICO Y PRESUPUESTO POR RESULTADOS<\/strong><\/p>\n\n\n\n<p>+ Administraci\u00f3n Financiera del Sector P\u00fablico<\/p>\n\n\n\n<p>+ Sistema Nacional de Presupuesto P\u00fablico<\/p>\n\n\n\n<p>+ Proceso Presupuestarios<\/p>\n\n\n\n<p>+ Programaci\u00f3n Multianual<\/p>\n\n\n\n<p>+ Formulaci\u00f3n<\/p>\n\n\n\n<p>+ Aprobaci\u00f3n<\/p>\n\n\n\n<p>+ Ejecuci\u00f3n<\/p>\n\n\n\n<p>+ Evaluaci\u00f3n del proceso presupuestario.<\/p>\n\n\n\n<p>+ Calidad de Gasto P\u00fablico&nbsp;<\/p>\n\n\n\n<p>+ Presupuesto Tem\u00e1tico<\/p>\n\n\n\n<p>+ Elementos y Consideraciones para la gesti\u00f3n presupuestaria.<\/p>\n\n\n\n<p>+ Presupuesto por Resultados seg\u00fan MEF (Programas Presupuestales).<\/p>\n\n\n\n<p>+ Articulaci\u00f3n del Presupuesto Territorial<\/p>\n\n\n\n<p>+ Evaluaci\u00f3n.<\/p>\n\n\n\n<p>COMPETENCIAS:<\/p>\n\n\n\n<p>+ Reconoce los elementos para la Aplicaci\u00f3n del Proceso Presupuestario considerando la estrategia de presupuesto por resultados.<\/p>\n\n\n\n<p><strong>CURSO 6: GESTI\u00d3N POR PROCESOS EN EL SECTOR P\u00daBLICO<\/strong><\/p>\n\n\n\n<p>+ Antecedentes y Conceptos de la Gesti\u00f3n por Procesos.<\/p>\n\n\n\n<p>+ Contexto para el Desarrollo de la Gesti\u00f3n por Procesos.<\/p>\n\n\n\n<p>+ Medidas y an\u00e1lisis de los procesos.<\/p>\n\n\n\n<p>+ Herramientas \u00fatiles para efectuar el control de procesos.<\/p>\n\n\n\n<p>+ Mejora de los procesos.<\/p>\n\n\n\n<p>+ Gesti\u00f3n de la calidad.<\/p>\n\n\n\n<p>+ Evaluaci\u00f3n.<\/p>\n\n\n\n<p>COMPETENCIAS:<\/p>\n\n\n\n<p>+ Analiza los aspectos vinculados a la gesti\u00f3n por procesos con \u00e9nfasis en la gesti\u00f3n orientada en los resultados y su vinculaci\u00f3n a la gesti\u00f3n de la calidad.<\/p>\n\n\n\n<p><strong>CURSO 7: GESTI\u00d3N DE RECURSOS HUMANOS Y LA REFORMA DEL SERVICIO CIVIL EN EL SECTOR P\u00daBLICO<\/strong><\/p>\n\n\n\n<p>+ La reforma del servicio civil en el Per\u00fa.<\/p>\n\n\n\n<p>+ Ley del Servicio Civil.<\/p>\n\n\n\n<p>+ Clasificaci\u00f3n de los servidores p\u00fablicos, modelo de gesti\u00f3n por competencia.<\/p>\n\n\n\n<p>+ El proceso de Incorporaci\u00f3n al servicio civil.<\/p>\n\n\n\n<p>+ Gesti\u00f3n del proceso de capacitaci\u00f3n. Derechos colectivos de los trabajadores p\u00fablicos.&nbsp;<\/p>\n\n\n\n<p>+ Sistema Administrativo de Recursos Humanos.<\/p>\n\n\n\n<p>+ Evaluaci\u00f3n.<\/p>\n\n\n\n<p>COMPETENCIAS:<\/p>\n\n\n\n<p>+ Reconoce los elementos para la Aplicaci\u00f3n de la ley del servicio civil.<\/p>\n\n\n\n<p>+ Reconoce la aplicaci\u00f3n del buen an\u00e1lisis del dimensionamiento de las entidades considerando la gesti\u00f3n por procesos y la dotaci\u00f3n de personal al respecto.<\/p>\n\n\n\n<p>+ Desarrolla un conjunto de competencias que les permite organizar y generar modelos de recursos humanos de acuerdo al entorno y objetivos empresariales.<\/p>\n\n\n\n<p><strong>CURSO 8: PROGRAMACI\u00d3N MULTIANUAL, FORMULACI\u00d3N, EVALUACI\u00d3N Y GESTI\u00d3N DE PROYECTOS DE INVERSI\u00d3N P\u00daBLICA<\/strong><\/p>\n\n\n\n<p>+ Normatividad del INVIERTE.PE<\/p>\n\n\n\n<p>+ Programaci\u00f3n Multianual, Formulaci\u00f3n y Evaluaci\u00f3n de Proyectos de Inversi\u00f3n.&nbsp;<\/p>\n\n\n\n<p>+ Aplicaci\u00f3n de Formatos y Anexos de la elaboraci\u00f3n de Proyectos de Inversi\u00f3n.<\/p>\n\n\n\n<p>+ Gesti\u00f3n y Seguimiento de Inversiones en la fase de ejecuci\u00f3n.<\/p>\n\n\n\n<p>+ Modelo de Ejecuci\u00f3n de Inversiones P\u00fablicas a trav\u00e9s de Proyectos Especiales de Inversi\u00f3n P\u00fablica (PEIP).<\/p>\n\n\n\n<p>+ Fundamentos: Teor\u00eda de Juegos y Obras P\u00fablicas. Sistemas de Entrega (Project Delivery System).<\/p>\n\n\n\n<p>+ Marco legal: DU 021-2020, DS 119-2020-EF y DS 179-2020-EF.<\/p>\n\n\n\n<p>+ Proyecto Especial de Inversi\u00f3n P\u00fablica (PEIP) y sus \u00f3rganos.<\/p>\n\n\n\n<p>+ Contratos Estandarizados, Fast track, Estrategia de contrataci\u00f3n.<\/p>\n\n\n\n<p>+ Evaluaci\u00f3n.<\/p>\n\n\n\n<p>COMPETENCIAS:<\/p>\n\n\n\n<p>+ Reconoce el marco legal que rigen las inversiones p\u00fablicas.<\/p>\n\n\n\n<p>+ Identifica los niveles de inversi\u00f3n en los diferentes sectores y el empleo de los formatos,<\/p>\n\n\n\n<p>+ Analiza la gesti\u00f3n y seguimiento de las inversiones p\u00fablicas.<\/p>\n\n\n\n<p>+ Identifica y comenta experiencias exitosas de proyectos de inversi\u00f3n p\u00fablica.<\/p>\n\n\n\n<p><strong>CURSO 9: SISTEMA NACIONAL DE ABASTECIMIENTO Y GESTI\u00d3N DE CONTRATACIONES DEL ESTADO<\/strong><\/p>\n\n\n\n<p>+ Sistema Nacional de Abastecimiento.<\/p>\n\n\n\n<p>+ Marco normativo de las contrataciones del estado.<\/p>\n\n\n\n<p>+ Actuaciones preparatorias en las contrataciones del estado.<\/p>\n\n\n\n<p>+ Procedimientos de selecci\u00f3n de contrataciones p\u00fablicas de bienes, servicios, consultor\u00eda de obras y ejecuci\u00f3n de obras.<\/p>\n\n\n\n<p>+ Soluci\u00f3n de controversias<\/p>\n\n\n\n<p>+ Gesti\u00f3n y administraci\u00f3n de contratos p\u00fablicos.<\/p>\n\n\n\n<p>+ Sistema Electr\u00f3nico de Contrataciones del Estado &#8211; SEACE.<\/p>\n\n\n\n<p>+ Evaluaci\u00f3n.<\/p>\n\n\n\n<p>COMPETENCIAS:<\/p>\n\n\n\n<p>+ Analiza los procesos para la programaci\u00f3n y planificaci\u00f3n de las contrataciones y adquisiciones.<\/p>\n\n\n\n<p>+ Aplica los procedimientos y herramientas de la Contrataci\u00f3n P\u00fablica de acuerdo a lo establecido en la Ley y Normativas vigentes en materia de Contrataciones del Estado.<\/p>\n\n\n\n<p>+ Reconoce los procedimientos para una apropiada gesti\u00f3n y ejecuci\u00f3n de contratos.<\/p>\n\n\n\n<p>+ Evaluaci\u00f3n.<\/p>\n\n\n\n<p><strong>CURSO 10: SISTEMA NACIONAL DE CONTROL, \u00c9TICA Y ANTICORRUPCI\u00d3N<\/strong><\/p>\n\n\n\n<p>+ Sistema Nacional de Control.&nbsp;<\/p>\n\n\n\n<p>+ Atribuciones del Sistema Nacional de Control y los \u00f3rganos conformantes del Sistema.<\/p>\n\n\n\n<p>+ Control Interno, supervisi\u00f3n, vigilancia y verificaci\u00f3n de los actos y resultados de la gesti\u00f3n gubernamental.<\/p>\n\n\n\n<p>+ Clases de Auditor\u00eda<\/p>\n\n\n\n<p>+ Informes de Desviaci\u00f3n de Cumplimiento- Informes de Auditor\u00eda<\/p>\n\n\n\n<p>+ \u00c9tica en la Funci\u00f3n P\u00fablica<\/p>\n\n\n\n<p>+ Principios y deberes \u00e9ticos.<\/p>\n\n\n\n<p>+ Prohibiciones y conflictos de intereses.<\/p>\n\n\n\n<p>+ Responsabilidad Administrativa, Civil y Penal Civil.<\/p>\n\n\n\n<p>+ Evaluaci\u00f3n.<\/p>\n\n\n\n<p>COMPETENCIAS:<\/p>\n\n\n\n<p>+ Reconoce los elementos para el desarrollo del sistema de control, en el marco de las responsabilidades de la gesti\u00f3n del estado.<\/p>\n\n\n\n<h3 class=\"wp-block-heading\">Ponentes<\/h3>\n\n\n\n<p><strong>VLADO ERICK CASTA\u00d1EDA GONZALES<\/strong><\/p>\n\n\n\n<p>Master en Estudios Pol\u00edticos Aplicados (FIIAPP), Espa\u00f1a. Past Secretario de Coordinaci\u00f3n de la Presidencia del Consejo de Ministros (PCM). Miembro del Cuerpo de Gerentes P\u00fablicos de SERVIR y ganador del \u201cConcurso de Buenas Pr\u00e1cticas de Gesti\u00f3n P\u00fablica en el a\u00f1o 2010\u201d (categor\u00eda sistemas de gesti\u00f3n interna), organizado por la ONG Ciudadanos al D\u00eda. Anteriormente se ha desempe\u00f1ado como Director de Monitoreo y Evaluaci\u00f3n de Impacto Social del Ministerio de la Mujer y Desarrollo Social.<\/p>\n\n\n\n<p><strong>LUIS ANTONIO TAFUR ARIAS<\/strong><\/p>\n\n\n\n<p>Gerente P\u00fablico. Economista Senior, con experiencia profesional en el Sector P\u00fablico, Sector Privado y ONG. Experiencia Directiva.&nbsp;<\/p>\n\n\n\n<p><strong>RODOLFO ACUNA NAMIHAS<\/strong><\/p>\n\n\n\n<p>Especialista en presupuesto p\u00fablico, economista de la Universidad particular Ricardo Palma, catedr\u00e1tico de la Universidad el Pacifico, con m\u00e1s de 35 a\u00f1os de experiencia en el sector p\u00fablico. Ex Director General de la Oficina General de Planeamiento y Presupuesto de Ministerio de Vivienda, Construcci\u00f3n y Saneamiento.<\/p>\n\n\n\n<p><strong>CARLOS C\u00c1RDENAS VALDIVIA<\/strong><\/p>\n\n\n\n<p>M\u00e1s de 10 a\u00f1os de experiencia en el sector p\u00fablico y m\u00e1s de 6 a\u00f1os de experiencia en la Gesti\u00f3n de Recursos Humanos, espec\u00edficamente en el segmento Directivo donde he dise\u00f1ado, capacitado, implementado y monitoreado herramientas de gesti\u00f3n en diversas entidades p\u00fablicas; actualmente, vicepresidente en gesti\u00f3n cooperativa de servicios educacionales y profesional en la Gerencia de Desarrollo de la Gerencia P\u00fablica. Especialista en Recursos Humanos, Certificado PMP, Especialista de Procesos OCEB y Lean Six Sigma.<\/p>\n\n\n\n<p><strong>ANTHONY HERN\u00c1N MORENO REA\u00d1O<\/strong><\/p>\n\n\n\n<p>Ingeniero por la Pontificia Universidad Cat\u00f3lica del Per\u00fa (PUCP). Mag\u00edster en Gesti\u00f3n P\u00fablica por la Universidad Nacional Mayor de San Marcos (UNMS), especializaci\u00f3n en Gesti\u00f3n de Proyectos (PMBOK) y Calidad por la PUCP, poseedor de un Master Certifique en Contrataciones P\u00fablicas otorgado por L&#8217;Universit\u00e9 Laval du Quebec (Canad\u00e1). Becario del Gobierno Japon\u00e9s (estudios en Tokio y Nagoya)<\/p>\n\n\n\n<p>Se ha desempe\u00f1ado m\u00e1s de 16 a\u00f1os en la Direcci\u00f3n General de Inversi\u00f3n P\u00fablica del Ministerio de Econom\u00eda y Finanzas, los \u00faltimos 02 y medio a\u00f1os como Director de Seguimiento y Evaluaci\u00f3n y anteriormente como jefe de la Unidad de Gesti\u00f3n de las Inversiones Nacionales. Adem\u00e1s, como Docente en diferentes universidades como: U. Pac\u00edfico, PUCP, ESAN, entre otras; conferencista nacional e internacional en temas de Gesti\u00f3n P\u00fablica.<\/p>\n\n\n\n<p>Desde el 2017 ha laborado como asesor de inversiones para diversos Gobiernos Regionales; ha sido consultor para el Proyecto Especial de los Juegos Panamericanos, Naciones Unidas (UNOPS), Plan Binacional Per\u00fa-Ecuador, Autoridad para la Reconstrucci\u00f3n con Cambios.<\/p>\n\n\n\n<p>Actualmente es consultor en temas especializados en inversi\u00f3n p\u00fablica, y asesor de los Gobiernos Regionales.<\/p>\n\n\n\n<p><strong>SANDRO PIERO HERN\u00c1NDEZ DIEZ&nbsp;<\/strong><\/p>\n\n\n\n<p>Magister en Ciencias Pol\u00edticas con menci\u00f3n en Gerencia P\u00fablica, especialista en Derecho Administrativo, Pontificia Universidad Cat\u00f3lica del Per\u00fa, con especial \u00e9nfasis en contrataciones del Estado, sistemas administrativos y gesti\u00f3n p\u00fablica, con amplia experiencia en el sector p\u00fablico y privado, experto expositor y docente en el marco de la Ley de Contrataciones del Estado, Gesti\u00f3n Administrativa y materias presupuestales.<\/p>\n\n\n\n<p>Experiencia laboral en el Organismo Supervisor de las Contrataciones del Estado &#8211; OSCE desde Sep. 2014 Director T\u00e9cnico Normativo, Corporaci\u00f3n Financiera de Desarrollo \u2013 COFIDE, Programa de Apoyo a la Reforma del Sector Salud \u2013 PARSALUD, Contralor\u00eda General de la Rep\u00fablica &#8211; CGR: \u201cPrograma de Modernizaci\u00f3n de la CGR y Desconcentraci\u00f3n del Sistema Nacional de Control &#8211; Proyecto BID\u201d, Consejo Superior de Contrataciones y Adquisiciones del Estado \u2013 CONSUCODE (OSCE) Jun. 2002 &#8211; Oct. 2005, Asesor Interno contratado a trav\u00e9s del Banco Mundial.<\/p>\n\n\n\n<p><strong>CHRISTIAN GUZM\u00c1N NAPUR\u00cd<\/strong><\/p>\n\n\n\n<p>Abogado Especializado en Derecho P\u00fablico. Magister en Derecho con Menci\u00f3n en Derecho Constitucional, con especializaci\u00f3n en la Universidad de Zaragoza, Espa\u00f1a. Profesor de Derecho P\u00fablico en la Facultad de Derecho de la Pontificia Universidad Cat\u00f3lica del Per\u00fa. Profesor de la Facultad de Derecho y Ciencia Pol\u00edtica de la Universidad Nacional Mayor de San Marcos. Conferencista y profesor de cursos y seminarios de su especialidad. Autor de m\u00faltiples libros y art\u00edculos de su especialidad.<\/p>\n\n\n\n<p>PONENTES INVITADOS<\/p>\n\n\n\n<p><strong>INVERSI\u00d3N (NO INCLUYE IGV):<\/strong><\/p>\n\n\n\n<p> + Inscripci\u00f3n (Matr\u00edcula): S\/ 150 Soles (Promoci\u00f3n hasta el 22 de agosto de 2020, a partir del 23 de agosto de 2020: S\/ 200 Soles, o hasta cubrir vacantes) <\/p>\n\n\n\n<p>+ No se paga mensualidad.<\/p>\n\n\n\n<p>+ Certificaci\u00f3n opcional a nombre del Colegio de Licenciados de Administraci\u00f3n Regi\u00f3n Lambayeque y la Escuela de Posgrado e la Universidad Nacional de Trujillo (Se puede cancelar hasta finalizar el diplomado).<\/p>\n\n\n\n<p><strong>CERTIFICACIONES OPCIONALES:<\/strong><\/p>\n\n\n\n<p><strong>CERTIFICACI\u00d3N COMO DIPLOMADO DE ALTA ESPECIALIZACI\u00d3N EN GESTI\u00d3N P\u00daBLICA:<\/strong>&nbsp;385 horas lectivas \u2013 24 cr\u00e9ditos.<\/p>\n\n\n\n<p><strong>OPCI\u00d3N 1:<\/strong>&nbsp;A nombre de Colegio de Licenciados en Administraci\u00f3n Regi\u00f3n Lambayeque y Centro de Altos Estudios CIETSI: S\/ 300 Soles.<\/p>\n\n\n\n<p><strong>OPCI\u00d3N 2:<\/strong>&nbsp;A nombre de la Escuela de Posgrado de la Universidad Nacional de Trujillo y Centro de Altos Estudios CIETSI: S\/ 350 Soles.<\/p>\n\n\n\n<p><strong>OPCI\u00d3N 3:<\/strong>&nbsp;A nombre de la Escuela de Posgrado de la Universidad Nacional de Trujillo, Colegio de Licenciados en Administraci\u00f3n Regi\u00f3n Lambayeque y Centro de Altos Estudios CIETSI: S\/ 450 Soles.<\/p>\n\n\n\n<p><strong>CERTIFICACI\u00d3N MODULAR COMO CURSO ESPECIALIZADO (SON 10 M\u00d3DULOS QUE COMPRENDE EL DIPLOMADO):<\/strong>&nbsp;40 horas acad\u00e9micas \u2013 2.4 cr\u00e9ditos<\/p>\n\n\n\n<ul class=\"wp-block-list\"><li>A nombre del Colegio de Licenciados en Administraci\u00f3n Regi\u00f3n Lambayeque y Centro de Altos Estudios CIETSI: S\/ 80 Soles.<\/li><li>A nombre del Centro de Altos Estudios CIETSI: S\/ 50 Soles.<\/li><\/ul>\n\n\n\n<p><strong>PROMOCI\u00d3N EXCLUSIVA HASTA EL 31 DE AGOSTO DE 2020 (PRONTO PAGO):<\/strong>&nbsp;Se brindar\u00e1 la certificaci\u00f3n como diplomado con firmas de la Escuela de Posgrado de la Universidad Nacional de Trujillo y Centro de Altos Estudios CIETSI, incluye los 10 certificados modulares como CURSOS ESPECIALIZADOS firmados por Centro de Altos Estudios Cietsi.<\/p>\n\n\n\n<p>Inversi\u00f3n total: S\/ 600 Soles [Matr\u00edcula + Certificaciones].<\/p>\n\n\n\n<p><strong>Nota:<\/strong><\/p>\n\n\n\n<p>+ Con el pago de matr\u00edcula tiene acceso total al diplomado, el acceso a las clases grabadas ser\u00e1 por un a\u00f1o.<\/p>\n\n\n\n<p>+ Las certificaciones son opcionales y puede elegir certificarse como DIPLOMADO y\/o cada m\u00f3dulo como CURSO ESPECIALIZADO, puede cancelar a medida que lleva el diplomado o hasta 15 d\u00edas antes de culminar.<\/p>\n\n\n\n<p>+ Los costos no incluyen IGV (Emitimos boletas y facturas electr\u00f3nicas).<\/p>\n\n\n\n<p>+ Los costos de certificaci\u00f3n modular son para estudiantes que se han matriculado al diplomado.<\/p>\n\n\n\n<p>+ Consulte descuentos en caso corporativo y para promotores freelance.<\/p>\n\n\n\n<p>+ Para env\u00edo de certificados a domicilio a nivel nacional, consultar costo por interno.<\/p>\n\n\n\n<p><em><strong>Informes y consultas:<\/strong><\/em><\/p>\n\n\n\n<p>(074) 637020, (073) 630855, WhatsApp: 968059963, 956272261, informes@cietsiperu.com, www.cietsiperu.com<\/p>\n\n\n\n<p><br><\/p>\n","protected":false},"excerpt":{"rendered":"<div class=\"mh-excerpt\"><p>DIPLOMADO DE ALTA ESPECIALIZACI\u00d3N EN GESTI\u00d3N&nbsp;P\u00daBLICA MODALIDAD VIRTUAL ONLINE A NIVEL NACIONAL Inicio:&nbsp;31 de agosto de 2020 Horario:&nbsp;lunes y mi\u00e9rcoles de 6:30pm a 9:30pm Fechas <a class=\"mh-excerpt-more\" href=\"https:\/\/cietsigubernamental.com\/blog\/diplomado-de-alta-especializacion-en-gestion-publica-2020-1299\/\" title=\"DIPLOMADO DE ALTA ESPECIALIZACI\u00d3N EN GESTI\u00d3N P\u00daBLICA 2020\">[&#8230;]<\/a><\/p>\n<\/div>","protected":false},"author":1,"featured_media":1300,"comment_status":"open","ping_status":"open","sticky":false,"template":"","format":"standard","meta":{"jetpack_post_was_ever_published":false,"_jetpack_newsletter_access":"","_jetpack_dont_email_post_to_subs":false,"_jetpack_newsletter_tier_id":0,"_jetpack_memberships_contains_paywalled_content":false,"_jetpack_memberships_contains_paid_content":false,"footnotes":"","jetpack_publicize_message":"","jetpack_publicize_feature_enabled":true,"jetpack_social_post_already_shared":true,"jetpack_social_options":{"image_generator_settings":{"template":"highway","default_image_id":0,"font":"","enabled":false},"version":2}},"categories":[2,5,59,71,24,70,69,12],"tags":[],"class_list":["post-1299","post","type-post","status-publish","format-standard","has-post-thumbnail","hentry","category-actualidad","category-cursos-talleres-cietsi","category-cursos-talleres-gratuitos","category-diplomados","category-gestion-publica","category-gubernamental","category-ingenierias","category-tecnologias"],"jetpack_publicize_connections":[],"jetpack_featured_media_url":"https:\/\/i0.wp.com\/cietsigubernamental.com\/blog\/wp-content\/uploads\/2020\/07\/DIPLOMADO-GESTI%C3%93N-P%C3%9ABLICA-2020-2.jpg?fit=961%2C545&ssl=1","jetpack_sharing_enabled":true,"jetpack_shortlink":"https:\/\/wp.me\/p9RxCY-kX","jetpack-related-posts":[],"_links":{"self":[{"href":"https:\/\/cietsigubernamental.com\/blog\/wp-json\/wp\/v2\/posts\/1299","targetHints":{"allow":["GET"]}}],"collection":[{"href":"https:\/\/cietsigubernamental.com\/blog\/wp-json\/wp\/v2\/posts"}],"about":[{"href":"https:\/\/cietsigubernamental.com\/blog\/wp-json\/wp\/v2\/types\/post"}],"author":[{"embeddable":true,"href":"https:\/\/cietsigubernamental.com\/blog\/wp-json\/wp\/v2\/users\/1"}],"replies":[{"embeddable":true,"href":"https:\/\/cietsigubernamental.com\/blog\/wp-json\/wp\/v2\/comments?post=1299"}],"version-history":[{"count":4,"href":"https:\/\/cietsigubernamental.com\/blog\/wp-json\/wp\/v2\/posts\/1299\/revisions"}],"predecessor-version":[{"id":1306,"href":"https:\/\/cietsigubernamental.com\/blog\/wp-json\/wp\/v2\/posts\/1299\/revisions\/1306"}],"wp:featuredmedia":[{"embeddable":true,"href":"https:\/\/cietsigubernamental.com\/blog\/wp-json\/wp\/v2\/media\/1300"}],"wp:attachment":[{"href":"https:\/\/cietsigubernamental.com\/blog\/wp-json\/wp\/v2\/media?parent=1299"}],"wp:term":[{"taxonomy":"category","embeddable":true,"href":"https:\/\/cietsigubernamental.com\/blog\/wp-json\/wp\/v2\/categories?post=1299"},{"taxonomy":"post_tag","embeddable":true,"href":"https:\/\/cietsigubernamental.com\/blog\/wp-json\/wp\/v2\/tags?post=1299"}],"curies":[{"name":"wp","href":"https:\/\/api.w.org\/{rel}","templated":true}]}}