{"id":126,"date":"2015-08-10T14:27:42","date_gmt":"2015-08-10T14:27:42","guid":{"rendered":"http:\/\/cietsigubernamental.com\/blog\/?p=126"},"modified":"2015-08-10T14:28:39","modified_gmt":"2015-08-10T14:28:39","slug":"esta-preparando-la-educacion-superior-a-los-jovenes-para-el-mercado-de-trabajo","status":"publish","type":"post","link":"https:\/\/cietsigubernamental.com\/blog\/esta-preparando-la-educacion-superior-a-los-jovenes-para-el-mercado-de-trabajo-126\/","title":{"rendered":"\u00bfEst\u00e1 preparando la educaci\u00f3n superior a los j\u00f3venes para el mercado de trabajo?"},"content":{"rendered":"<p>A nivel mundial, <a href=\"http:\/\/www.ilo.org\/global\/topics\/youth-employment\/lang--en\/index.htm\">73 millones de j\u00f3venes<\/a> est\u00e1n buscando trabajo. Sin embargo, millones de vacantes quedan sin cubrir. En mayo de 2015 hab\u00eda cinco millones de puestos vacantes en los EE.UU., mientras que m\u00e1s de ocho millones estaban buscando un puesto de trabajo. En los pa\u00edses encuestados recientemente por la OCDE, 39 millones de j\u00f3venes no est\u00e1n ni en la educaci\u00f3n ni en el empleo (NEET).<\/p>\n<p>Las cifras ofrecen un panorama sombr\u00edo del mundo laboral. Universidades de todo el mundo est\u00e1n continuamente produciendo graduados calificados, pero los empresarios afirman que hay una aguda escasez de trabajadores cualificados.<\/p>\n<p>Para los empleadores, un t\u00edtulo universitario ya no es el \u00fanico criterio que cuenta. Pero\u2026 \u00a0\u00bfqu\u00e9 es lo que realmente est\u00e1n buscando?<\/p>\n<p><img data-recalc-dims=\"1\" loading=\"lazy\" decoding=\"async\" data-attachment-id=\"127\" data-permalink=\"https:\/\/cietsigubernamental.com\/blog\/esta-preparando-la-educacion-superior-a-los-jovenes-para-el-mercado-de-trabajo-126\/30-6-2015-13-6-35-2\/\" data-orig-file=\"https:\/\/i0.wp.com\/cietsigubernamental.com\/blog\/wp-content\/uploads\/2015\/08\/30-6-2015-13.6.35-2.jpg?fit=622%2C295&amp;ssl=1\" data-orig-size=\"622,295\" data-comments-opened=\"1\" data-image-meta=\"{&quot;aperture&quot;:&quot;0&quot;,&quot;credit&quot;:&quot;&quot;,&quot;camera&quot;:&quot;&quot;,&quot;caption&quot;:&quot;&quot;,&quot;created_timestamp&quot;:&quot;0&quot;,&quot;copyright&quot;:&quot;&quot;,&quot;focal_length&quot;:&quot;0&quot;,&quot;iso&quot;:&quot;0&quot;,&quot;shutter_speed&quot;:&quot;0&quot;,&quot;title&quot;:&quot;&quot;,&quot;orientation&quot;:&quot;0&quot;}\" data-image-title=\"10 08 2015\" data-image-description=\"\" data-image-caption=\"\" data-large-file=\"https:\/\/i0.wp.com\/cietsigubernamental.com\/blog\/wp-content\/uploads\/2015\/08\/30-6-2015-13.6.35-2.jpg?fit=622%2C295&amp;ssl=1\" class=\"alignnone size-full wp-image-127\" src=\"https:\/\/i0.wp.com\/cietsigubernamental.com\/blog\/wp-content\/uploads\/2015\/08\/30-6-2015-13.6.35-2.jpg?resize=622%2C295&#038;ssl=1\" alt=\"10 08 2015\" width=\"622\" height=\"295\" srcset=\"https:\/\/i0.wp.com\/cietsigubernamental.com\/blog\/wp-content\/uploads\/2015\/08\/30-6-2015-13.6.35-2.jpg?w=622&amp;ssl=1 622w, https:\/\/i0.wp.com\/cietsigubernamental.com\/blog\/wp-content\/uploads\/2015\/08\/30-6-2015-13.6.35-2.jpg?resize=300%2C142&amp;ssl=1 300w\" sizes=\"auto, (max-width: 622px) 100vw, 622px\" \/><\/p>\n<p>En las econom\u00edas basadas en la tecnolog\u00eda de hoy en d\u00eda, la demanda de mano de obra STEM (Ciencia, Tecnolog\u00eda, Ingenier\u00eda y Matem\u00e1ticas) cualificada se est\u00e1 intensificando.<\/p>\n<p>Adem\u00e1s, las demandas laborales est\u00e1n pasando de \u201csavoir-faire\u201d a \u201csavoir-\u00eatre\u201d, con un enfoque creciente en \u201chabilidades blandas\u201d o habilidades no cognitivas. <a href=\"http:\/\/www.forbes.com\/fdc\/welcome_mjx.shtml\">Encuesta<\/a> tras <a href=\"http:\/\/www-01.ibm.com\/common\/ssi\/cgi-bin\/ssialias?subtype=XB&amp;infotype=PM&amp;appname=GBSE_GB_TI_USEN&amp;htmlfid=GBE03485USEN&amp;attachment=GBE03485USEN.PDF\">encuesta<\/a> se refleja que lo que las empresas (de todo el mundo) quieren contratar empleados que cumplan con cuatro rasgos fundamentales: comunicaci\u00f3n, colaboraci\u00f3n, creatividad y pensamiento cr\u00edtico.<\/p>\n<p>Por otra parte, se espera que la generaci\u00f3n del milenio compense el <a href=\"http:\/\/www.fastcompany.com\/3034268\/the-future-of-work\/why-millennials-want-to-work-for-themselves\">75% de la fuerza laboral en 2025<\/a>, aunque un n\u00famero significativo nunca ser\u00e1n empleados en el sentido tradicional. Como nos encontramos en un proceso de transici\u00f3n hacia una era donde las m\u00e1quinas realizar\u00e1n tareas mundanas, necesitamos construir una fuerza de trabajo de \u201cempresarios creativos\u201d, que ser\u00e1 innovadora, emp\u00e1tica y equipada para enfrentarse a desaf\u00edos ambiguos.<\/p>\n<p>Por lo tanto, \u00bfest\u00e1 la educaci\u00f3n superior, en realidad, dotando a los j\u00f3venes para el mercado laboral? Seg\u00fan el informe sobre la Educaci\u00f3n para el empleo de McKinsey (Education to Employment), el 70% de los profesores encuestados creen que los graduados est\u00e1n preparados para el mercado laboral. Por otro lado, menos del 50% de los empleadores y de los j\u00f3venes titulados est\u00e1n de acuerdo con ello.<\/p>\n<p>\u00bfQui\u00e9n es responsable de la falta de coincidencia de habilidades? \u00bfLos profesores? \u00bfLos empleadores? \u00bfO debemos culpar a los estudiantes por su elecci\u00f3n de las materias equivocadas? En mi opini\u00f3n, antes de profundizar m\u00e1s en este juego de la culpabilizaci\u00f3n, tenemos que abordar la \u201cbrecha de la percepci\u00f3n\u201d. El informe McKinsey es s\u00f3lo uno de los muchos indicadores que refleja que los profesores, los empresarios y los j\u00f3venes graduados no est\u00e1n en la misma p\u00e1gina.<\/p>\n<p><img data-recalc-dims=\"1\" loading=\"lazy\" decoding=\"async\" data-attachment-id=\"128\" data-permalink=\"https:\/\/cietsigubernamental.com\/blog\/esta-preparando-la-educacion-superior-a-los-jovenes-para-el-mercado-de-trabajo-126\/30-6-2015-13-6-50-3\/\" data-orig-file=\"https:\/\/i0.wp.com\/cietsigubernamental.com\/blog\/wp-content\/uploads\/2015\/08\/30-6-2015-13.6.50-3.jpg?fit=622%2C295&amp;ssl=1\" data-orig-size=\"622,295\" data-comments-opened=\"1\" data-image-meta=\"{&quot;aperture&quot;:&quot;0&quot;,&quot;credit&quot;:&quot;&quot;,&quot;camera&quot;:&quot;&quot;,&quot;caption&quot;:&quot;&quot;,&quot;created_timestamp&quot;:&quot;0&quot;,&quot;copyright&quot;:&quot;&quot;,&quot;focal_length&quot;:&quot;0&quot;,&quot;iso&quot;:&quot;0&quot;,&quot;shutter_speed&quot;:&quot;0&quot;,&quot;title&quot;:&quot;&quot;,&quot;orientation&quot;:&quot;0&quot;}\" data-image-title=\"10 08 2015 2\" data-image-description=\"\" data-image-caption=\"\" data-large-file=\"https:\/\/i0.wp.com\/cietsigubernamental.com\/blog\/wp-content\/uploads\/2015\/08\/30-6-2015-13.6.50-3.jpg?fit=622%2C295&amp;ssl=1\" class=\"alignnone size-full wp-image-128\" src=\"https:\/\/i0.wp.com\/cietsigubernamental.com\/blog\/wp-content\/uploads\/2015\/08\/30-6-2015-13.6.50-3.jpg?resize=622%2C295&#038;ssl=1\" alt=\"10 08 2015 2\" width=\"622\" height=\"295\" srcset=\"https:\/\/i0.wp.com\/cietsigubernamental.com\/blog\/wp-content\/uploads\/2015\/08\/30-6-2015-13.6.50-3.jpg?w=622&amp;ssl=1 622w, https:\/\/i0.wp.com\/cietsigubernamental.com\/blog\/wp-content\/uploads\/2015\/08\/30-6-2015-13.6.50-3.jpg?resize=300%2C142&amp;ssl=1 300w\" sizes=\"auto, (max-width: 622px) 100vw, 622px\" \/><\/p>\n<p>El primer paso es que los profesionales y los profesores trabajen juntos para reducir la brecha entre la educaci\u00f3n que tenemos y la educaci\u00f3n que necesitamos. El segundo paso es hacer que los estudiantes sean una parte integral de esta conversaci\u00f3n y sumergirles en el mundo real para que puedan obtener la informaci\u00f3n adecuada acerca de la educaci\u00f3n que pueden conseguir y lo que realmente necesita el mercado de trabajo.<\/p>\n<p>En lo positivo, los enfoques innovadores est\u00e1n surgiendo en diferentes rincones del mundo. En los Estados Unidos, el Programa de estudio de trabajo corporativo de la <a href=\"http:\/\/www.cristoreynetwork.org\/\">red de escuelas Cristo Rey<\/a>, ofrece, a los estudiantes de escasos recursos, acceso a una educaci\u00f3n de alta calidad, los equipa para financiar una parte de su educaci\u00f3n y les ayuda a ganar experiencia en el mundo real.<\/p>\n<p>Mientras tanto, en Finlandia, Tomi Alakoski y sus compa\u00f1eros co-fundaron <a href=\"http:\/\/www.wise-qatar.org\/me-and-mycity-finland\">Me &amp; My City<\/a>, un concepto de aprendizaje que crea una ciudad en miniatura para alumnos de sexto grado. Los alumnos representan diferentes roles, actuando como empleados, empresarios, solicitando puestos de trabajo, discutiendo los sistemas fiscales\u2026\u00a0 todo ello para desarrollar habilidades financieras y relacionadas con el trabajo.<\/p>\n<p>Movi\u00e9ndonos m\u00e1s hacia el Oriente Medio, <a href=\"http:\/\/www.injazalarab.org\/\">Injaz al Arab<\/a> est\u00e1 haciendo esfuerzos para resolver la severa brecha de habilidades que afecta a la regi\u00f3n MENA. La iniciativa conecta a los j\u00f3venes y a los l\u00edderes empresariales y profesionales que act\u00faan como maestros y mentores.<\/p>\n<p>Por inmersi\u00f3n de los alumnos en el mundo real, estos proyectos les ayudan a asumir riesgos, gestionar los resultados y a entender mejor sus futuras opciones profesionales.<\/p>\n<p>Por tanto, antes de ponerse a redise\u00f1ar un nuevo plan de estudios o decidir que las universidades y los programas corporativos son el \u00fanico medio para resolver las necesidades reales del mercado de trabajo, los profesores, los estudiantes y los empleadores tienen que conocer sus respectivos mundos.<\/p>\n<p>Para resolver el d\u00e9ficit de cualificaciones, tenemos que cerrar esta brecha de comunicaci\u00f3n.<\/p>\n<p>Autor: S\u00e9bastien Turbot es el Director de Contenidos y Programas en <a href=\"http:\/\/www.wise-qatar.org\/\" target=\"_blank\">WISE<\/a> (Cumbre Mundial de Innovaci\u00f3n para la Educaci\u00f3n), una iniciativa de la Fundaci\u00f3n Qatar.<\/p>\n<p>Para leer la entrevista en ingl\u00e9s, haz clic <a href=\"https:\/\/agenda.weforum.org\/2015\/06\/is-higher-education-equipping-young-people-for-the-jobs-market\/?utm_content=buffer0019d&amp;utm_medium=social&amp;utm_source=twitter.com&amp;utm_campaign=buffer\" target=\"_blank\">aqu\u00ed<\/a>.<\/p>\n","protected":false},"excerpt":{"rendered":"<div class=\"mh-excerpt\"><p>A nivel mundial, 73 millones de j\u00f3venes est\u00e1n buscando trabajo. Sin embargo, millones de vacantes quedan sin cubrir. En mayo de 2015 hab\u00eda cinco millones <a class=\"mh-excerpt-more\" href=\"https:\/\/cietsigubernamental.com\/blog\/esta-preparando-la-educacion-superior-a-los-jovenes-para-el-mercado-de-trabajo-126\/\" title=\"\u00bfEst\u00e1 preparando la educaci\u00f3n superior a los j\u00f3venes para el mercado de trabajo?\">[&#8230;]<\/a><\/p>\n<\/div>","protected":false},"author":1,"featured_media":130,"comment_status":"open","ping_status":"open","sticky":false,"template":"","format":"standard","meta":{"jetpack_post_was_ever_published":false,"_jetpack_newsletter_access":"","_jetpack_dont_email_post_to_subs":false,"_jetpack_newsletter_tier_id":0,"_jetpack_memberships_contains_paywalled_content":false,"_jetpack_memberships_contains_paid_content":false,"footnotes":"","jetpack_publicize_message":"","jetpack_publicize_feature_enabled":true,"jetpack_social_post_already_shared":false,"jetpack_social_options":{"image_generator_settings":{"template":"highway","default_image_id":0,"font":"","enabled":false},"version":2}},"categories":[1],"tags":[38,39,40,41,42,43,44,45,46,47,48],"class_list":["post-126","post","type-post","status-publish","format-standard","has-post-thumbnail","hentry","category-sin-categoria","tag-bachillerato","tag-creatividad","tag-diversidad","tag-educacion-global","tag-emprendimiento","tag-formacion-profesional","tag-jovenes","tag-primaria","tag-profesorado","tag-stem","tag-tendencias"],"jetpack_publicize_connections":[],"jetpack_featured_media_url":"https:\/\/i0.wp.com\/cietsigubernamental.com\/blog\/wp-content\/uploads\/2015\/08\/RTR4QCSW-628x330.jpg?fit=628%2C330&ssl=1","jetpack_sharing_enabled":true,"jetpack_shortlink":"https:\/\/wp.me\/p9RxCY-22","jetpack-related-posts":[],"_links":{"self":[{"href":"https:\/\/cietsigubernamental.com\/blog\/wp-json\/wp\/v2\/posts\/126","targetHints":{"allow":["GET"]}}],"collection":[{"href":"https:\/\/cietsigubernamental.com\/blog\/wp-json\/wp\/v2\/posts"}],"about":[{"href":"https:\/\/cietsigubernamental.com\/blog\/wp-json\/wp\/v2\/types\/post"}],"author":[{"embeddable":true,"href":"https:\/\/cietsigubernamental.com\/blog\/wp-json\/wp\/v2\/users\/1"}],"replies":[{"embeddable":true,"href":"https:\/\/cietsigubernamental.com\/blog\/wp-json\/wp\/v2\/comments?post=126"}],"version-history":[{"count":2,"href":"https:\/\/cietsigubernamental.com\/blog\/wp-json\/wp\/v2\/posts\/126\/revisions"}],"predecessor-version":[{"id":131,"href":"https:\/\/cietsigubernamental.com\/blog\/wp-json\/wp\/v2\/posts\/126\/revisions\/131"}],"wp:featuredmedia":[{"embeddable":true,"href":"https:\/\/cietsigubernamental.com\/blog\/wp-json\/wp\/v2\/media\/130"}],"wp:attachment":[{"href":"https:\/\/cietsigubernamental.com\/blog\/wp-json\/wp\/v2\/media?parent=126"}],"wp:term":[{"taxonomy":"category","embeddable":true,"href":"https:\/\/cietsigubernamental.com\/blog\/wp-json\/wp\/v2\/categories?post=126"},{"taxonomy":"post_tag","embeddable":true,"href":"https:\/\/cietsigubernamental.com\/blog\/wp-json\/wp\/v2\/tags?post=126"}],"curies":[{"name":"wp","href":"https:\/\/api.w.org\/{rel}","templated":true}]}}