{"id":1196,"date":"2020-04-07T22:18:49","date_gmt":"2020-04-07T22:18:49","guid":{"rendered":"https:\/\/cietsigubernamental.com\/blog\/?p=1196"},"modified":"2020-04-07T22:18:49","modified_gmt":"2020-04-07T22:18:49","slug":"2do-paquete-de-capacitaciones-gratuitas-virtuales-gubernamental","status":"publish","type":"post","link":"https:\/\/cietsigubernamental.com\/blog\/2do-paquete-de-capacitaciones-gratuitas-virtuales-gubernamental-1196\/","title":{"rendered":"2DO PAQUETE DE CAPACITACIONES GRATUITAS VIRTUALES (GUBERNAMENTAL)"},"content":{"rendered":"<p><strong>SEGUNDO PAQUETE DE CAPACITACIONES GRATUITAS VIRTUALES (GUBERNAMENTAL)<\/strong><\/p>\n<p><strong>ACCESO INMEDIATO AL CAMPUS VIRTUAL &#8211;\u00a0<\/strong><strong>4 CURSOS 100% VIRTUALES<\/strong><\/p>\n<p>Porque deseamos que sigas capacit\u00e1ndote desde la comodidad de tu hogar<\/p>\n<p>Te brindamos acceso gratuito a 4 cursos gubernamentales en la modalidad virtual<\/p>\n<p><strong>Capacitaciones que te permitir\u00e1n mejorar tu desempe\u00f1o como servidor p\u00fablico:<\/strong><\/p>\n<ul>\n<li>Curso 1: Gesti\u00f3n por procesos para el sector p\u00fablico<\/li>\n<li>Curso 2: Presupuesto por resultados con articulaci\u00f3n territorial<\/li>\n<li>Curso 3: Planeamiento estrat\u00e9gico en el \u00e1mbito de gobierno regional y local<\/li>\n<li>Curso 4: Derecho laboral<\/li>\n<\/ul>\n<p><strong>Requisitos para participar:<\/strong><\/p>\n<p>+ Llenar el formulario:\u00a0<a href=\"https:\/\/docs.google.com\/forms\/d\/e\/1FAIpQLSdKR3hsGPWP_ASjJHDsN6MLqfBUFKnjYhEf2Njs5RxtHPNdDg\/viewform\" target=\"_blank\" rel=\"noopener noreferrer\">bit.ly\/2dopaquetegratis<\/a><\/p>\n<p>+ Luego de llenar el formulario ingresa directamente al campus virtual:\u00a0<a href=\"https:\/\/institutocietsi.com\/p\/2dopaquetegratis\/\" target=\"_blank\" rel=\"noopener noreferrer\">https:\/\/institutocietsi.com\/p\/2dopaquetegratis\/<\/a><\/p>\n<p>+ Un representante Cietsi se comunicar\u00e1 contigo para orientarte en el acceso campus virtual<\/p>\n<p><strong>\u00a1\u00a1CERTIFICACI\u00d3N OPCIONAL!!<\/strong><\/p>\n<p><strong>Importante:<\/strong><\/p>\n<p>+ Las capacitaciones son virtuales offline, es decir puedes ver las grabaciones completas, acceso gratuito hasta el 19 de abril de 2020. Una vez que tengas acceso al campus virtual podr\u00e1s ingresar las veces que desees<\/p>\n<p>+ No incluye certificaci\u00f3n. Si desea certificarse puede solicitarlo a un costo de preventa, exoneramos las comisiones bancarias hasta el 19 de abril de 2020<\/p>\n<p><strong>Para mayor informaci\u00f3n:<\/strong><\/p>\n<p>+ Celular\/Whatsapp: 956272261, 968059963 (<a href=\"https:\/\/api.whatsapp.com\/send?phone=51956272261&amp;text=Hola,%20deseo%20informaci%C3%B3n%20del%202do%20paquete%20de%20cursos%20gratis\" target=\"_blank\" rel=\"noopener noreferrer\">bit.ly\/2dopaquetegratiswsp<\/a>)<\/p>\n<p>+ En caso desea certificarse, se recomienda por transferencia bancaria (<a href=\"http:\/\/cietsiperu.com\/forma-de-pago\" target=\"_blank\" rel=\"noopener noreferrer\">http:\/\/cietsiperu.com\/forma-de-pago<\/a>), aceptamos todas las tarjetas de cr\u00e9dito\/d\u00e9bito mediante PAYU<\/p>\n<p><em><strong>\u00a1\u00a1TU PREPARACI\u00d3N NO DEBE PARAR!!<\/strong><\/em><\/p>\n<p><em><strong>\u00a1\u00a1YO ME CAPACITO EN CASA!!<\/strong><\/em><\/p>\n<div class=\"widget-title\">\n<h3>Temario<\/h3>\n<\/div>\n<p><strong>CURSO 1:<\/strong><\/p>\n<p><strong>CURSO ESPECIALIZADO GESTI\u00d3N POR PROCESOS PARA EL SECTOR P\u00daBLICO<\/strong><\/p>\n<p>+ Antecedentes y Conceptos de la Gesti\u00f3n por Procesos.<\/p>\n<p>+ Contexto para el Desarrollo de la Gesti\u00f3n por Procesos.<\/p>\n<p>+ Medidas y an\u00e1lisis de los procesos.<\/p>\n<p>+ Herramientas \u00fatiles para efectuar el control de procesos.<\/p>\n<p>+ Mejora de los procesos para el desarrollo de servicios municipales y regionales.<\/p>\n<p>+ Gesti\u00f3n de la calidad y atenci\u00f3n al ciudadano, en las municipalidades y gobiernos regionales.<\/p>\n<p><strong>CURSO 2:<\/strong><\/p>\n<p><strong>CURSO ESPECIALIZADO PRESUPUESTO POR RESULTADOS CON ARTICULACI\u00d3N TERRITORIAL<\/strong><\/p>\n<p>+ Presupuesto P\u00fablico y su aplicaci\u00f3n en la gesti\u00f3n p\u00fablica municipal y regional.<\/p>\n<p>+ Sistema Nacional de Presupuesto P\u00fablico.<\/p>\n<p>+ Proceso Presupuestarios.<\/p>\n<p>+ Programaci\u00f3n Multianual.<\/p>\n<p>+ Formulaci\u00f3n.<\/p>\n<p>+ Aprobaci\u00f3n.<\/p>\n<p>+ Ejecuci\u00f3n.<\/p>\n<p>+ Evaluaci\u00f3n.<\/p>\n<p>+ Aspectos conceptuales y metodol\u00f3gicos de Presupuesto por Resultados seg\u00fan MEF (Programas Presupuestales) y su articulaci\u00f3n territorial.<\/p>\n<p>+ Elementos y Consideraciones para la gesti\u00f3n presupuestaria regional y local.<\/p>\n<p><strong>CURSO 3:<\/strong><\/p>\n<p><strong>CURSO ESPECIALIZADO PLANEAMIENTO ESTRAT\u00c9GICO EN EL \u00c1MBITO DE GOBIERNO REGIONAL Y LOCAL<\/strong><\/p>\n<p>+ Aspectos conceptuales y metodol\u00f3gicos de Planeamiento Estrat\u00e9gico seg\u00fan CEPLAN (An\u00e1lisis Prospectivo, Estrat\u00e9gico e Institucional).<\/p>\n<p>+ Planeamiento Sectorial y Territorial.<\/p>\n<p>+ Planeamiento Institucional.<\/p>\n<p>+ Desarrollo de Planes (PEDN, PESEM, PDC Regional y Local, PEI, POI).<\/p>\n<p>+ Plan de Desarrollo Local Concertado a nivel Regional, Provincial y Distrital.<\/p>\n<p>+ Plan Estrat\u00e9gico Institucional.<\/p>\n<p>+ Plan Operativo Institucional.<\/p>\n<p>+ Articulaci\u00f3n del Planeamiento con otros instrumentos de gesti\u00f3n.<\/p>\n<p><strong>CURSO 4:<\/strong><\/p>\n<p><strong>CURSO ESPECIALIZADO DERECHO LABORAL<\/strong><\/p>\n<p>+ Los principios del derecho del trabajo.<\/p>\n<p>+ Contrato de trabajo: Elementos esenciales y modelos contractuales.<\/p>\n<p>+ Contrataci\u00f3n mediante intermediaci\u00f3n laboral.<\/p>\n<p>+ Planeamiento de costos laborales.<\/p>\n<p>+ Extinci\u00f3n de la relaci\u00f3n laboral.<\/p>\n<p><strong>CERTIFICACI\u00d3N OPCIONAL:<\/strong><\/p>\n<p><strong>CURSO 1: CURSO ESPECIALIZADO GESTI\u00d3N POR PROCESOS PARA EL SECTOR P\u00daBLICO<\/strong>, equivalente a 50 horas lectivas, 3 cr\u00e9ditos: S\/ 50 Soles.<\/p>\n<p>A nombre del Centro de Altos Estudios Cietsi.<\/p>\n<p><strong>CURSO 2: CURSO ESPECIALIZADO PRESUPUESTO POR RESULTADOS CON ARTICULACI\u00d3N TERRITORIAL<\/strong>, equivalente a 50 horas lectivas, 3 cr\u00e9ditos: S\/ 50 Soles.<\/p>\n<p>A nombre del Centro de Altos Estudios Cietsi.<\/p>\n<p><strong>CURSO 3: CURSO ESPECIALIZADO PLANEAMIENTO ESTRAT\u00c9GICO EN EL \u00c1MBITO DE GOBIERNO REGIONAL Y LOCAL<\/strong>, equivalente a 50 horas lectivas, 3 cr\u00e9ditos: S\/ 50 Soles.<\/p>\n<p>A nombre del Centro de Altos Estudios Cietsi.<\/p>\n<p><strong>CURSO 4: CURSO ESPECIALIZADO DERECHO LABORAL<\/strong>, equivalente a 50 horas lectivas, 3 cr\u00e9ditos: S\/ 50 Soles.<\/p>\n<p>A nombre del Centro de Altos Estudios Cietsi.<\/p>\n<p><strong>IMPORTANTE:<\/strong>\u00a0Puedes certificarte en cualquiera de los cursos anteriores con la Escuela de Posgrado de la Universidad Nacional de Trujillo, adicionando S\/ 50 Soles.<\/p>\n<p><strong><em>\u00a1\u00a1CONSULTA DESCUENTOS SI DESEAS CERTIFICARTE EN M\u00c1S DE DOS CURSOS!!<\/em><\/strong><\/p>\n<p><strong>Informes y consultas:<\/strong><\/p>\n<p>(074) 637020, (073) 630855, WhatsApp: 968059963, 956272261, informes@cietsiperu.com, www.cietsiperu.com<\/p>\n","protected":false},"excerpt":{"rendered":"<div class=\"mh-excerpt\"><p>SEGUNDO PAQUETE DE CAPACITACIONES GRATUITAS VIRTUALES (GUBERNAMENTAL) ACCESO INMEDIATO AL CAMPUS VIRTUAL &#8211;\u00a04 CURSOS 100% VIRTUALES Porque deseamos que sigas capacit\u00e1ndote desde la comodidad de <a class=\"mh-excerpt-more\" href=\"https:\/\/cietsigubernamental.com\/blog\/2do-paquete-de-capacitaciones-gratuitas-virtuales-gubernamental-1196\/\" title=\"2DO PAQUETE DE CAPACITACIONES GRATUITAS VIRTUALES (GUBERNAMENTAL)\">[&#8230;]<\/a><\/p>\n<\/div>","protected":false},"author":1,"featured_media":1197,"comment_status":"open","ping_status":"open","sticky":false,"template":"","format":"standard","meta":{"jetpack_post_was_ever_published":false,"_jetpack_newsletter_access":"","_jetpack_dont_email_post_to_subs":false,"_jetpack_newsletter_tier_id":0,"_jetpack_memberships_contains_paywalled_content":false,"_jetpack_memberships_contains_paid_content":false,"footnotes":"","jetpack_publicize_message":"","jetpack_publicize_feature_enabled":true,"jetpack_social_post_already_shared":true,"jetpack_social_options":{"image_generator_settings":{"template":"highway","default_image_id":0,"font":"","enabled":false},"version":2}},"categories":[2,5,59,24,70,1],"tags":[],"class_list":["post-1196","post","type-post","status-publish","format-standard","has-post-thumbnail","hentry","category-actualidad","category-cursos-talleres-cietsi","category-cursos-talleres-gratuitos","category-gestion-publica","category-gubernamental","category-sin-categoria"],"jetpack_publicize_connections":[],"jetpack_featured_media_url":"https:\/\/i0.wp.com\/cietsigubernamental.com\/blog\/wp-content\/uploads\/2020\/04\/CURSOS-VIRTUALES-GRATUITOS-GUBERNAMENTAL-2.jpg?fit=963%2C543&ssl=1","jetpack_sharing_enabled":true,"jetpack_shortlink":"https:\/\/wp.me\/p9RxCY-ji","jetpack-related-posts":[],"_links":{"self":[{"href":"https:\/\/cietsigubernamental.com\/blog\/wp-json\/wp\/v2\/posts\/1196","targetHints":{"allow":["GET"]}}],"collection":[{"href":"https:\/\/cietsigubernamental.com\/blog\/wp-json\/wp\/v2\/posts"}],"about":[{"href":"https:\/\/cietsigubernamental.com\/blog\/wp-json\/wp\/v2\/types\/post"}],"author":[{"embeddable":true,"href":"https:\/\/cietsigubernamental.com\/blog\/wp-json\/wp\/v2\/users\/1"}],"replies":[{"embeddable":true,"href":"https:\/\/cietsigubernamental.com\/blog\/wp-json\/wp\/v2\/comments?post=1196"}],"version-history":[{"count":1,"href":"https:\/\/cietsigubernamental.com\/blog\/wp-json\/wp\/v2\/posts\/1196\/revisions"}],"predecessor-version":[{"id":1198,"href":"https:\/\/cietsigubernamental.com\/blog\/wp-json\/wp\/v2\/posts\/1196\/revisions\/1198"}],"wp:featuredmedia":[{"embeddable":true,"href":"https:\/\/cietsigubernamental.com\/blog\/wp-json\/wp\/v2\/media\/1197"}],"wp:attachment":[{"href":"https:\/\/cietsigubernamental.com\/blog\/wp-json\/wp\/v2\/media?parent=1196"}],"wp:term":[{"taxonomy":"category","embeddable":true,"href":"https:\/\/cietsigubernamental.com\/blog\/wp-json\/wp\/v2\/categories?post=1196"},{"taxonomy":"post_tag","embeddable":true,"href":"https:\/\/cietsigubernamental.com\/blog\/wp-json\/wp\/v2\/tags?post=1196"}],"curies":[{"name":"wp","href":"https:\/\/api.w.org\/{rel}","templated":true}]}}